{"id":1551,"date":"2019-12-19T13:03:00","date_gmt":"2019-12-19T13:03:00","guid":{"rendered":"https:\/\/www.bfv.cloud\/ajedrezeuropa\/index.php\/2019\/12\/19\/el-torneo-de-navidad-ajedrez-por-la-igualdad-se-celebrara-el-sabado-4-de-enero-de-2020\/"},"modified":"2025-11-20T10:34:14","modified_gmt":"2025-11-20T10:34:14","slug":"el-torneo-de-navidad-ajedrez-por-la-igualdad-se-celebrara-el-sabado-4-de-enero-de-2020","status":"publish","type":"post","link":"https:\/\/www.bfv.cloud\/ajedrezeuropa\/el-torneo-de-navidad-ajedrez-por-la-igualdad-se-celebrara-el-sabado-4-de-enero-de-2020\/","title":{"rendered":"EL TORNEO DE NAVIDAD AJEDREZ POR LA IGUALDAD SE CELEBRAR\u00c1 EL S\u00c1BADO 4 DE ENERO DE 2020"},"content":{"rendered":"<div class=\"separator\" style=\"clear: both;text-align: center\">\n<a href=\"https:\/\/www.bfv.cloud\/ajedrezeuropa\/wp-content\/uploads\/2019\/12\/TORNEOIGUALDAD2019.jpg\" style=\"clear: left;float: left;margin-bottom: 1em;margin-right: 1em\"><img fetchpriority=\"high\" decoding=\"async\" border=\"0\" data-original-height=\"1600\" data-original-width=\"1125\" height=\"640\" src=\"https:\/\/blogger.googleusercontent.com\/img\/b\/R29vZ2xl\/AVvXsEiLyPUr5t0RtdIvYLI_qHbYPJ8HyMgerFmIoY3ga2CNDdKGpOseaejgtrlmNg66fMLN_Jtgih7M5GznpvB7Hz7_3hIHz9zXxJQ4A6c7GlqYzmSUMiMGfV3jxk65or0s8qrIIkwvzO5yNio\/s640\/TORNEO+IGUALDAD+2019.jpg\" width=\"450\" \/><\/a><\/div>\n<p><span style=\", sans-serif;font-size: large\"><b><br \/><\/b><\/span><br \/>\n<span style=\", sans-serif;font-size: large\"><b><br \/><\/b><\/span><br \/>\n<span style=\", sans-serif;font-size: large\"><b><br \/><\/b><\/span><br \/>\n<span style=\", sans-serif;font-size: large\"><b>El XV torneo de Navidad \u00abAjedrez por la Igualdad\u00bb tendr\u00e1 lugar el s\u00e1bado, 4 de enero de 2020, a las 10 de la ma\u00f1ana, en el sal\u00f3n de actos de la casa de la cultura de Villafranca de los Caballeros. Los 8 trofeos que componen los premios se repartir\u00e1n entre la categor\u00eda absoluta y la sub-12 a raz\u00f3n de 2 masculinos y 2 femeninos por cada una de ellas.<\/b><\/span><br \/>\n<span style=\", sans-serif;font-size: large\"><b><br \/><\/b><\/span><br \/>\n<span style=\", sans-serif;font-size: large\"><b><br \/><\/b><\/span><br \/>\n<b style=\", sans-serif\"><span style=\"font-size: large\">Las inscripciones deben realizarse a trav\u00e9s del correo electr\u00f3nico:&nbsp;<a href=\"mailto:felixtoribio@nuestroajedrezeneuropa.com\">felixtoribio@nuestroajedrezeneuropa.com<\/a>&nbsp;<\/span><\/b><br \/>\n<span style=\", sans-serif;font-size: large\"><b>Otras caracter\u00edsticas del torneo:<\/b><\/span><br \/>\n<span style=\", sans-serif;font-size: large\"><b>&#8211; Sistema suizo individual<\/b><\/span><br \/>\n<span style=\", sans-serif;font-size: large\"><b>&#8211; N\u00ba rondas: 6<\/b><\/span><br \/>\n<span style=\", sans-serif;font-size: large\"><b>&#8211; Ritmo de juego: 15 minutos por jugador + 5 segundos de incremento por movimiento.<\/b><\/span><br \/>\n<span style=\", sans-serif;font-size: large\"><b>Aqu\u00ed dejamos las bases del torneo:<\/b><\/span><\/p>\n<div class=\"separator\" style=\"clear: both;text-align: center\">\n<a href=\"https:\/\/www.bfv.cloud\/ajedrezeuropa\/wp-content\/uploads\/2019\/12\/BASESDELXVTORNEOAJEDREZPORLAIGUALDAD2019.jpg\" style=\"margin-left: 1em;margin-right: 1em\"><img decoding=\"async\" border=\"0\" data-original-height=\"1600\" data-original-width=\"1131\" height=\"640\" src=\"https:\/\/blogger.googleusercontent.com\/img\/b\/R29vZ2xl\/AVvXsEi1pFAjLtwFmnc4V1kWBtmXcvYqoZVkDzr1ehTx-Rh7HFoqopQC6YqiT-EXKi2wN3b1rII8crGEPzce2yBDWuM_a_w-dKMHV0zggaHgd8gDNSBnuhyphenhyphen3ZvaTd3R6n4mTiyVfhS9LiFNjHy0\/s640\/BASES+DEL+XV+TORNEO+AJEDREZ+POR+LA+IGUALDAD+2019.jpg\" width=\"450\" \/><\/a><\/div>\n<p><span style=\", sans-serif;font-size: large\"><b><br \/><\/b><\/span><\/p>\n","protected":false},"excerpt":{"rendered":"<p>El XV torneo de Navidad \u00abAjedrez por la Igualdad\u00bb tendr\u00e1 lugar el s\u00e1bado, 4 de enero de 2020, a las 10 de la ma\u00f1ana, en el sal\u00f3n de actos de la casa de la cultura de Villafranca de los Caballeros. Los 8 trofeos que componen los premios se repartir\u00e1n entre la categor\u00eda absoluta y la [&hellip;]<\/p>\n","protected":false},"author":1,"featured_media":1552,"comment_status":"open","ping_status":"closed","sticky":false,"template":"","format":"standard","meta":{"footnotes":""},"categories":[1],"tags":[],"class_list":["post-1551","post","type-post","status-publish","format-standard","has-post-thumbnail","hentry","category-noticias"],"_links":{"self":[{"href":"https:\/\/www.bfv.cloud\/ajedrezeuropa\/wp-json\/wp\/v2\/posts\/1551","targetHints":{"allow":["GET"]}}],"collection":[{"href":"https:\/\/www.bfv.cloud\/ajedrezeuropa\/wp-json\/wp\/v2\/posts"}],"about":[{"href":"https:\/\/www.bfv.cloud\/ajedrezeuropa\/wp-json\/wp\/v2\/types\/post"}],"author":[{"embeddable":true,"href":"https:\/\/www.bfv.cloud\/ajedrezeuropa\/wp-json\/wp\/v2\/users\/1"}],"replies":[{"embeddable":true,"href":"https:\/\/www.bfv.cloud\/ajedrezeuropa\/wp-json\/wp\/v2\/comments?post=1551"}],"version-history":[{"count":1,"href":"https:\/\/www.bfv.cloud\/ajedrezeuropa\/wp-json\/wp\/v2\/posts\/1551\/revisions"}],"predecessor-version":[{"id":1554,"href":"https:\/\/www.bfv.cloud\/ajedrezeuropa\/wp-json\/wp\/v2\/posts\/1551\/revisions\/1554"}],"wp:featuredmedia":[{"embeddable":true,"href":"https:\/\/www.bfv.cloud\/ajedrezeuropa\/wp-json\/wp\/v2\/media\/1552"}],"wp:attachment":[{"href":"https:\/\/www.bfv.cloud\/ajedrezeuropa\/wp-json\/wp\/v2\/media?parent=1551"}],"wp:term":[{"taxonomy":"category","embeddable":true,"href":"https:\/\/www.bfv.cloud\/ajedrezeuropa\/wp-json\/wp\/v2\/categories?post=1551"},{"taxonomy":"post_tag","embeddable":true,"href":"https:\/\/www.bfv.cloud\/ajedrezeuropa\/wp-json\/wp\/v2\/tags?post=1551"}],"curies":[{"name":"wp","href":"https:\/\/api.w.org\/{rel}","templated":true}]}}