{"id":1555,"date":"2022-12-05T09:18:00","date_gmt":"2022-12-05T09:18:00","guid":{"rendered":"https:\/\/www.bfv.cloud\/ajedrezeuropa\/index.php\/2022\/12\/05\/xiv-concentracion-de-navidad\/"},"modified":"2025-11-20T10:34:51","modified_gmt":"2025-11-20T10:34:51","slug":"xiv-concentracion-de-navidad","status":"publish","type":"post","link":"https:\/\/www.bfv.cloud\/ajedrezeuropa\/xiv-concentracion-de-navidad\/","title":{"rendered":"XIV CONCENTRACI\u00d3N DE NAVIDAD"},"content":{"rendered":"<p>&nbsp;<\/p>\n<div class=\"separator\" style=\"clear: both;text-align: center\"><a href=\"https:\/\/www.bfv.cloud\/ajedrezeuropa\/wp-content\/uploads\/2022\/12\/CARTEL20CONCENTRACIC393N202022-scaled.jpg\" style=\"clear: left;float: left;margin-bottom: 1em;margin-right: 1em\"><img fetchpriority=\"high\" decoding=\"async\" border=\"0\" data-original-height=\"3523\" data-original-width=\"3184\" height=\"400\" src=\"https:\/\/blogger.googleusercontent.com\/img\/b\/R29vZ2xl\/AVvXsEjiq21DHKt52_Xr1_ARnmItB7uQQi6Y7ApnKAwz8owjiRKDdjgkZOdn_VkeIpVkmENq2_yA9M0hs9m4z1KiLD_pAJxSL5CrJvSYg4ZtG7C5YsX1GWMMqDeExCWSJNIBDz4bjjdKFpuknFvN8cdIMxyeW6IIOVfy9GDlRvjgB_tvyGQrnyFaQEHaKGCg\/w361-h400\/CARTEL%20CONCENTRACI%C3%93N%202022.jpg\" width=\"361\" \/><\/a><\/div>\n<p><span style=\"font-family: georgia;font-size: large\">Los pr\u00f3ximos d\u00edas 26, 27 y 28 de diciembre se celebrar\u00e1 una nueva edici\u00f3n de la Concentraci\u00f3n de Navidad, enmarcada dentro de las actividades formativas del proyecto Nuestro Ajedrez en Europa. La casa de la cultura Juan Calder\u00f3n de Villafranca de los Caballeros acoger\u00e1 las clases de los distintos grupos formativos en jornadas de ma\u00f1ana y tarde. Para mayor informaci\u00f3n se puede consultar el d\u00edptico informativo que publicamos a continuaci\u00f3n.<\/span><\/p>\n<p><\/p>\n<div class=\"separator\" style=\"clear: both;text-align: center\"><a href=\"https:\/\/www.bfv.cloud\/ajedrezeuropa\/wp-content\/uploads\/2022\/12\/TRIPTICO20NAVIDAD20202220INTERIOR-scaled.jpg\" style=\"margin-left: 1em;margin-right: 1em\"><img decoding=\"async\" border=\"0\" data-original-height=\"2430\" data-original-width=\"3525\" height=\"442\" src=\"https:\/\/blogger.googleusercontent.com\/img\/b\/R29vZ2xl\/AVvXsEiE6uu_ACOMJ3IbZGGUxTjjoHU_RipI2RADepwfjMkH82KNVaDhCz8ggHzjNRq3c4MfP-l2ao5CtJEUbXvajXGGdN7JeIWCXjYtioCuT_8Cfn9U7OB6Ae3dCk1ZUNz34WUd4JX6uvCHMrAycaMJe1_Y-CGkSSVPcT64Hts1EAkGzKNMFjZhulLqVbns\/w640-h442\/TRIPTICO%20NAVIDAD%202022%20INTERIOR.jpg\" width=\"640\" \/><\/a><\/div>\n<p><\/p>\n<p><span style=\"font-family: georgia;font-size: large\">La Concentraci\u00f3n est\u00e1 abierta a la participaci\u00f3n de chicos y chicas de 5 a 18 a\u00f1os de edad, que sean alumnos de las escuelas de ajedrez de Alc\u00e1zar de San Juan y Villafranca de los Caballeros. En esta ocasi\u00f3n, se permite la participaci\u00f3n de un grupo de 5 alumnos no inscritos en ninguna de estas dos escuelas. Las condiciones de inscripci\u00f3n y horarios de clases se pueden consultar en la informaci\u00f3n publicada arriba. Las cuotas de inscripci\u00f3n est\u00e1n subvencionadas por los ayuntamientos de Alc\u00e1zar y Villafranca, siendo de 15 \u20ac para alumnos de de ambas escuelas y de 30 \u20ac para el resto de participantes.<\/span><\/p>\n<p><span style=\"font-family: georgia;font-size: large\">Para mayor informaci\u00f3n escribir a:&nbsp;<\/span><\/p>\n<p><span style=\"font-family: georgia;font-size: large\"><a href=\"mailto:felixtoribio@nuestroajedrezeneuropa.com\" target=\"_blank\">felixtoribio@nuestroajedrezeneuropa.com<\/a><br \/><\/span><\/p>\n<div class=\"separator\" style=\"clear: both;text-align: center\"><a href=\"https:\/\/www.bfv.cloud\/ajedrezeuropa\/wp-content\/uploads\/2022\/12\/TRIPTICO20NAVIDAD20202220EXTERIOR-scaled.jpg\" style=\"margin-left: 1em;margin-right: 1em\"><img decoding=\"async\" border=\"0\" data-original-height=\"2430\" data-original-width=\"3525\" height=\"442\" src=\"https:\/\/blogger.googleusercontent.com\/img\/b\/R29vZ2xl\/AVvXsEjD1hb3TKdaGQW93jN7rHRFbcbq3Y7q0nhpUfa71pweosWFIDz_wxd9fC2zNviykzbVjhYVOSTspdIFpUDingYThmbxUfYVKRJKYcMLsQr83CeSofnXSGCAqmxa9wGmqs7NyZkG1ZvEe3RBgvc63rCndWRCYbN_MmODSV81zPSvizVXmDFe1P1o1SGQ\/w640-h442\/TRIPTICO%20NAVIDAD%202022%20EXTERIOR.jpg\" width=\"640\" \/><\/a><\/div>\n<p><\/p>\n<p><\/p>\n","protected":false},"excerpt":{"rendered":"<p>&nbsp; Los pr\u00f3ximos d\u00edas 26, 27 y 28 de diciembre se celebrar\u00e1 una nueva edici\u00f3n de la Concentraci\u00f3n de Navidad, enmarcada dentro de las actividades formativas del proyecto Nuestro Ajedrez en Europa. La casa de la cultura Juan Calder\u00f3n de Villafranca de los Caballeros acoger\u00e1 las clases de los distintos grupos formativos en jornadas de [&hellip;]<\/p>\n","protected":false},"author":1,"featured_media":1556,"comment_status":"open","ping_status":"closed","sticky":false,"template":"","format":"standard","meta":{"footnotes":""},"categories":[1],"tags":[],"class_list":["post-1555","post","type-post","status-publish","format-standard","has-post-thumbnail","hentry","category-noticias"],"_links":{"self":[{"href":"https:\/\/www.bfv.cloud\/ajedrezeuropa\/wp-json\/wp\/v2\/posts\/1555","targetHints":{"allow":["GET"]}}],"collection":[{"href":"https:\/\/www.bfv.cloud\/ajedrezeuropa\/wp-json\/wp\/v2\/posts"}],"about":[{"href":"https:\/\/www.bfv.cloud\/ajedrezeuropa\/wp-json\/wp\/v2\/types\/post"}],"author":[{"embeddable":true,"href":"https:\/\/www.bfv.cloud\/ajedrezeuropa\/wp-json\/wp\/v2\/users\/1"}],"replies":[{"embeddable":true,"href":"https:\/\/www.bfv.cloud\/ajedrezeuropa\/wp-json\/wp\/v2\/comments?post=1555"}],"version-history":[{"count":1,"href":"https:\/\/www.bfv.cloud\/ajedrezeuropa\/wp-json\/wp\/v2\/posts\/1555\/revisions"}],"predecessor-version":[{"id":1559,"href":"https:\/\/www.bfv.cloud\/ajedrezeuropa\/wp-json\/wp\/v2\/posts\/1555\/revisions\/1559"}],"wp:featuredmedia":[{"embeddable":true,"href":"https:\/\/www.bfv.cloud\/ajedrezeuropa\/wp-json\/wp\/v2\/media\/1556"}],"wp:attachment":[{"href":"https:\/\/www.bfv.cloud\/ajedrezeuropa\/wp-json\/wp\/v2\/media?parent=1555"}],"wp:term":[{"taxonomy":"category","embeddable":true,"href":"https:\/\/www.bfv.cloud\/ajedrezeuropa\/wp-json\/wp\/v2\/categories?post=1555"},{"taxonomy":"post_tag","embeddable":true,"href":"https:\/\/www.bfv.cloud\/ajedrezeuropa\/wp-json\/wp\/v2\/tags?post=1555"}],"curies":[{"name":"wp","href":"https:\/\/api.w.org\/{rel}","templated":true}]}}