{"id":1564,"date":"2015-08-23T17:19:00","date_gmt":"2015-08-23T17:19:00","guid":{"rendered":"https:\/\/www.bfv.cloud\/ajedrezeuropa\/index.php\/2015\/08\/23\/campeonato-de-castilla-la-mancha-por-equipos-sub-16\/"},"modified":"2025-11-20T10:34:55","modified_gmt":"2025-11-20T10:34:55","slug":"campeonato-de-castilla-la-mancha-por-equipos-sub-16","status":"publish","type":"post","link":"https:\/\/www.bfv.cloud\/ajedrezeuropa\/campeonato-de-castilla-la-mancha-por-equipos-sub-16\/","title":{"rendered":"CAMPEONATO DE CASTILLA\/LA MANCHA POR EQUIPOS SUB-16"},"content":{"rendered":"<div class=\"separator\" style=\"clear: both;text-align: center\">\n<a href=\"https:\/\/www.bfv.cloud\/ajedrezeuropa\/wp-content\/uploads\/2015\/08\/FOTOCLUBESNUESTROAJEDREZ.jpg\" style=\"clear: left;float: left;margin-bottom: 1em;margin-right: 1em\"><img fetchpriority=\"high\" decoding=\"async\" border=\"0\" height=\"300\" src=\"https:\/\/blogger.googleusercontent.com\/img\/b\/R29vZ2xl\/AVvXsEgog7QPlhmfKONqPwjdpOUrdOJnbjbujf_clD0WIFuHyIIoktOx4PNtMMEgy7dlxELNhJ4lQjf_Y48tygSqU85O0I9tuimzoptdCSDBfQU09NTuAlm2kJkNSKhGZky8ZpIg66efKH1aazQ\/s400\/FOTO+CLUBES+NUESTRO+AJEDREZ.jpg\" width=\"400\" \/><\/a><\/div>\n<div class=\"MsoBodyText\">\n<span style=\"font-family: Georgia, Times New Roman, serif\">La<br \/>\nResidencia Universitaria Benjam\u00edn Palencia de Albacete albergar\u00e1, en poco m\u00e1s<br \/>\nde una semana, la sexta edici\u00f3n del <b>Campeonato Regional por Equipos de Club<\/b><br \/>\nde la categor\u00eda <b>sub-16<\/b>. Del jueves 3 al domingo 6 de septiembre, los<br \/>\nclubes de ajedrez m\u00e1s fuertes de Castilla\/La Mancha medir\u00e1n las capacidades<br \/>\nestrat\u00e9gicas y t\u00e1cticas de sus jugadores de hasta 16 a\u00f1os de edad, dentro de<br \/>\nuno de los campeonatos m\u00e1s abiertos e interesantes del calendario auton\u00f3mico. La<br \/>\npresencia asegurada de equipos con la experiencia y potencial de <b>ALMANSA<\/b><br \/>\no <b>TOMELLOSO<\/b>, acompa\u00f1ados de otros en pleno crecimiento como <b>NUESTRO<br \/>\nAJEDREZ EN EUROPA<\/b>, permite pensar en una competici\u00f3n muy atractiva y<br \/>\ndisputada. Estos 3 clubes, respectivos campeones provinciales de Albacete,<br \/>\nCiudad Real y Toledo, m\u00e1s <b>UNED<\/b> de <b>Guadalajara<\/b>, as\u00ed como otros que<br \/>\nacudir\u00e1n en modalidad open al permitirse esta circunstancia por primera vez, forman<br \/>\nun total provisional de 9 participantes. Dentro de esta \u00faltima categor\u00eda, los<br \/>\nclubes que asisten como open por voluntad y con financiaci\u00f3n propia, cabe<br \/>\ndestacar a los toledanos de <b>NUESTRO AJEDREZ POR LA IGUALDAD <\/b>y <b>BARGAS<\/b>,<br \/>\ny a los<b> <\/b>albacete\u00f1os de <b>PARQUE SUR,<\/b> <b>ATENEO y LA RODA<\/b>.<\/span>&nbsp;<\/div>\n<h5>\n<span style=\"font-family: Georgia, Times New Roman, serif\"><u>Los dos clubes del proyecto participar\u00e1n en este campeonato<\/u><\/span><span style=\"text-align: justify\">&nbsp;<\/span><\/h5>\n<div class=\"MsoNormal\" style=\"text-align: justify\">\n<span style=\"font-family: Georgia, Times New Roman, serif\">Va<br \/>\na ser la primera ocasi\u00f3n en la que los dos clubes de nuestro proyecto coincidan<br \/>\nen esta competici\u00f3n regional. Para el equipo de <b>\u201cEUROPA\u201d<\/b> ser\u00e1 su quinto campeonato, destacando sus anteriores 2<br \/>\nt\u00edtulos regionales y un 2\u00ba puesto, mientras que para la <b>\u201cIGUALDAD\u201d <\/b>supondr\u00e1 su primera experiencia en un torneo que siempre<br \/>\nhab\u00eda estado limitado a la presencia de los campeones y subcampeones<br \/>\nprovinciales. Han sido los responsables t\u00e9cnicos de NUESTRO AJEDREZ EN EUROPA<br \/>\nlos que han querido ofrecer una nueva experiencia al jovenc\u00edsimo equipo de la <b>\u201cIGUALDAD\u201d, <\/b>aprovechando la compa\u00f1\u00eda<br \/>\ndel otro club del proyecto como campe\u00f3n de Toledo. El orden de fuerza con el<br \/>\nque se presenta cada uno de nuestros equipos es:<\/span><span style=\"font-family: Georgia, 'Times New Roman', serif\">&nbsp;<\/span><\/div>\n<h3>\n<b><span style=\"font-family: Georgia, Times New Roman, serif\">CLUB NUESTRO AJEDREZ EN EUROPA<\/span><\/b><\/h3>\n<div align=\"center\" class=\"MsoNormal\" style=\"text-align: center\">\n<b><span style=\"font-family: Georgia, Times New Roman, serif\">1.- Javier<br \/>\nValdepe\u00f1as Octavio<\/span><\/b><\/div>\n<div align=\"center\" class=\"MsoNormal\" style=\"text-align: center\">\n<b><span style=\"font-family: Georgia, Times New Roman, serif\">2.- Irene Sim\u00f3n<br \/>\nEscalona<\/span><\/b><\/div>\n<div align=\"center\" class=\"MsoNormal\" style=\"text-align: center\">\n<b><span style=\"font-family: Georgia, Times New Roman, serif\">3.- Roberto L\u00f3pez<br \/>\nN\u00fa\u00f1ez<\/span><\/b><\/div>\n<div align=\"center\" class=\"MsoNormal\" style=\"text-align: center\">\n<b><span style=\"font-family: Georgia, Times New Roman, serif\">4.- Marta Espinosa<br \/>\nGil<\/span><\/b><\/div>\n<div align=\"center\" class=\"MsoNormal\" style=\"text-align: center\">\n<b><span style=\"font-family: Georgia, Times New Roman, serif\">5.- Julio M\u00e9rida<br \/>\nOrtiz<\/span><\/b><\/div>\n<div align=\"center\" class=\"MsoNormal\" style=\"text-align: center\">\n<span style=\"font-family: Georgia, Times New Roman, serif\">Delegado: Daniel<br \/>\nP\u00edriz Fern\u00e1ndez<\/span><b><span style=\"font-family: Georgia, Times New Roman, serif\">&nbsp;<\/span><\/b><\/div>\n<h3>\n<b><span style=\"font-family: Georgia, Times New Roman, serif\">CLUB NUESTRO AJEDREZ POR LA IGUALDAD<\/span><\/b><\/h3>\n<div align=\"center\" class=\"MsoNormal\" style=\"text-align: center\">\n<b><span style=\"font-family: Georgia, Times New Roman, serif\">1.- Alonso L\u00f3pez<br \/>\nN\u00fa\u00f1ez<\/span><\/b><\/div>\n<div align=\"center\" class=\"MsoNormal\" style=\"text-align: center\">\n<b><span style=\"font-family: Georgia, Times New Roman, serif\">2.- Enrique<br \/>\nVelasco Aragon\u00e9s<\/span><\/b><\/div>\n<div align=\"center\" class=\"MsoNormal\" style=\"text-align: center\">\n<b><span style=\"font-family: Georgia, Times New Roman, serif\">3.- Isabel<br \/>\nMarcos-Alberca Lizcano<\/span><\/b><\/div>\n<div align=\"center\" class=\"MsoNormal\" style=\"text-align: center\">\n<b><span style=\"font-family: Georgia, Times New Roman, serif\">4.- Nuria Lozano<br \/>\nSerrano<\/span><\/b><\/div>\n<div align=\"center\" class=\"MsoNormal\" style=\"text-align: center\">\n<b><span style=\"font-family: Georgia, Times New Roman, serif\">5.- Mar\u00eda Oliver<br \/>\nRopero<\/span><\/b><\/div>\n<div align=\"center\" class=\"MsoNormal\" style=\"text-align: center\">\n<span style=\"font-family: Georgia, Times New Roman, serif\">Delegada: Silvia<br \/>\nToribio Camu\u00f1as<\/span><span style=\"font-family: Georgia, 'Times New Roman', serif\">&nbsp;<\/span><\/div>\n<h5>\n<span style=\"font-family: Georgia, Times New Roman, serif\"><u>Una temporada de grandes retos<\/u><\/span><span style=\"font-family: Georgia, 'Times New Roman', serif\">&nbsp;<\/span><\/h5>\n<div class=\"MsoNormal\">\n<span style=\"font-family: Georgia, Times New Roman, serif\">Recordemos<br \/>\nque la temporada 2015 ha servido para que nuestros clubes hayan disputado m\u00e1s<br \/>\ncompeticiones por equipos que en ninguna anterior. Estuvimos con 6 equipos en<br \/>\nel Provincial Absoluto de Toledo, consiguiendo el t\u00edtulo de campe\u00f3n, lo que<br \/>\npropici\u00f3 la participaci\u00f3n en el Regional Absoluto quedando 10\u00ba clasificados.<br \/>\nTambi\u00e9n en la categor\u00eda sub-16 por equipos de Toledo pudieron jugar nuestros 2<br \/>\nclubes, logrando un nuevo t\u00edtulo de campe\u00f3n. Ahora, este regional sub-16<br \/>\ncontar\u00e1 con los 2 clubes, en lo que es el mayor esfuerzo deportivo y financiero<br \/>\nque hemos desarrollado desde el nacimiento del proyecto. Adem\u00e1s, estamos muy<br \/>\norgullosos de poder adelantar la participaci\u00f3n de los equipos sub-16 de <b>NUESTRO AJEDREZ EN EUROPA<\/b> y de <b>NUESTRO AJEDREZ POR LA IGUALDAD <\/b>en el<br \/>\nCECLUB que se disputar\u00e1 en Benidorm del 5 al 8 de diciembre. El est\u00edmulo de la<br \/>\ncompetici\u00f3n debe ser un aliciente para el trabajo y la mejora de nuestros<br \/>\nchicos y chicas.<\/span><span style=\"font-family: Georgia, 'Times New Roman', serif\">&nbsp;<\/span><\/div>\n<p><\/p>\n<div class=\"MsoBodyText3\">\n<span style=\"font-family: Georgia, Times New Roman, serif\">Este es el enlace con Chess-Results para poder seguir los<br \/>\nresultados y las clasificaciones:<\/span><\/div>\n<div class=\"MsoBodyText3\">\n<span style=\"font-family: Georgia, Times New Roman, serif\"><br \/><\/span><\/div>\n<div class=\"MsoBodyText3\" style=\"text-align: center\">\n<span style=\"font-family: Georgia, Times New Roman, serif\"><a href=\"http:\/\/chess-results.com\/Tnr184362.aspx?lan=2\"><span style=\"font-size: large\">CAMPEONATO REGIONAL POR EQUIPOS SUB-16<\/span><\/a><\/span><\/div>\n","protected":false},"excerpt":{"rendered":"<p>La Residencia Universitaria Benjam\u00edn Palencia de Albacete albergar\u00e1, en poco m\u00e1s de una semana, la sexta edici\u00f3n del Campeonato Regional por Equipos de Club de la categor\u00eda sub-16. Del jueves 3 al domingo 6 de septiembre, los clubes de ajedrez m\u00e1s fuertes de Castilla\/La Mancha medir\u00e1n las capacidades estrat\u00e9gicas y t\u00e1cticas de sus jugadores de [&hellip;]<\/p>\n","protected":false},"author":1,"featured_media":1565,"comment_status":"open","ping_status":"closed","sticky":false,"template":"","format":"standard","meta":{"footnotes":""},"categories":[1],"tags":[],"class_list":["post-1564","post","type-post","status-publish","format-standard","has-post-thumbnail","hentry","category-noticias"],"_links":{"self":[{"href":"https:\/\/www.bfv.cloud\/ajedrezeuropa\/wp-json\/wp\/v2\/posts\/1564","targetHints":{"allow":["GET"]}}],"collection":[{"href":"https:\/\/www.bfv.cloud\/ajedrezeuropa\/wp-json\/wp\/v2\/posts"}],"about":[{"href":"https:\/\/www.bfv.cloud\/ajedrezeuropa\/wp-json\/wp\/v2\/types\/post"}],"author":[{"embeddable":true,"href":"https:\/\/www.bfv.cloud\/ajedrezeuropa\/wp-json\/wp\/v2\/users\/1"}],"replies":[{"embeddable":true,"href":"https:\/\/www.bfv.cloud\/ajedrezeuropa\/wp-json\/wp\/v2\/comments?post=1564"}],"version-history":[{"count":1,"href":"https:\/\/www.bfv.cloud\/ajedrezeuropa\/wp-json\/wp\/v2\/posts\/1564\/revisions"}],"predecessor-version":[{"id":1566,"href":"https:\/\/www.bfv.cloud\/ajedrezeuropa\/wp-json\/wp\/v2\/posts\/1564\/revisions\/1566"}],"wp:featuredmedia":[{"embeddable":true,"href":"https:\/\/www.bfv.cloud\/ajedrezeuropa\/wp-json\/wp\/v2\/media\/1565"}],"wp:attachment":[{"href":"https:\/\/www.bfv.cloud\/ajedrezeuropa\/wp-json\/wp\/v2\/media?parent=1564"}],"wp:term":[{"taxonomy":"category","embeddable":true,"href":"https:\/\/www.bfv.cloud\/ajedrezeuropa\/wp-json\/wp\/v2\/categories?post=1564"},{"taxonomy":"post_tag","embeddable":true,"href":"https:\/\/www.bfv.cloud\/ajedrezeuropa\/wp-json\/wp\/v2\/tags?post=1564"}],"curies":[{"name":"wp","href":"https:\/\/api.w.org\/{rel}","templated":true}]}}