{"id":1569,"date":"2020-06-24T18:29:00","date_gmt":"2020-06-24T18:29:00","guid":{"rendered":"https:\/\/www.bfv.cloud\/ajedrezeuropa\/index.php\/2020\/06\/24\/volvemos-con-el-xiii-campus-de-ajedrez-del-3-al-8-de-agosto\/"},"modified":"2025-11-20T10:35:14","modified_gmt":"2025-11-20T10:35:14","slug":"volvemos-con-el-xiii-campus-de-ajedrez-del-3-al-8-de-agosto","status":"publish","type":"post","link":"https:\/\/www.bfv.cloud\/ajedrezeuropa\/volvemos-con-el-xiii-campus-de-ajedrez-del-3-al-8-de-agosto\/","title":{"rendered":"VOLVEMOS CON EL XIII CAMPUS DE AJEDREZ DEL 3 AL 8 DE AGOSTO"},"content":{"rendered":"<div class=\"separator\"><a href=\"https:\/\/www.bfv.cloud\/ajedrezeuropa\/wp-content\/uploads\/2020\/06\/cartelcampus2020-scaled.jpg\" style=\"clear: right;float: right;margin-bottom: 1em;margin-left: 1em;text-align: center\"><img fetchpriority=\"high\" decoding=\"async\" border=\"0\" data-original-height=\"3343\" data-original-width=\"2270\" height=\"625\" src=\"https:\/\/blogger.googleusercontent.com\/img\/b\/R29vZ2xl\/AVvXsEgxQ-xFyYBWtlFDG7oOvKLaYMyroy-6c8pgfY9TtH6Qk5bmBkg7_ZekrNOLGFLN4DTrUi2D3V2pVvCHQhoVStXZCp4xk916Ao296H2W7wwzsdInj-7sK6xUQbPhyMYMRIrivwhyVVkIC24\/w421-h625\/cartel+campus+2020.jpg\" width=\"421\" \/><\/a><\/div>\n<p><font face=\"verdana\" size=\"5\">Tras este periodo de par\u00f3n obligado, volvemos con una de nuestras actividades m\u00e1s impor<\/font><font face=\"verdana\" size=\"5\">tantes&nbsp;<\/font><font face=\"verdana\" size=\"5\">y representativas: el campus de tecnificaci\u00f3n y perfeccionamiento que ya va por su 13\u00aa edici\u00f3n.&nbsp;<\/font><\/p>\n<div><font face=\"verdana\" size=\"5\">Esperamos que todos est\u00e9is bien y con \u00e1nimo de aprender y participar.&nbsp;<\/font><\/div>\n<div><font face=\"verdana\" size=\"5\">Como seguimos viviendo en compa\u00f1\u00eda del virus, hemos redactado un protocolo espec\u00edfico para este campus.&nbsp;<\/font><\/div>\n<div><font face=\"verdana\" size=\"5\">Aqu\u00ed os dejamos toda la informaci\u00f3n:<\/font><\/div>\n<div><font face=\"verdana\" size=\"5\"><br \/><\/font><\/div>\n<div>\n<div class=\"separator\" style=\"clear: both;text-align: center\"><a href=\"https:\/\/www.bfv.cloud\/ajedrezeuropa\/wp-content\/uploads\/2020\/06\/TRIPTICOXIIICAMPUS2020INTERIOR-scaled.jpg\" style=\"margin-left: 1em;margin-right: 1em\"><img decoding=\"async\" border=\"0\" data-original-height=\"2448\" data-original-width=\"3464\" height=\"438\" src=\"https:\/\/blogger.googleusercontent.com\/img\/b\/R29vZ2xl\/AVvXsEi6YTDOPjFi8mfZwwcH_mp9NZ-7qBEEXnaQBPqRmYggMQEz8IhdCWmBnCcbM_Jj9fSlg8rMtZyeUe8tEhP-q57cL5L0MPYBl5BeQ3LaIc7Q8x9vEVYeAomi_9-UFOdnFWjVLGo1sGO_UBw\/w625-h438\/TRIPTICO+XIII+CAMPUS+2020+INTERIOR.jpg\" width=\"625\" \/><\/a><\/div>\n<div class=\"separator\" style=\"clear: both;text-align: center\"><a href=\"https:\/\/www.bfv.cloud\/ajedrezeuropa\/wp-content\/uploads\/2020\/06\/PROTOCOLOXIIICAMPUSNUESTROAJEDREZENEUROPA_001-scaled.jpg\" style=\"margin-left: 1em;margin-right: 1em\"><img decoding=\"async\" border=\"0\" data-original-height=\"3508\" data-original-width=\"2479\" height=\"976\" src=\"https:\/\/blogger.googleusercontent.com\/img\/b\/R29vZ2xl\/AVvXsEj05FkmT41M8A5PmDyS-IUa7pL5nOxG36sVrOFCPJj0mMwd6wG8Ld-tkT-XhMZu9dsytKII2DPc0yDIARkTtkDQLAG7o_CSOKXHBgyyEIcdAV5hdK85cnl9UGhFj-edyfg-fZwUR6V6O7A\/w684-h976\/PROTOCOLO+XIII+CAMPUS+NUESTRO+AJEDREZ+EN+EUROPA_001.jpg\" width=\"684\" \/><\/a><\/div>\n<p><\/p>\n<div class=\"separator\" style=\"clear: both;text-align: center\"><a href=\"https:\/\/www.bfv.cloud\/ajedrezeuropa\/wp-content\/uploads\/2020\/06\/PROTOCOLOXIIICAMPUSNUESTROAJEDREZENEUROPA_002-scaled.jpg\" style=\"margin-left: 1em;margin-right: 1em\"><img loading=\"lazy\" decoding=\"async\" border=\"0\" data-original-height=\"3508\" data-original-width=\"2479\" height=\"975\" src=\"https:\/\/blogger.googleusercontent.com\/img\/b\/R29vZ2xl\/AVvXsEhhzepHST3D0hUwru4WAneD00AIHJ4n93NLL4vasQ4HTV3uBoPErOm_vGgmed1CiEY3YNvcL_Bb776BIBiiPmDOu_49AYNnjX8IxZup8p0gSNYMx2fSFHGwvbfhKFULL4NtacthEFrU48g\/w683-h975\/PROTOCOLO+XIII+CAMPUS+NUESTRO+AJEDREZ+EN+EUROPA_002.jpg\" width=\"683\" \/><\/a><\/div>\n<p><font face=\"verdana\" size=\"5\"><br \/><\/font><\/div>\n","protected":false},"excerpt":{"rendered":"<p>Tras este periodo de par\u00f3n obligado, volvemos con una de nuestras actividades m\u00e1s importantes&nbsp;y representativas: el campus de tecnificaci\u00f3n y perfeccionamiento que ya va por su 13\u00aa edici\u00f3n.&nbsp; Esperamos que todos est\u00e9is bien y con \u00e1nimo de aprender y participar.&nbsp; Como seguimos viviendo en compa\u00f1\u00eda del virus, hemos redactado un protocolo espec\u00edfico para este campus.&nbsp; [&hellip;]<\/p>\n","protected":false},"author":1,"featured_media":1570,"comment_status":"open","ping_status":"closed","sticky":false,"template":"","format":"standard","meta":{"footnotes":""},"categories":[1],"tags":[],"class_list":["post-1569","post","type-post","status-publish","format-standard","has-post-thumbnail","hentry","category-noticias"],"_links":{"self":[{"href":"https:\/\/www.bfv.cloud\/ajedrezeuropa\/wp-json\/wp\/v2\/posts\/1569","targetHints":{"allow":["GET"]}}],"collection":[{"href":"https:\/\/www.bfv.cloud\/ajedrezeuropa\/wp-json\/wp\/v2\/posts"}],"about":[{"href":"https:\/\/www.bfv.cloud\/ajedrezeuropa\/wp-json\/wp\/v2\/types\/post"}],"author":[{"embeddable":true,"href":"https:\/\/www.bfv.cloud\/ajedrezeuropa\/wp-json\/wp\/v2\/users\/1"}],"replies":[{"embeddable":true,"href":"https:\/\/www.bfv.cloud\/ajedrezeuropa\/wp-json\/wp\/v2\/comments?post=1569"}],"version-history":[{"count":1,"href":"https:\/\/www.bfv.cloud\/ajedrezeuropa\/wp-json\/wp\/v2\/posts\/1569\/revisions"}],"predecessor-version":[{"id":1574,"href":"https:\/\/www.bfv.cloud\/ajedrezeuropa\/wp-json\/wp\/v2\/posts\/1569\/revisions\/1574"}],"wp:featuredmedia":[{"embeddable":true,"href":"https:\/\/www.bfv.cloud\/ajedrezeuropa\/wp-json\/wp\/v2\/media\/1570"}],"wp:attachment":[{"href":"https:\/\/www.bfv.cloud\/ajedrezeuropa\/wp-json\/wp\/v2\/media?parent=1569"}],"wp:term":[{"taxonomy":"category","embeddable":true,"href":"https:\/\/www.bfv.cloud\/ajedrezeuropa\/wp-json\/wp\/v2\/categories?post=1569"},{"taxonomy":"post_tag","embeddable":true,"href":"https:\/\/www.bfv.cloud\/ajedrezeuropa\/wp-json\/wp\/v2\/tags?post=1569"}],"curies":[{"name":"wp","href":"https:\/\/api.w.org\/{rel}","templated":true}]}}