{"id":1575,"date":"2011-07-03T10:11:00","date_gmt":"2011-07-03T10:11:00","guid":{"rendered":"https:\/\/www.bfv.cloud\/ajedrezeuropa\/index.php\/2011\/07\/03\/abierto-el-plazo-de-inscripcion-para-el-iv-campus-de-perfeccionamiento-nuestro-ajedrez-en-europa\/"},"modified":"2025-11-20T10:35:17","modified_gmt":"2025-11-20T10:35:17","slug":"abierto-el-plazo-de-inscripcion-para-el-iv-campus-de-perfeccionamiento-nuestro-ajedrez-en-europa","status":"publish","type":"post","link":"https:\/\/www.bfv.cloud\/ajedrezeuropa\/abierto-el-plazo-de-inscripcion-para-el-iv-campus-de-perfeccionamiento-nuestro-ajedrez-en-europa\/","title":{"rendered":"ABIERTO EL PLAZO DE INSCRIPCI\u00d3N PARA EL IV CAMPUS DE PERFECCIONAMIENTO \u00abNUESTRO AJEDREZ EN EUROPA\u00bb"},"content":{"rendered":"<div class=\"separator\" style=\"clear: both;text-align: center\"><\/div>\n<div class=\"separator\" style=\"clear: both;text-align: center\"><a href=\"https:\/\/www.bfv.cloud\/ajedrezeuropa\/wp-content\/uploads\/2011\/07\/tripticoJPGDELANTERO.jpg\" style=\"margin-left: 1em;margin-right: 1em\"><img fetchpriority=\"high\" decoding=\"async\" border=\"0\" height=\"282\" src=\"https:\/\/blogger.googleusercontent.com\/img\/b\/R29vZ2xl\/AVvXsEgI2Ezwhp-yFsp1B37RjgcZopAhlykqxPdUPwgnVYz4inj8EIgPMiUay-5Zhtbgx4jQAudRfy8S7diO8rpNWmJlArIcwOS7CWocvc3FjbfVC6-2kqO-AD5SsFBScmLfzBwD4qplnDLXd34\/s400\/triptico+JPG+DELANTERO.JPG\" width=\"400\" \/><\/a><\/div>\n<p><\/p>\n<div class=\"separator\" style=\"border-bottom: medium none;border-left: medium none;border-right: medium none;border-top: medium none;clear: both;text-align: center\"><a href=\"https:\/\/www.bfv.cloud\/ajedrezeuropa\/wp-content\/uploads\/2011\/07\/tripticoJPG.jpg\" style=\"margin-left: 1em;margin-right: 1em\"><img decoding=\"async\" border=\"0\" height=\"282\" src=\"https:\/\/blogger.googleusercontent.com\/img\/b\/R29vZ2xl\/AVvXsEhv0mQMjCNtC_4AK3BbRmMZP6zITo5FnDo-ByIjFz-QS6rxy9euVJKREjpZd93MnWZZnTq9XUQBHDDKtmwRCM3Sa0JSINoMqNPc2C9DehxXFzZseMaqM2Zqr_oC1JIms_Oj1Xkmlvufwss\/s400\/triptico+JPG.JPG\" width=\"400\" \/><\/a><\/div>\n<div class=\"separator\" style=\"border-bottom: medium none;border-left: medium none;border-right: medium none;border-top: medium none;clear: both;text-align: center\"><strong><em><span style=\", sans-serif\">Ma\u00f1ana lunes 4 de julio se abre el periodo de inscripciones para la 4\u00aa edici\u00f3n de nuestro campus de verano,&nbsp;prolong\u00e1ndose este plazo hasta&nbsp;el viernes 15 de julio.<\/span><\/em><\/strong><\/div>\n<div class=\"separator\" style=\"border-bottom: medium none;border-left: medium none;border-right: medium none;border-top: medium none;clear: both;text-align: center\"><strong><em><span style=\"font-family: Trebuchet MS\">En el tr\u00edptico que encabeza esta informaci\u00f3n se explican las caracter\u00edsticas principales que hemos preparado para este a\u00f1o.<\/span><\/em><\/strong><\/div>\n<div class=\"separator\" style=\"border-bottom: medium none;border-left: medium none;border-right: medium none;border-top: medium none;clear: both;text-align: center\"><strong><em><span style=\"font-family: Trebuchet MS\">Queremos recordaros que el campus se desarrollar\u00e1 del 1 al 6 de agosto, celebr\u00e1ndose el&nbsp;primer d\u00eda la inauguraci\u00f3n oficial a partir de las 19,30 horas en el sal\u00f3n de actos del Centro Juvenil La Covadonga&nbsp;de Alc\u00e1zar de San Juan, y la clausura el&nbsp;s\u00e1bado d\u00eda 6 a las 8 de la tarde en la sala de conferencias de&nbsp;la Casa de la Cultura de Villafranca de los Caballeros.&nbsp;Para ambos actos la asistencia es libre, congreg\u00e1ndose todos los alumnos y alumnas participantes junto a sus familias,&nbsp;adem\u00e1s de&nbsp;contar con la presencia de los alcaldes y concejales de deportes de los dos ayuntamientos,&nbsp;as\u00ed como de representantes oficiales de los organismos que colaboran con nuestro proyecto (Instituto de la Mujer, Diputaciones de Toledo y Ciudad Real y Junta de Comunidades de Castilla-La Mancha).<\/span><\/em><\/strong><\/div>\n<div class=\"separator\" style=\"border-bottom: medium none;border-left: medium none;border-right: medium none;border-top: medium none;clear: both;text-align: center\">\n<\/div>\n<div class=\"separator\" style=\"clear: both;text-align: center\"><a href=\"https:\/\/www.bfv.cloud\/ajedrezeuropa\/wp-content\/uploads\/2011\/07\/cartelcampus2011ladelagua.jpg\" style=\"margin-left: 1em;margin-right: 1em\"><img decoding=\"async\" border=\"0\" height=\"282\" src=\"https:\/\/blogger.googleusercontent.com\/img\/b\/R29vZ2xl\/AVvXsEhAfECDDjl1zfP_JV9wMjx77cXeuyIRW2MbxluIbMazRkCThoyOvZV4X51BkepRYUkuDiAP8TpVqJ0O-mx6OfVOKJE4J6QNl18ZJSqb8Ig-B4CINJLU4FvPv_5TsdOsWvXccVV7bwCn_qE\/s400\/cartel+campus+2011+la+del+agua.JPG\" width=\"400\" \/><\/a><\/div>\n<div class=\"separator\" style=\"border-bottom: medium none;border-left: medium none;border-right: medium none;border-top: medium none;clear: both;text-align: center\"><strong><u>\u00a1\u00a1 UN SALUDO PARA NUESTROS SEGUIDORES !!<\/u><\/strong><\/div>\n<div class=\"separator\" style=\"border-bottom: medium none;border-left: medium none;border-right: medium none;border-top: medium none;clear: both;text-align: center\">Los que hacemos posible esta p\u00e1gina informativa queremos aprovechar este momento para saludar a todos nuestros seguidores y comunicaros que durante el \u00faltimo a\u00f1o, que es el tiempo que Google lleva haciendo un seguimiento de&nbsp;nuestro blog, m\u00e1s de 8.000&nbsp;visitas han recorrido&nbsp;estas p\u00e1ginas.<\/div>\n<div class=\"separator\" style=\"border-bottom: medium none;border-left: medium none;border-right: medium none;border-top: medium none;clear: both;text-align: center\">&nbsp;Seg\u00fan los datos estad\u00edsticos que tiene Google, internautas y aficionados al ajedrez de medio mundo recorren nuestras noticias regularmente, algunos desde pa\u00edses tan lejanos como Rusia, China, Estados Unidos o Australia. Entre los visitantes m\u00e1s asiduos se encuentran distintos pa\u00edses europeos y casi toda America latina.<\/div>\n<div class=\"separator\" style=\"border-bottom: medium none;border-left: medium none;border-right: medium none;border-top: medium none;clear: both;text-align: center\">\u00a1 Gracias a todos por vuestro inter\u00e9s !<\/div>\n","protected":false},"excerpt":{"rendered":"<p>Ma\u00f1ana lunes 4 de julio se abre el periodo de inscripciones para la 4\u00aa edici\u00f3n de nuestro campus de verano,&nbsp;prolong\u00e1ndose este plazo hasta&nbsp;el viernes 15 de julio. En el tr\u00edptico que encabeza esta informaci\u00f3n se explican las caracter\u00edsticas principales que hemos preparado para este a\u00f1o. Queremos recordaros que el campus se desarrollar\u00e1 del 1 al [&hellip;]<\/p>\n","protected":false},"author":1,"featured_media":1576,"comment_status":"open","ping_status":"closed","sticky":false,"template":"","format":"standard","meta":{"footnotes":""},"categories":[1],"tags":[],"class_list":["post-1575","post","type-post","status-publish","format-standard","has-post-thumbnail","hentry","category-noticias"],"_links":{"self":[{"href":"https:\/\/www.bfv.cloud\/ajedrezeuropa\/wp-json\/wp\/v2\/posts\/1575","targetHints":{"allow":["GET"]}}],"collection":[{"href":"https:\/\/www.bfv.cloud\/ajedrezeuropa\/wp-json\/wp\/v2\/posts"}],"about":[{"href":"https:\/\/www.bfv.cloud\/ajedrezeuropa\/wp-json\/wp\/v2\/types\/post"}],"author":[{"embeddable":true,"href":"https:\/\/www.bfv.cloud\/ajedrezeuropa\/wp-json\/wp\/v2\/users\/1"}],"replies":[{"embeddable":true,"href":"https:\/\/www.bfv.cloud\/ajedrezeuropa\/wp-json\/wp\/v2\/comments?post=1575"}],"version-history":[{"count":1,"href":"https:\/\/www.bfv.cloud\/ajedrezeuropa\/wp-json\/wp\/v2\/posts\/1575\/revisions"}],"predecessor-version":[{"id":1579,"href":"https:\/\/www.bfv.cloud\/ajedrezeuropa\/wp-json\/wp\/v2\/posts\/1575\/revisions\/1579"}],"wp:featuredmedia":[{"embeddable":true,"href":"https:\/\/www.bfv.cloud\/ajedrezeuropa\/wp-json\/wp\/v2\/media\/1576"}],"wp:attachment":[{"href":"https:\/\/www.bfv.cloud\/ajedrezeuropa\/wp-json\/wp\/v2\/media?parent=1575"}],"wp:term":[{"taxonomy":"category","embeddable":true,"href":"https:\/\/www.bfv.cloud\/ajedrezeuropa\/wp-json\/wp\/v2\/categories?post=1575"},{"taxonomy":"post_tag","embeddable":true,"href":"https:\/\/www.bfv.cloud\/ajedrezeuropa\/wp-json\/wp\/v2\/tags?post=1575"}],"curies":[{"name":"wp","href":"https:\/\/api.w.org\/{rel}","templated":true}]}}