{"id":1580,"date":"2015-07-30T11:04:00","date_gmt":"2015-07-30T11:04:00","guid":{"rendered":"https:\/\/www.bfv.cloud\/ajedrezeuropa\/index.php\/2015\/07\/30\/el-campus-en-los-medios-de-comunicacion\/"},"modified":"2025-11-20T10:35:20","modified_gmt":"2025-11-20T10:35:20","slug":"el-campus-en-los-medios-de-comunicacion","status":"publish","type":"post","link":"https:\/\/www.bfv.cloud\/ajedrezeuropa\/el-campus-en-los-medios-de-comunicacion\/","title":{"rendered":"EL CAMPUS EN LOS MEDIOS DE COMUNICACI\u00d3N"},"content":{"rendered":"<div class=\"separator\" style=\"clear: both;text-align: center\">\n<a href=\"https:\/\/www.bfv.cloud\/ajedrezeuropa\/wp-content\/uploads\/2015\/07\/chessbaselogo-es.png\" style=\"clear: left;float: left;margin-bottom: 1em;margin-right: 1em\"><img decoding=\"async\" border=\"0\" height=\"87\" src=\"https:\/\/blogger.googleusercontent.com\/img\/b\/R29vZ2xl\/AVvXsEiKOadnFOWrML7EdNGoHbduUpC34xSiU1n2-44xrzOkQSRrNcaMHciRFO10mwHY7YLGgSUtVJNuX1zeP4evTd2qsNTYyLkPBJAxQPs2bs8RRiTuFMYNKL_iwcdEEdgVFwh0_8bRy0vF1Zo\/s400\/chessbaselogo-es.png\" width=\"400\" \/><\/a><\/div>\n<p><span style=\"font-family: Verdana, sans-serif\"><b>Han sido muchos los medios informativos de Castilla-La Mancha que se han hecho eco de la noticia del comienzo del campus. Ya anunciamos en publicaciones anteriores que destacar\u00edamos a los que tuvi\u00e9ramos constancia de haber publicado la noticia. Creemos que merece una menci\u00f3n especial la referencia realizada por la web m\u00e1s importante en el mundo del ajedrez, CHESSBASE.COM, que entre las noticias m\u00e1s relevantes destaca nuestro campus. Queremos agradecer al equipo de CHESSBASE en Espa\u00f1a, y en especial a Nadja Wittman y Fernando Fern\u00e1ndez, la atenci\u00f3n que prestan a nuestros proyectos.<\/b><\/span><br \/>\n<span style=\"font-family: Verdana, sans-serif\"><b>Publicamos un enlace con la noticia en la web de&nbsp;<a href=\"http:\/\/es.chessbase.com\/post\/campus-nuestro-ajedrez-en-europa\">CHESSBASE<\/a><\/b><\/span><br \/>\n<span style=\"font-family: Verdana, sans-serif\"><br \/><\/span><br \/>\n<a href=\"https:\/\/www.bfv.cloud\/ajedrezeuropa\/wp-content\/uploads\/2015\/07\/logomascastillalamancha.png\" style=\"clear: left;float: left;margin-bottom: 1em;margin-right: 1em\"><img decoding=\"async\" border=\"0\" height=\"71\" src=\"https:\/\/blogger.googleusercontent.com\/img\/b\/R29vZ2xl\/AVvXsEj0oz8iVuDrjg2EuQP48KnQXo1CLao0HhSmNSVRsOiBxL4VfLOUbctQZnAvShw_9UYgXh6aQgl9yF7dQ4aBuuoCeHi2BNVDqqqHvCKl9Nkcu3FEL95KbfbI1s6_BWJmeIk99ryNl2NNYp4\/s200\/logo+mascastillalamancha.png\" width=\"200\" \/><\/a><a href=\"https:\/\/www.bfv.cloud\/ajedrezeuropa\/wp-content\/uploads\/2015\/07\/LogoTTO.gif\" style=\"clear: right;float: right;margin-bottom: 1em;margin-left: 1em\"><img decoding=\"async\" border=\"0\" height=\"46\" src=\"https:\/\/blogger.googleusercontent.com\/img\/b\/R29vZ2xl\/AVvXsEjhnsu4juJvMnj3Rnw8vLP2y0uSiTO6QyJ-NjvLnaVDSHsEix33Ssuz_Fe8nX_sqCk_QDnmXWtbVlMuIkULhWWVUIeqzx4ftYoVi37zIh1HHS5IBxoSKmc2VP_VsvqDwfpK8O8LsGQbrQ0\/s320\/LogoTTO.gif\" width=\"320\" \/><\/a><span style=\"font-family: Verdana, sans-serif\"><br \/><\/span><\/p>\n","protected":false},"excerpt":{"rendered":"<p>Han sido muchos los medios informativos de Castilla-La Mancha que se han hecho eco de la noticia del comienzo del campus. Ya anunciamos en publicaciones anteriores que destacar\u00edamos a los que tuvi\u00e9ramos constancia de haber publicado la noticia. Creemos que merece una menci\u00f3n especial la referencia realizada por la web m\u00e1s importante en el mundo [&hellip;]<\/p>\n","protected":false},"author":1,"featured_media":1581,"comment_status":"open","ping_status":"closed","sticky":false,"template":"","format":"standard","meta":{"footnotes":""},"categories":[1],"tags":[],"class_list":["post-1580","post","type-post","status-publish","format-standard","has-post-thumbnail","hentry","category-noticias"],"_links":{"self":[{"href":"https:\/\/www.bfv.cloud\/ajedrezeuropa\/wp-json\/wp\/v2\/posts\/1580","targetHints":{"allow":["GET"]}}],"collection":[{"href":"https:\/\/www.bfv.cloud\/ajedrezeuropa\/wp-json\/wp\/v2\/posts"}],"about":[{"href":"https:\/\/www.bfv.cloud\/ajedrezeuropa\/wp-json\/wp\/v2\/types\/post"}],"author":[{"embeddable":true,"href":"https:\/\/www.bfv.cloud\/ajedrezeuropa\/wp-json\/wp\/v2\/users\/1"}],"replies":[{"embeddable":true,"href":"https:\/\/www.bfv.cloud\/ajedrezeuropa\/wp-json\/wp\/v2\/comments?post=1580"}],"version-history":[{"count":1,"href":"https:\/\/www.bfv.cloud\/ajedrezeuropa\/wp-json\/wp\/v2\/posts\/1580\/revisions"}],"predecessor-version":[{"id":1584,"href":"https:\/\/www.bfv.cloud\/ajedrezeuropa\/wp-json\/wp\/v2\/posts\/1580\/revisions\/1584"}],"wp:featuredmedia":[{"embeddable":true,"href":"https:\/\/www.bfv.cloud\/ajedrezeuropa\/wp-json\/wp\/v2\/media\/1581"}],"wp:attachment":[{"href":"https:\/\/www.bfv.cloud\/ajedrezeuropa\/wp-json\/wp\/v2\/media?parent=1580"}],"wp:term":[{"taxonomy":"category","embeddable":true,"href":"https:\/\/www.bfv.cloud\/ajedrezeuropa\/wp-json\/wp\/v2\/categories?post=1580"},{"taxonomy":"post_tag","embeddable":true,"href":"https:\/\/www.bfv.cloud\/ajedrezeuropa\/wp-json\/wp\/v2\/tags?post=1580"}],"curies":[{"name":"wp","href":"https:\/\/api.w.org\/{rel}","templated":true}]}}