{"id":1585,"date":"2017-12-26T17:45:00","date_gmt":"2017-12-26T17:45:00","guid":{"rendered":"https:\/\/www.bfv.cloud\/ajedrezeuropa\/index.php\/2017\/12\/26\/primer-dia-en-la-concentracion-de-navidad\/"},"modified":"2025-11-20T10:35:28","modified_gmt":"2025-11-20T10:35:28","slug":"primer-dia-en-la-concentracion-de-navidad","status":"publish","type":"post","link":"https:\/\/www.bfv.cloud\/ajedrezeuropa\/primer-dia-en-la-concentracion-de-navidad\/","title":{"rendered":"PRIMER D\u00cdA EN LA CONCENTRACI\u00d3N DE NAVIDAD"},"content":{"rendered":"<table align=\"center\" cellpadding=\"0\" cellspacing=\"0\" class=\"tr-caption-container\" style=\"margin-left: auto;margin-right: auto;text-align: center\">\n<tbody>\n<tr>\n<td style=\"text-align: center\"><a href=\"https:\/\/www.bfv.cloud\/ajedrezeuropa\/wp-content\/uploads\/2017\/12\/SAM_3658.jpg\" style=\"margin-left: auto;margin-right: auto\"><img fetchpriority=\"high\" decoding=\"async\" border=\"0\" data-original-height=\"951\" data-original-width=\"1600\" height=\"380\" src=\"https:\/\/blogger.googleusercontent.com\/img\/b\/R29vZ2xl\/AVvXsEiOEYXHmvGu3HtybVZsMCnsrgrPP8KYeTsn6Eb75PBtItowlTSbdvvSX07vR-XmyYH0vpx66MXvIb6IHTIW38WOwbzf6iO3ghEHDxzZIzMFLsPOQoXfUqVlALBIDJJrNMQ2EyOiSFMgpzQ\/s640\/SAM_3658.JPG\" width=\"640\" \/><\/a><\/td>\n<\/tr>\n<tr>\n<td class=\"tr-caption\" style=\"text-align: center\">Aprendiendo ajedrez desde ni\u00f1os mejoramos capacidades intelectuales<\/td>\n<\/tr>\n<\/tbody>\n<\/table>\n<p><span style=\"font-family: Verdana, sans-serif;font-size: large\"><b>Pasados 10 a\u00f1os desde la Concentraci\u00f3n de Navidad inaugural, el \u00e1nimo por aprender de chicos y chicas, y las ganas de ense\u00f1ar de los monitores y entrenadoras conserva el empuje de aquel primer d\u00eda. La ense\u00f1anza presencial con la participaci\u00f3n de destacados preparadores sigue siendo una prioridad para el proyecto.<\/p>\n<table align=\"center\" cellpadding=\"0\" cellspacing=\"0\" class=\"tr-caption-container\" style=\"margin-left: auto;margin-right: auto;text-align: center\">\n<tbody>\n<tr>\n<td style=\"text-align: center\"><a href=\"https:\/\/www.bfv.cloud\/ajedrezeuropa\/wp-content\/uploads\/2017\/12\/SAM_3656.jpg\" style=\"margin-left: auto;margin-right: auto\"><img decoding=\"async\" border=\"0\" data-original-height=\"683\" data-original-width=\"1600\" height=\"270\" src=\"https:\/\/blogger.googleusercontent.com\/img\/b\/R29vZ2xl\/AVvXsEgRvEehVcPVDHJ0n1Lh1PeJ90EYC5Mr3F6wR7xdZ2Lvtr-T_cEZ89bdnZxNyb9gmmZIBUnbhoRogAlkG26ZlQat7UHkjkKMmNqzQ7UZC3PwTE3KjPKlMRBEWJ7snIoh9Wa-jXEKlBjHc68\/s640\/SAM_3656.JPG\" width=\"640\" \/><\/a><\/td>\n<\/tr>\n<tr>\n<td class=\"tr-caption\" style=\"text-align: center\">Los grupos no cuentan con m\u00e1s de 8 alumnos cada uno para personalizar la formaci\u00f3n<\/td>\n<\/tr>\n<\/tbody>\n<\/table>\n<p>Hoy, a las 11 de la ma\u00f1ana, comenzaba la edici\u00f3n de 2017 de una de las actividades formativas m\u00e1s importantes que organiza el proyecto Nuestro Ajedrez en Europa en colaboraci\u00f3n con los ayuntamientos de Alc\u00e1zar de San Juan y Villafranca de los Caballeros. <\/p>\n<table align=\"center\" cellpadding=\"0\" cellspacing=\"0\" class=\"tr-caption-container\" style=\"margin-left: auto;margin-right: auto;text-align: center\">\n<tbody>\n<tr>\n<td style=\"text-align: center\"><a href=\"https:\/\/www.bfv.cloud\/ajedrezeuropa\/wp-content\/uploads\/2017\/12\/SAM_3654.jpg\" style=\"margin-left: auto;margin-right: auto\"><img decoding=\"async\" border=\"0\" data-original-height=\"940\" data-original-width=\"1600\" height=\"372\" src=\"https:\/\/blogger.googleusercontent.com\/img\/b\/R29vZ2xl\/AVvXsEiPMtbovGYUOKbLlIh_9BscKofnbXqwCnUkLGGZFVBMB1Ihl0umS4cOrA8lrbIujnRHSdum4MxjL80Rz8T2YB9Hz-Sh3fHxOjHdoNOiYT3q1hLSUeKUkkAa9XHSN80kJwXKvBNebqvqyvk\/s640\/SAM_3654.JPG\" width=\"640\" \/><\/a><\/td>\n<\/tr>\n<tr>\n<td class=\"tr-caption\" style=\"text-align: center\">Todos los grupos tienen a varias chicas entre sus componentes<\/td>\n<\/tr>\n<\/tbody>\n<\/table>\n<p>32 j\u00f3venes ajedrecistas estar\u00e1n los pr\u00f3ximos 3 d\u00edas recibiendo clases de los entrenadores y monitores: Jos\u00e9 Vicente Jim\u00e9nez (MF), Ana Isabel Gonz\u00e1lez, Antonio Albo, Luismi Monreal y Silvia Toribio. Durante 6 horas diarias la formaci\u00f3n ajedrec\u00edstica tendr\u00e1 la orientaci\u00f3n m\u00e1s adecuada a los distintos grupos, teniendo en cuenta que los alumnos van desde los 7 a los 17 a\u00f1os de edad, y que existen diferentes grados de conocimientos.<\/b><\/span><\/p>\n<div class=\"separator\" style=\"clear: both;text-align: center\">\n<span style=\"font-family: Verdana, sans-serif;font-size: large\"><b><a href=\"https:\/\/www.bfv.cloud\/ajedrezeuropa\/wp-content\/uploads\/2017\/12\/SAM_3659.jpg\" style=\"clear: right;float: right;margin-bottom: 1em;margin-left: 1em\"><img loading=\"lazy\" decoding=\"async\" border=\"0\" data-original-height=\"1447\" data-original-width=\"1600\" height=\"571\" src=\"https:\/\/blogger.googleusercontent.com\/img\/b\/R29vZ2xl\/AVvXsEj_wQBPjEa6baZXqOqI5b6zKdNDCX3g4b0PWHJeiQ6KBI_usdpqADIbTKZHL9Gz4H3apYbWJ-ypXr9rHMvxxkXPpzXxJmO_E4m4Pop9lLqNf6G62CwouDb5S4CHpEkSlvCttcQ0SU5WIOA\/s640\/SAM_3659.JPG\" width=\"640\" \/><\/a><\/b><\/span><\/div>\n<p><\/p>\n<table cellpadding=\"0\" cellspacing=\"0\" class=\"tr-caption-container\" style=\"float: right;margin-left: 1em;text-align: right\">\n<tbody>\n<tr>\n<td style=\"text-align: center\"><a href=\"https:\/\/www.bfv.cloud\/ajedrezeuropa\/wp-content\/uploads\/2017\/12\/SAM_3660.jpg\" style=\"clear: right;margin-bottom: 1em;margin-left: auto;margin-right: auto\"><img loading=\"lazy\" decoding=\"async\" border=\"0\" data-original-height=\"872\" data-original-width=\"1600\" height=\"345\" src=\"https:\/\/blogger.googleusercontent.com\/img\/b\/R29vZ2xl\/AVvXsEhDuqi12SGHp3CMEJqNbZ3ckk6Sl3UvWo4ZSbe7gR451uorVuJec2r8pkMeVRFYYSwOJ2WDbQV9COvI0Amj5B2nvVoP6SGq92b1BhSVMKBS17x7tO2o9_9lTRp9EFVLyQ4_iNdWanhVD-w\/s640\/SAM_3660.JPG\" width=\"640\" \/><\/a><\/td>\n<\/tr>\n<tr>\n<td class=\"tr-caption\" style=\"text-align: center\">La ense\u00f1anza presencial sigue siendo prioritaria para el proyecto<\/td>\n<\/tr>\n<\/tbody>\n<\/table>\n<p>\n<span style=\"font-family: Verdana, sans-serif;font-size: large\"><b>El mi\u00e9rcoles 28 de diciembre a las 7 de la tarde se cerrar\u00e1 esta Concentraci\u00f3n navide\u00f1a con un acto de clausura que contar\u00e1 con la presencia de sus organizadores y responsables.<\/b><\/span><\/p>\n<table align=\"center\" cellpadding=\"0\" cellspacing=\"0\" class=\"tr-caption-container\" style=\"margin-left: auto;margin-right: auto;text-align: center\">\n<tbody>\n<tr>\n<td style=\"text-align: center\"><a href=\"https:\/\/www.bfv.cloud\/ajedrezeuropa\/wp-content\/uploads\/2017\/12\/SAM_3653.jpg\" style=\"margin-left: auto;margin-right: auto\"><img loading=\"lazy\" decoding=\"async\" border=\"0\" data-original-height=\"1180\" data-original-width=\"1600\" height=\"470\" src=\"https:\/\/blogger.googleusercontent.com\/img\/b\/R29vZ2xl\/AVvXsEjedVkOeYzTA531ZvWsydmxI-XYXdT0FKuoxOZX8YaBgoZCRyNYB0FNWjeHvxas73-ZtproO9BSiUw3fFaVFI5yO5dzs_wXP_8eoVTYWTO0c7AWQLx1VlvfJaP9KgSLW98pfjY59aQMwiU\/s640\/SAM_3653.JPG\" width=\"640\" \/><\/a><\/td>\n<\/tr>\n<tr>\n<td class=\"tr-caption\" style=\"text-align: center\">\u00a1Las piezas ya est\u00e1n en movimiento!<\/td>\n<\/tr>\n<\/tbody>\n<\/table>\n<p><span style=\"font-family: Verdana, sans-serif;font-size: large\"><b><br \/><\/b><\/span><\/p>\n","protected":false},"excerpt":{"rendered":"<p>Aprendiendo ajedrez desde ni\u00f1os mejoramos capacidades intelectuales Pasados 10 a\u00f1os desde la Concentraci\u00f3n de Navidad inaugural, el \u00e1nimo por aprender de chicos y chicas, y las ganas de ense\u00f1ar de los monitores y entrenadoras conserva el empuje de aquel primer d\u00eda. La ense\u00f1anza presencial con la participaci\u00f3n de destacados preparadores sigue siendo una prioridad para [&hellip;]<\/p>\n","protected":false},"author":1,"featured_media":1586,"comment_status":"open","ping_status":"closed","sticky":false,"template":"","format":"standard","meta":{"footnotes":""},"categories":[1],"tags":[],"class_list":["post-1585","post","type-post","status-publish","format-standard","has-post-thumbnail","hentry","category-noticias"],"_links":{"self":[{"href":"https:\/\/www.bfv.cloud\/ajedrezeuropa\/wp-json\/wp\/v2\/posts\/1585","targetHints":{"allow":["GET"]}}],"collection":[{"href":"https:\/\/www.bfv.cloud\/ajedrezeuropa\/wp-json\/wp\/v2\/posts"}],"about":[{"href":"https:\/\/www.bfv.cloud\/ajedrezeuropa\/wp-json\/wp\/v2\/types\/post"}],"author":[{"embeddable":true,"href":"https:\/\/www.bfv.cloud\/ajedrezeuropa\/wp-json\/wp\/v2\/users\/1"}],"replies":[{"embeddable":true,"href":"https:\/\/www.bfv.cloud\/ajedrezeuropa\/wp-json\/wp\/v2\/comments?post=1585"}],"version-history":[{"count":1,"href":"https:\/\/www.bfv.cloud\/ajedrezeuropa\/wp-json\/wp\/v2\/posts\/1585\/revisions"}],"predecessor-version":[{"id":1592,"href":"https:\/\/www.bfv.cloud\/ajedrezeuropa\/wp-json\/wp\/v2\/posts\/1585\/revisions\/1592"}],"wp:featuredmedia":[{"embeddable":true,"href":"https:\/\/www.bfv.cloud\/ajedrezeuropa\/wp-json\/wp\/v2\/media\/1586"}],"wp:attachment":[{"href":"https:\/\/www.bfv.cloud\/ajedrezeuropa\/wp-json\/wp\/v2\/media?parent=1585"}],"wp:term":[{"taxonomy":"category","embeddable":true,"href":"https:\/\/www.bfv.cloud\/ajedrezeuropa\/wp-json\/wp\/v2\/categories?post=1585"},{"taxonomy":"post_tag","embeddable":true,"href":"https:\/\/www.bfv.cloud\/ajedrezeuropa\/wp-json\/wp\/v2\/tags?post=1585"}],"curies":[{"name":"wp","href":"https:\/\/api.w.org\/{rel}","templated":true}]}}