{"id":159,"date":"2014-01-07T23:41:00","date_gmt":"2014-01-07T23:41:00","guid":{"rendered":"https:\/\/www.bfv.cloud\/ajedrezeuropa\/index.php\/2014\/01\/07\/al-comienzo-de-una-nueva-temporada\/"},"modified":"2025-11-20T10:14:04","modified_gmt":"2025-11-20T10:14:04","slug":"al-comienzo-de-una-nueva-temporada","status":"publish","type":"post","link":"https:\/\/www.bfv.cloud\/ajedrezeuropa\/al-comienzo-de-una-nueva-temporada\/","title":{"rendered":"&#8230; AL COMIENZO DE UNA NUEVA TEMPORADA"},"content":{"rendered":"<div class=\"separator\" style=\"clear: both;text-align: center\">\n<a href=\"https:\/\/www.bfv.cloud\/ajedrezeuropa\/wp-content\/uploads\/2014\/01\/fotostoledodep.edadescolar045.jpg\" style=\"clear: right;float: right;margin-bottom: 1em;margin-left: 1em\"><img fetchpriority=\"high\" decoding=\"async\" border=\"0\" src=\"https:\/\/www.bfv.cloud\/ajedrezeuropa\/wp-content\/uploads\/2014\/01\/fotostoledodep.edadescolar045.jpg\" height=\"320\" width=\"246\" \/><\/a><\/div>\n<p>&nbsp;<span style=\"font-family: Trebuchet MS, sans-serif\"><b>Las dos primeras noticias que destacamos de la nueva temporada tienen como protagonistas las recientes actuaciones de los jugadores de nuestros clubes. De esta forma, la lista de elo publicada por la FIDE el 1 de enero de 2014, recoge los resultados que se produjeron en el campeonato provincial por equipos de Toledo de la categor\u00eda absoluta, disputado en varios fines de semana de noviembre y diciembre, y tambi\u00e9n valora la participaci\u00f3n de los 2 clubes del proyecto en la fase final del CECLUB sub-16 celebrado en Benidorm. Este es el nuevo rating FIDE de los 20 ajedrecistas pertenecientes a \u00abNuestro Ajedrez en Europa\u00bb y \u00abNuestro Ajedrez por la Igualdad\u00bb que figuran con valoraci\u00f3n internacional:<\/b><\/span><br \/>\n<a href=\"https:\/\/www.bfv.cloud\/ajedrezeuropa\/wp-content\/uploads\/2014\/01\/DEPORTEEDADESCOLARTOLEDO2013017.jpg\" style=\"clear: left;float: left;margin-bottom: 1em;margin-right: 1em\"><img decoding=\"async\" border=\"0\" src=\"https:\/\/www.bfv.cloud\/ajedrezeuropa\/wp-content\/uploads\/2014\/01\/DEPORTEEDADESCOLARTOLEDO2013017.jpg\" height=\"320\" width=\"237\" \/><\/a><span style=\"font-family: Trebuchet MS, sans-serif\"><b><br \/><\/b><\/span><\/p>\n<div style=\"text-align: center\">\n<span style=\"font-family: Trebuchet MS, sans-serif\"><b><br \/><\/b><\/span><\/div>\n<div style=\"text-align: center\">\n<span style=\"font-family: Trebuchet MS, sans-serif\"><b>Santiago Talavera, 2005<\/b><\/span><\/div>\n<div style=\"text-align: center\">\n<span style=\"font-family: Trebuchet MS, sans-serif\"><b>Daniel P\u00edriz, 1991<\/b><\/span><\/div>\n<div style=\"text-align: center\">\n<span style=\"font-family: Trebuchet MS, sans-serif\"><b>Jos\u00e9 Mar\u00eda Redondo, 1929<\/b><\/span><\/div>\n<div style=\"text-align: center\">\n<span style=\"font-family: Trebuchet MS, sans-serif\"><b>Carlos \u00c1lvarez, 1895<\/b><\/span><\/div>\n<div style=\"text-align: center\">\n<span style=\"font-family: Trebuchet MS, sans-serif\"><b>Jorge Sim\u00f3n, 1893<\/b><\/span><\/div>\n<div style=\"text-align: center\">\n<span style=\"font-family: Trebuchet MS, sans-serif\"><b>Luis Miguel Monreal, 1840<\/b><\/span><\/div>\n<div style=\"text-align: center\">\n<span style=\"font-family: Trebuchet MS, sans-serif\"><b>Isaac Lozano, 1749<\/b><\/span><\/div>\n<div style=\"text-align: center\">\n<span style=\"font-family: Trebuchet MS, sans-serif\"><b>Jos\u00e9 \u00c1ngel Vela, 1714<\/b><\/span><\/div>\n<div style=\"text-align: center\">\n<span style=\"font-family: Trebuchet MS, sans-serif\"><b>Antonio Albo, 1704<\/b><\/span><\/div>\n<div style=\"text-align: center\">\n<span style=\"font-family: Trebuchet MS, sans-serif\"><b>Carlos Romo, 1691<\/b><\/span><\/div>\n<div style=\"text-align: center\">\n<span style=\"font-family: Trebuchet MS, sans-serif\"><b>Sergio Valencia, 1689<\/b><\/span><\/div>\n<div style=\"text-align: center\">\n<span style=\"font-family: Trebuchet MS, sans-serif\"><b>Jos\u00e9 Mar\u00eda Pastrana, 1670<\/b><\/span><\/div>\n<div style=\"text-align: center\">\n<span style=\"font-family: Trebuchet MS, sans-serif\"><b>Javier Valdepe\u00f1as, 1649<\/b><\/span><\/div>\n<div style=\"text-align: center\">\n<span style=\"font-family: Trebuchet MS, sans-serif\"><b>Cosimo Leonardo de Giorgi, 1615<\/b><\/span><\/div>\n<div style=\"text-align: center\">\n<span style=\"font-family: Trebuchet MS, sans-serif\"><b>Daniel Salas, 1593<\/b><\/span><\/div>\n<div style=\"text-align: center\">\n<span style=\"font-family: Trebuchet MS, sans-serif\"><b>Jes\u00fas M\u00aa Bricio, 1485<\/b><\/span><\/div>\n<div style=\"text-align: center\">\n<span style=\"font-family: Trebuchet MS, sans-serif\"><b>Irene Sim\u00f3n, 1448<\/b><\/span><\/div>\n<div style=\"text-align: center\">\n<span style=\"font-family: Trebuchet MS, sans-serif\"><b>Silvia Toribio, 1410<\/b><\/span><\/div>\n<div style=\"text-align: center\">\n<span style=\"font-family: Trebuchet MS, sans-serif\"><b>Julio M\u00e9rida, 1388<\/b><\/span><\/div>\n<div style=\"text-align: center\">\n<span style=\"font-family: Trebuchet MS, sans-serif\"><b>M\u00aa Isabel Marcos-Alberca, 1048<\/b><\/span><\/div>\n<div style=\"text-align: center\">\n<span style=\"font-family: Trebuchet MS, sans-serif\"><b><br \/><\/b><\/span><\/div>\n<div style=\"text-align: left\">\n<span style=\"font-family: Trebuchet MS, sans-serif\"><b>La segunda noticia a destacar es la participaci\u00f3n de Isaac Lozano y de Jes\u00fas M\u00aa Bricio en el XXV Torneo Internacional de Roquetas de Mar. Ambos han finalizado con 3,5 puntos en un total de 9 rondas, mejorando notablemente su ranking inicial, en un abierto de gran nivel con 126 jugadores en liza y una media de elo internacional cercana a 2100.&nbsp;<\/b><\/span><\/div>\n","protected":false},"excerpt":{"rendered":"<p>&nbsp;Las dos primeras noticias que destacamos de la nueva temporada tienen como protagonistas las recientes actuaciones de los jugadores de nuestros clubes. De esta forma, la lista de elo publicada por la FIDE el 1 de enero de 2014, recoge los resultados que se produjeron en el campeonato provincial por equipos de Toledo de la [&hellip;]<\/p>\n","protected":false},"author":1,"featured_media":160,"comment_status":"open","ping_status":"closed","sticky":false,"template":"","format":"standard","meta":{"footnotes":""},"categories":[1],"tags":[],"class_list":["post-159","post","type-post","status-publish","format-standard","has-post-thumbnail","hentry","category-noticias"],"_links":{"self":[{"href":"https:\/\/www.bfv.cloud\/ajedrezeuropa\/wp-json\/wp\/v2\/posts\/159","targetHints":{"allow":["GET"]}}],"collection":[{"href":"https:\/\/www.bfv.cloud\/ajedrezeuropa\/wp-json\/wp\/v2\/posts"}],"about":[{"href":"https:\/\/www.bfv.cloud\/ajedrezeuropa\/wp-json\/wp\/v2\/types\/post"}],"author":[{"embeddable":true,"href":"https:\/\/www.bfv.cloud\/ajedrezeuropa\/wp-json\/wp\/v2\/users\/1"}],"replies":[{"embeddable":true,"href":"https:\/\/www.bfv.cloud\/ajedrezeuropa\/wp-json\/wp\/v2\/comments?post=159"}],"version-history":[{"count":1,"href":"https:\/\/www.bfv.cloud\/ajedrezeuropa\/wp-json\/wp\/v2\/posts\/159\/revisions"}],"predecessor-version":[{"id":162,"href":"https:\/\/www.bfv.cloud\/ajedrezeuropa\/wp-json\/wp\/v2\/posts\/159\/revisions\/162"}],"wp:featuredmedia":[{"embeddable":true,"href":"https:\/\/www.bfv.cloud\/ajedrezeuropa\/wp-json\/wp\/v2\/media\/160"}],"wp:attachment":[{"href":"https:\/\/www.bfv.cloud\/ajedrezeuropa\/wp-json\/wp\/v2\/media?parent=159"}],"wp:term":[{"taxonomy":"category","embeddable":true,"href":"https:\/\/www.bfv.cloud\/ajedrezeuropa\/wp-json\/wp\/v2\/categories?post=159"},{"taxonomy":"post_tag","embeddable":true,"href":"https:\/\/www.bfv.cloud\/ajedrezeuropa\/wp-json\/wp\/v2\/tags?post=159"}],"curies":[{"name":"wp","href":"https:\/\/api.w.org\/{rel}","templated":true}]}}