{"id":1593,"date":"2013-02-12T00:59:00","date_gmt":"2013-02-12T00:59:00","guid":{"rendered":"https:\/\/www.bfv.cloud\/ajedrezeuropa\/index.php\/2013\/02\/12\/rueda-de-prensa-de-las-primeras-jornadas-en-el-centro-penitenciario-de-alcazar\/"},"modified":"2025-11-20T10:35:33","modified_gmt":"2025-11-20T10:35:33","slug":"rueda-de-prensa-de-las-primeras-jornadas-en-el-centro-penitenciario-de-alcazar","status":"publish","type":"post","link":"https:\/\/www.bfv.cloud\/ajedrezeuropa\/rueda-de-prensa-de-las-primeras-jornadas-en-el-centro-penitenciario-de-alcazar\/","title":{"rendered":"RUEDA DE PRENSA DE LAS PRIMERAS JORNADAS EN EL CENTRO PENITENCIARIO DE ALC\u00c1ZAR"},"content":{"rendered":"<table cellpadding=\"0\" cellspacing=\"0\" class=\"tr-caption-container\" style=\"float: left;margin-right: 1em;text-align: left\">\n<tbody>\n<tr>\n<td style=\"text-align: center\"><a href=\"https:\/\/www.bfv.cloud\/ajedrezeuropa\/wp-content\/uploads\/2013\/02\/FOTOSRUEDADEPRENSAPRIMERASJORNADAS001.jpg\" style=\"clear: left;margin-bottom: 1em;margin-left: auto;margin-right: auto\"><img fetchpriority=\"high\" decoding=\"async\" border=\"0\" height=\"300\" src=\"https:\/\/blogger.googleusercontent.com\/img\/b\/R29vZ2xl\/AVvXsEivsno677NTOEWMdhZMFlImzo4YDISds6MoVE-L5nW0dYKnF-oRbSUiKVY1Vqno7RaKM5vECIctRR5d9tX50A2SQb7yrElAPGmk9qZTh5EQZEPnlzSSaR7Wc48p6WLFJTD2NM1I7IlD27M\/s400\/FOTOS+RUEDA+DE+PRENSA+PRIMERAS+JORNADAS+001.jpg\" width=\"400\" \/><\/a><\/td>\n<\/tr>\n<tr>\n<td class=\"tr-caption\" style=\"text-align: center\">Una rueda de prensa para presentar el inicio de los programas<br \/>\nsociales de \u00abNuestro Ajedrez en Europa\u00bb<\/td>\n<\/tr>\n<\/tbody>\n<\/table>\n<p>&nbsp;<span style=\"font-family: Verdana, sans-serif\"><b>Este lunes 11 de febrero pasar\u00e1 a la historia de nuestro ajedrez como el d\u00eda que se pusieron en marcha los programas sociales del proyecto que, desde hace algo m\u00e1s de &nbsp;5 a\u00f1os, &nbsp;est\u00e1n reuniendo a las escuelas de ajedrez dependientes de los ayuntamientos de Alc\u00e1zar de San Juan y Villafranca de los Caballeros. En este momento tan importante para cuantos venimos trabajando en el proyecto \u00abNuestro Ajedrez en Europa\u00bb, hemos querido estar acompa\u00f1ados de las personas e instituciones que mejor han entendido la necesidad de crecer en esta direcci\u00f3n, acentuando esta interesant\u00edsima dimensi\u00f3n social.&nbsp;<\/b><\/span><\/p>\n<table cellpadding=\"0\" cellspacing=\"0\" class=\"tr-caption-container\" style=\"float: right;margin-left: 1em;text-align: right\">\n<tbody>\n<tr>\n<td style=\"text-align: center\"><a href=\"https:\/\/www.bfv.cloud\/ajedrezeuropa\/wp-content\/uploads\/2013\/02\/FOTOSRUEDADEPRENSAPRIMERASJORNADAS003.jpg\" style=\"clear: right;margin-bottom: 1em;margin-left: auto;margin-right: auto\"><img decoding=\"async\" border=\"0\" height=\"300\" src=\"https:\/\/blogger.googleusercontent.com\/img\/b\/R29vZ2xl\/AVvXsEjqNyGc2zHuafbTYWBQ3ufyp2Fv5_f4nkqJSiDI47EaBCYBam44yp73PE2FhKP-6-vRGyhM675F8dn0GJ5mJNFsKk0lyYLbkxf7NW58bzxUV7HoOvM2a5tgsBfvG8dm9-4A9Lgfd_UsFVQ\/s400\/FOTOS+RUEDA+DE+PRENSA+PRIMERAS+JORNADAS+003.jpg\" width=\"400\" \/><\/a><\/td>\n<\/tr>\n<tr>\n<td class=\"tr-caption\" style=\"text-align: center\">Juan Antonio Montero, psic\u00f3logo responsable de los programas sociales<br \/>\ndel Club Magic, Mercedes Iruarrizaga, directora del CP de Alc\u00e1zar, y<br \/>\nF\u00e9lix Toribio, director del proyecto ajedrec\u00edstico de Alc\u00e1zar<br \/>\ny Villafranca<\/td>\n<\/tr>\n<\/tbody>\n<\/table>\n<p>&nbsp;<span style=\"font-family: Verdana, sans-serif\"><b>Queremos aprovechar esta ocasi\u00f3n para agradecer a Juan Antonio Montero, psic\u00f3logo responsable de los programas sociales del Club Magic de M\u00e9rida, a Mercedes Iruarrizaga y a Miriam P\u00e9rez, directora y subdirectora respectivamente del Centro Penitenciario de Alc\u00e1zar, su presencia y apoyo en el acto de presentaci\u00f3n ante los medios de comunicaci\u00f3n. Tambi\u00e9n agradecemos la ayuda que nos siguen prestando los ayuntamientos de Alc\u00e1zar y Villafranca que, ahora, se ampl\u00eda a estas actividades de una gran rentabilidad social y de una enorme proyecci\u00f3n p\u00fablica.<\/b><\/span><\/p>\n<table cellpadding=\"0\" cellspacing=\"0\" class=\"tr-caption-container\" style=\"float: right;margin-left: 1em;text-align: right\">\n<tbody>\n<tr>\n<td style=\"text-align: center\"><a href=\"https:\/\/www.bfv.cloud\/ajedrezeuropa\/wp-content\/uploads\/2013\/02\/FOTOSRUEDADEPRENSAPRIMERASJORNADAS006.jpg\" style=\"clear: right;margin-bottom: 1em;margin-left: auto;margin-right: auto\"><img decoding=\"async\" border=\"0\" height=\"300\" src=\"https:\/\/blogger.googleusercontent.com\/img\/b\/R29vZ2xl\/AVvXsEgpDw8s_vwox2rb3cHZGohyphenhyphennixqIVrmbNsE2qA9oriajhcSvPLpPn_VuZw_T_ZH9pHNuoGusf1AZVnAoI3jlUZtd6DoBM8xwtYF-hz6o413QzBfyDhlFHbfZZdVZEdM5YEZfYTTOgQ8-sA\/s400\/FOTOS+RUEDA+DE+PRENSA+PRIMERAS+JORNADAS+006.jpg\" width=\"400\" \/><\/a><\/td>\n<\/tr>\n<tr>\n<td class=\"tr-caption\" style=\"text-align: center\">En el centro de la imagen, Manuel de la Gu\u00eda, Tte. de alcalde y concejal<br \/>\nde deportes del Ayto. de Alc\u00e1zar, acompa\u00f1ado de Miriam P\u00e9rez,<br \/>\nsubdirectora de tratamiento del Centro Penitenciario<\/td>\n<\/tr>\n<\/tbody>\n<\/table>\n<div class=\"separator\" style=\"clear: both;text-align: center\">\n<object><\/object><\/div>\n<p><span style=\"font-family: Verdana, sans-serif\"><b>La jornada inaugural estuvo dividida en 2 actos. Por la ma\u00f1ana, la rueda de prensa, mientras que para la tarde qued\u00f3 la celebraci\u00f3n de la primera jornada dentro del recinto penitenciario con Juan Antonio Montero como ponente. Ante la asistencia de 16 personas, el presidente del Magic, relat\u00f3 la labor desarrollada por su club en las c\u00e1rceles extreme\u00f1as, en los centros de mayores, en centros de drogodependientes e incluso en una nueva iniciativa con ni\u00f1os enfermos de c\u00e1ncer. Lo cierto es que ha resultado una experiencia verdaderamente \u00fatil para todos.<\/b><\/span><\/p>\n","protected":false},"excerpt":{"rendered":"<p>Una rueda de prensa para presentar el inicio de los programas sociales de \u00abNuestro Ajedrez en Europa\u00bb &nbsp;Este lunes 11 de febrero pasar\u00e1 a la historia de nuestro ajedrez como el d\u00eda que se pusieron en marcha los programas sociales del proyecto que, desde hace algo m\u00e1s de &nbsp;5 a\u00f1os, &nbsp;est\u00e1n reuniendo a las escuelas [&hellip;]<\/p>\n","protected":false},"author":1,"featured_media":1594,"comment_status":"open","ping_status":"closed","sticky":false,"template":"","format":"standard","meta":{"footnotes":""},"categories":[1],"tags":[],"class_list":["post-1593","post","type-post","status-publish","format-standard","has-post-thumbnail","hentry","category-noticias"],"_links":{"self":[{"href":"https:\/\/www.bfv.cloud\/ajedrezeuropa\/wp-json\/wp\/v2\/posts\/1593","targetHints":{"allow":["GET"]}}],"collection":[{"href":"https:\/\/www.bfv.cloud\/ajedrezeuropa\/wp-json\/wp\/v2\/posts"}],"about":[{"href":"https:\/\/www.bfv.cloud\/ajedrezeuropa\/wp-json\/wp\/v2\/types\/post"}],"author":[{"embeddable":true,"href":"https:\/\/www.bfv.cloud\/ajedrezeuropa\/wp-json\/wp\/v2\/users\/1"}],"replies":[{"embeddable":true,"href":"https:\/\/www.bfv.cloud\/ajedrezeuropa\/wp-json\/wp\/v2\/comments?post=1593"}],"version-history":[{"count":1,"href":"https:\/\/www.bfv.cloud\/ajedrezeuropa\/wp-json\/wp\/v2\/posts\/1593\/revisions"}],"predecessor-version":[{"id":1597,"href":"https:\/\/www.bfv.cloud\/ajedrezeuropa\/wp-json\/wp\/v2\/posts\/1593\/revisions\/1597"}],"wp:featuredmedia":[{"embeddable":true,"href":"https:\/\/www.bfv.cloud\/ajedrezeuropa\/wp-json\/wp\/v2\/media\/1594"}],"wp:attachment":[{"href":"https:\/\/www.bfv.cloud\/ajedrezeuropa\/wp-json\/wp\/v2\/media?parent=1593"}],"wp:term":[{"taxonomy":"category","embeddable":true,"href":"https:\/\/www.bfv.cloud\/ajedrezeuropa\/wp-json\/wp\/v2\/categories?post=1593"},{"taxonomy":"post_tag","embeddable":true,"href":"https:\/\/www.bfv.cloud\/ajedrezeuropa\/wp-json\/wp\/v2\/tags?post=1593"}],"curies":[{"name":"wp","href":"https:\/\/api.w.org\/{rel}","templated":true}]}}