{"id":1598,"date":"2016-09-05T06:57:00","date_gmt":"2016-09-05T06:57:00","guid":{"rendered":"https:\/\/www.bfv.cloud\/ajedrezeuropa\/index.php\/2016\/09\/05\/nuestro-ajedrez-en-europa-bronce-en-el-regional-por-equipos-sub-18-y-nuestro-ajedrez-por-la-igualdad-8o\/"},"modified":"2025-11-20T10:35:38","modified_gmt":"2025-11-20T10:35:38","slug":"nuestro-ajedrez-en-europa-bronce-en-el-regional-por-equipos-sub-18-y-nuestro-ajedrez-por-la-igualdad-8o","status":"publish","type":"post","link":"https:\/\/www.bfv.cloud\/ajedrezeuropa\/nuestro-ajedrez-en-europa-bronce-en-el-regional-por-equipos-sub-18-y-nuestro-ajedrez-por-la-igualdad-8o\/","title":{"rendered":"NUESTRO AJEDREZ EN EUROPA, BRONCE EN EL REGIONAL POR EQUIPOS SUB-18, Y NUESTRO AJEDREZ POR LA IGUALDAD, 8\u00ba"},"content":{"rendered":"<table cellpadding=\"0\" cellspacing=\"0\" class=\"tr-caption-container\" style=\"float: right;margin-left: 1em;text-align: right\">\n<tbody>\n<tr>\n<td style=\"text-align: center\"><a href=\"https:\/\/www.bfv.cloud\/ajedrezeuropa\/wp-content\/uploads\/2016\/09\/IMG-20160904-WA016.jpg\" style=\"clear: right;margin-bottom: 1em;margin-left: auto;margin-right: auto\"><img fetchpriority=\"high\" decoding=\"async\" border=\"0\" height=\"230\" src=\"https:\/\/blogger.googleusercontent.com\/img\/b\/R29vZ2xl\/AVvXsEjf_dtkyxdhbAFDkOu9mJCTvsrqG9ldxdYSW4MQbgcaE80Inl0IUHMWuiKWWK-aWjHJuc2SaeBC3gt_WaYWXU9iTBD1oYVGAGSJMXXA5x14CyjjXS7QhpZ4-4JSHIce-DHvuunA-3oeYsQ\/s400\/IMG-20160904-WA016.jpg\" width=\"400\" \/><\/a><\/td>\n<\/tr>\n<tr>\n<td class=\"tr-caption\" style=\"text-align: center\">Los componentes de los dos equipos junto a sus entrenadores<\/td>\n<\/tr>\n<\/tbody>\n<\/table>\n<p>&nbsp;<span style=\"color: blue;, sans-serif\"><b>NUESTRO AJEDREZ EN EUROPA se sit\u00faa entre los 3 mejores equipos de Castilla-La Mancha en la categor\u00eda sub-18, despu\u00e9s de celebrarse del 2 al 4 de septiembre el regional por clubes en Albacete. Los 5 componentes del equipo sub-18 de Europa lograron el bronce tras sumar 8 puntos, con 4 victorias y 2 derrotas, distanciando en un punto al 4\u00ba clasificado, los albacete\u00f1os de Parque Sur.<\/b><\/span><\/p>\n<table cellpadding=\"0\" cellspacing=\"0\" class=\"tr-caption-container\" style=\"float: left;margin-right: 1em;text-align: left\">\n<tbody>\n<tr>\n<td style=\"text-align: center\"><a href=\"https:\/\/www.bfv.cloud\/ajedrezeuropa\/wp-content\/uploads\/2016\/09\/IMG-20160904-WA000.jpg\" style=\"clear: left;margin-bottom: 1em;margin-left: auto;margin-right: auto\"><img decoding=\"async\" border=\"0\" height=\"197\" src=\"https:\/\/blogger.googleusercontent.com\/img\/b\/R29vZ2xl\/AVvXsEhSFNQ5EWCq-OTL5k7wpIaolGZHwO3jEJxuj_IBBpYy-6oS2ugB8j4DvdBpflzLPmS2JvqZSRDQkLnTzC88h8U9vgs0muocH7zfoFCIwTqnGRbeOw0fU4QDFer5m4s60KuACp233Rny2BE\/s400\/IMG-20160904-WA000.jpg\" width=\"400\" \/><\/a><\/td>\n<\/tr>\n<tr>\n<td class=\"tr-caption\" style=\"text-align: center\">La 5\u00aa ronda enfrent\u00f3 a nuestros dos equipos<\/td>\n<\/tr>\n<\/tbody>\n<\/table>\n<p><span style=\"color: blue;, sans-serif\"><b>Javier Valdepe\u00f1as Octavio, &nbsp;Roberto L\u00f3pez N\u00fa\u00f1ez, Alfredo Amador And\u00fajar, Irene Sim\u00f3n Escalona y Julio M\u00e9rida Ortiz, han llevado de nuevo a Nuestro Ajedrez en Europa a los puestos de honor de Castilla- La Mancha, aunque en esta ocasi\u00f3n en una categor\u00eda, la sub-18, que conlleva a una mayor dificultad y exigencia t\u00e9cnica.<\/b><\/span><\/p>\n<table cellpadding=\"0\" cellspacing=\"0\" class=\"tr-caption-container\" style=\"float: left;margin-right: 1em;text-align: left\">\n<tbody>\n<tr>\n<td style=\"text-align: center\"><a href=\"https:\/\/www.bfv.cloud\/ajedrezeuropa\/wp-content\/uploads\/2016\/09\/IMG-20160904-WA012.jpg\" style=\"clear: left;margin-bottom: 1em;margin-left: auto;margin-right: auto\"><img decoding=\"async\" border=\"0\" height=\"212\" src=\"https:\/\/blogger.googleusercontent.com\/img\/b\/R29vZ2xl\/AVvXsEjGBuE-UoiUUWk7w3aRF-pggMD2E0Q4Tzo4kuiPdA40uujJhumjnyI78Q9CmRVbgzVuLJW-_0v9BqoygdgcuDH7P2VdLN1zKxVGpGEco-AebxsTkFp2IXI_3QLUqaWS4X3wPUOA-hB_tBo\/s400\/IMG-20160904-WA012.jpg\" width=\"400\" \/><\/a><\/td>\n<\/tr>\n<tr>\n<td class=\"tr-caption\" style=\"text-align: center\">Nuestros jugadores lo celebran seg\u00fan el Dab Dance<\/td>\n<\/tr>\n<\/tbody>\n<\/table>\n<p><span style=\"color: blue;, sans-serif\"><b>El m\u00e9rito de este equipo, dise\u00f1ado para la categor\u00eda sub-16, no solo est\u00e1 en su buen rendimiento deportivo, tambi\u00e9n en conseguirlo con una media de edad que ni siquiera llega a los 15 a\u00f1os.<\/b><\/span><br \/>\n<span style=\"color: blue;, sans-serif\"><b><br \/><\/b><\/span><br \/>\n<span style=\"color: blue;, sans-serif\"><b><i><u>Javier Valdepe\u00f1as, premio al mejor primer tablero<\/u><\/i><\/b><\/span><br \/>\n<span style=\"color: blue;, sans-serif\"><b><i><u><br \/><\/u><\/i><\/b><\/span><br \/>\n<span style=\"color: blue;, sans-serif\"><b>Los organizadores del campeonato tambi\u00e9n reconocieron el esfuerzo de los jugadores por sus resultados en cada uno de los tableros que defendieron. As\u00ed, el primer tablero de Nuestro Ajedrez en Europa, Javier Valdepe\u00f1as, recibi\u00f3 el premio al primer tablero despu\u00e9s de lograr 4,5 puntos en las 5 partidas que le enfrent\u00f3 con los rivales m\u00e1s fuertes de otros tantos equipos.<\/b><\/span><br \/>\n<span style=\"color: blue;, sans-serif\"><b><br \/><\/b><\/span><br \/>\n<span style=\"color: blue;, sans-serif\"><b><i><u>NUESTRO AJEDREZ POR LA IGUALDAD, 8\u00ba CLASIFICADOS EN EL SUB-18<\/u><\/i><\/b><\/span><br \/>\n<span style=\"color: blue;, sans-serif\"><b><i><u><br \/><\/u><\/i><\/b><\/span><br \/>\n<span style=\"color: blue;, sans-serif\"><b>Tambi\u00e9n es un gran resultado el conseguido por el jovenc\u00edsimo equipo de NUESTRO AJEDREZ POR LA IGUALDAD, que con una media de edad de 11 a\u00f1os y medio entre sus 6 jugadores, 3 chicas y 3 chicos, lograron la 8\u00aa plaza en un sub-18 que cont\u00f3 con la participaci\u00f3n de los 10 mejores equipos castellano-manchegos de esta categor\u00eda.<\/b><\/span><br \/>\n<span style=\"color: blue;, sans-serif\"><b>Alonso L\u00f3pez N\u00fa\u00f1ez, Enrique Velasco Aragon\u00e9s, Isabel Marcos-Alberca Lizcano, Nuria Lozano Serrano, Gabriel Amador And\u00fajar y Mar\u00eda Oliver Ropero, sumaron 4 puntos de encuentro y 9 de partidas, mejorando extraordinariamente el resultado del a\u00f1o pasado.<\/b><\/span><br \/>\n<span style=\"color: blue;, sans-serif\"><b>La convicci\u00f3n de los t\u00e9cnicos del proyecto en el crecimiento deportivo de estos chicos y chicas &nbsp;hizo posible que disputaran este campeonato en la categor\u00eda de mayor dificultad, la sub-18, y no en la reservada para los equipos noveles, la sub-12.<\/b><\/span><br \/>\n<span style=\"color: blue;, sans-serif\"><b>\u00a1\u00a1Bravo por todos ellos!!<\/b><\/span><\/p>\n<div class=\"separator\" style=\"clear: both;text-align: center\">\n<\/div>\n<table align=\"center\" cellpadding=\"0\" cellspacing=\"0\" class=\"tr-caption-container\" style=\"margin-left: auto;margin-right: auto;text-align: center\">\n<tbody>\n<tr>\n<td style=\"text-align: center\"><a href=\"https:\/\/www.bfv.cloud\/ajedrezeuropa\/wp-content\/uploads\/2016\/09\/IMG-20160904-WA011.jpg\" style=\"margin-left: auto;margin-right: auto\"><img loading=\"lazy\" decoding=\"async\" border=\"0\" height=\"304\" src=\"https:\/\/blogger.googleusercontent.com\/img\/b\/R29vZ2xl\/AVvXsEhetWef6gF4Gtiou3hE0NXr9RfoP6k36NiwRdF7ObyrVHQkunx3nMP2sOJpsEAIIe4XVyvO6Do0mjWkMumHCN1JF5nqsdkNH6bJC285BBZe0bCJH7I-PoVRTZ79r5ifSKjibjHqqtxDNM8\/s640\/IMG-20160904-WA011.jpg\" width=\"640\" \/><\/a><\/td>\n<\/tr>\n<tr>\n<td class=\"tr-caption\" style=\"text-align: center\">Todos junto a sus trofeos: 3\u00aa clasificados por equipos sub-18 para Europa y<br \/>\n&nbsp;primer mejor tablero para Javier Valdepe\u00f1as<\/td>\n<\/tr>\n<\/tbody>\n<\/table>\n<p><\/p>\n","protected":false},"excerpt":{"rendered":"<p>Los componentes de los dos equipos junto a sus entrenadores &nbsp;NUESTRO AJEDREZ EN EUROPA se sit\u00faa entre los 3 mejores equipos de Castilla-La Mancha en la categor\u00eda sub-18, despu\u00e9s de celebrarse del 2 al 4 de septiembre el regional por clubes en Albacete. Los 5 componentes del equipo sub-18 de Europa lograron el bronce tras [&hellip;]<\/p>\n","protected":false},"author":1,"featured_media":1599,"comment_status":"open","ping_status":"closed","sticky":false,"template":"","format":"standard","meta":{"footnotes":""},"categories":[1],"tags":[],"class_list":["post-1598","post","type-post","status-publish","format-standard","has-post-thumbnail","hentry","category-noticias"],"_links":{"self":[{"href":"https:\/\/www.bfv.cloud\/ajedrezeuropa\/wp-json\/wp\/v2\/posts\/1598","targetHints":{"allow":["GET"]}}],"collection":[{"href":"https:\/\/www.bfv.cloud\/ajedrezeuropa\/wp-json\/wp\/v2\/posts"}],"about":[{"href":"https:\/\/www.bfv.cloud\/ajedrezeuropa\/wp-json\/wp\/v2\/types\/post"}],"author":[{"embeddable":true,"href":"https:\/\/www.bfv.cloud\/ajedrezeuropa\/wp-json\/wp\/v2\/users\/1"}],"replies":[{"embeddable":true,"href":"https:\/\/www.bfv.cloud\/ajedrezeuropa\/wp-json\/wp\/v2\/comments?post=1598"}],"version-history":[{"count":1,"href":"https:\/\/www.bfv.cloud\/ajedrezeuropa\/wp-json\/wp\/v2\/posts\/1598\/revisions"}],"predecessor-version":[{"id":1603,"href":"https:\/\/www.bfv.cloud\/ajedrezeuropa\/wp-json\/wp\/v2\/posts\/1598\/revisions\/1603"}],"wp:featuredmedia":[{"embeddable":true,"href":"https:\/\/www.bfv.cloud\/ajedrezeuropa\/wp-json\/wp\/v2\/media\/1599"}],"wp:attachment":[{"href":"https:\/\/www.bfv.cloud\/ajedrezeuropa\/wp-json\/wp\/v2\/media?parent=1598"}],"wp:term":[{"taxonomy":"category","embeddable":true,"href":"https:\/\/www.bfv.cloud\/ajedrezeuropa\/wp-json\/wp\/v2\/categories?post=1598"},{"taxonomy":"post_tag","embeddable":true,"href":"https:\/\/www.bfv.cloud\/ajedrezeuropa\/wp-json\/wp\/v2\/tags?post=1598"}],"curies":[{"name":"wp","href":"https:\/\/api.w.org\/{rel}","templated":true}]}}