{"id":1604,"date":"2017-09-22T17:30:00","date_gmt":"2017-09-22T17:30:00","guid":{"rendered":"https:\/\/www.bfv.cloud\/ajedrezeuropa\/index.php\/2017\/09\/22\/comienzan-las-escuelas-de-ajedrez-de-alcazar-y-villafranca-con-la-apertura-del-periodo-de-inscripciones\/"},"modified":"2025-11-20T10:35:41","modified_gmt":"2025-11-20T10:35:41","slug":"comienzan-las-escuelas-de-ajedrez-de-alcazar-y-villafranca-con-la-apertura-del-periodo-de-inscripciones","status":"publish","type":"post","link":"https:\/\/www.bfv.cloud\/ajedrezeuropa\/comienzan-las-escuelas-de-ajedrez-de-alcazar-y-villafranca-con-la-apertura-del-periodo-de-inscripciones\/","title":{"rendered":"COMIENZAN LAS ESCUELAS DE AJEDREZ DE ALC\u00c1ZAR Y VILLAFRANCA CON LA APERTURA DEL PERIODO DE INSCRIPCIONES"},"content":{"rendered":"<table cellpadding=\"0\" cellspacing=\"0\" class=\"tr-caption-container\" style=\"margin-left: auto;margin-right: auto;text-align: center\">\n<tbody>\n<tr>\n<td style=\"text-align: center\"><a href=\"https:\/\/www.bfv.cloud\/ajedrezeuropa\/wp-content\/uploads\/2017\/09\/0001-1.jpg\" style=\"clear: right;margin-bottom: 1em;margin-left: auto;margin-right: auto\"><img fetchpriority=\"high\" decoding=\"async\" border=\"0\" data-original-height=\"1600\" data-original-width=\"1131\" height=\"640\" src=\"https:\/\/blogger.googleusercontent.com\/img\/b\/R29vZ2xl\/AVvXsEhTMUtBhDSBIxTncib8xAdj2G2gM0mSUNYByGSNKgsNQWFszwt3ZddoeIasGcXWcBLSLexXjNmBLEXaE4P1NPexKLZO4ITC_NlIbp2DLuWBEiKoeIXsV8DK5pVpyJEw8LbvOrqCLSLbBf4\/s640\/0001.jpg\" width=\"452\" \/><\/a><\/td>\n<\/tr>\n<tr>\n<td class=\"tr-caption\" style=\"text-align: center\">Hoja informativa Escuela de Alc\u00e1zar<\/td>\n<\/tr>\n<\/tbody>\n<\/table>\n<div class=\"separator\" style=\"clear: both;text-align: center\">\n<span style=\"color: #20124d;, sans-serif;font-size: large\"><\/span><\/div>\n<div style=\"text-align: left\">\n<span style=\"color: #20124d;, sans-serif;font-size: large\"><span style=\"color: #20124d;, sans-serif;font-size: large\"><b><br \/><\/b><\/span><\/span><\/div>\n<div style=\"text-align: left\">\n<span style=\"color: #20124d;, sans-serif;font-size: large\"><span style=\"color: #20124d;, sans-serif;font-size: large\"><b>Ma\u00f1ana s\u00e1bado 23 de septiembre comienza la temporada 2017\/2018 en las escuelas de ajedrez de Alc\u00e1zar y Villafranca. El periodo de inscripciones est\u00e1 abierto desde esta misma semana. Para facilitar los tr\u00e1mites y la informaci\u00f3n relativa a las condiciones del alumnado, adjuntamos los modelos utilizados por ambos ayuntamientos para formalizar las inscripciones. Tambi\u00e9n recordamos que las reuniones informativas se celebrar\u00e1n ma\u00f1ana a las 13,30h en el CIJ COVADONGA de Alc\u00e1zar y a las 20h en la CASA DE LA CULTURA de Villafranca.<\/b><\/span><\/span><\/div>\n<div style=\"text-align: left\">\n<span style=\"color: #20124d;, sans-serif;font-size: large\"><span style=\"color: #20124d;, sans-serif;font-size: large\"><b><br \/><\/b><\/span><\/span><\/div>\n<table align=\"center\" cellpadding=\"0\" cellspacing=\"0\" class=\"tr-caption-container\" style=\"margin-left: auto;margin-right: auto;text-align: center\">\n<tbody>\n<tr>\n<td style=\"text-align: center\"><a href=\"https:\/\/www.bfv.cloud\/ajedrezeuropa\/wp-content\/uploads\/2017\/09\/INSCRIPCIONESESCUELASDEPORTIVAS20172018.jpg\" style=\"margin-left: auto;margin-right: auto\"><img decoding=\"async\" border=\"0\" data-original-height=\"1600\" data-original-width=\"1132\" height=\"640\" src=\"https:\/\/blogger.googleusercontent.com\/img\/b\/R29vZ2xl\/AVvXsEiNmjoHGUEgwt3DORSNJReb2_-TSZF0fYAPgyJXcEjWHKFI1tspfNWiV_nxBsxBV0ROL9WwI5nQ-go3UEeoriemMfpOG0gsEVKki0okOUPcyIuGCc2GyLOJO_vdxp1XbHhQsXEGqCmsIvk\/s640\/INSCRIPCIONES+ESCUELAS+DEPORTIVAS+2017+2018.jpg\" width=\"452\" \/><\/a><\/td>\n<\/tr>\n<tr>\n<td class=\"tr-caption\" style=\"text-align: center\">Hoja informativa Escuelas Deportivas Villafranca.<br \/>&nbsp;La Escuela de Ajedrez figura&nbsp;en rojo resaltado en amarillo<\/td>\n<\/tr>\n<\/tbody>\n<\/table>\n<p><\/p>\n","protected":false},"excerpt":{"rendered":"<p>Hoja informativa Escuela de Alc\u00e1zar Ma\u00f1ana s\u00e1bado 23 de septiembre comienza la temporada 2017\/2018 en las escuelas de ajedrez de Alc\u00e1zar y Villafranca. El periodo de inscripciones est\u00e1 abierto desde esta misma semana. Para facilitar los tr\u00e1mites y la informaci\u00f3n relativa a las condiciones del alumnado, adjuntamos los modelos utilizados por ambos ayuntamientos para formalizar [&hellip;]<\/p>\n","protected":false},"author":1,"featured_media":1605,"comment_status":"open","ping_status":"closed","sticky":false,"template":"","format":"standard","meta":{"footnotes":""},"categories":[1],"tags":[],"class_list":["post-1604","post","type-post","status-publish","format-standard","has-post-thumbnail","hentry","category-noticias"],"_links":{"self":[{"href":"https:\/\/www.bfv.cloud\/ajedrezeuropa\/wp-json\/wp\/v2\/posts\/1604","targetHints":{"allow":["GET"]}}],"collection":[{"href":"https:\/\/www.bfv.cloud\/ajedrezeuropa\/wp-json\/wp\/v2\/posts"}],"about":[{"href":"https:\/\/www.bfv.cloud\/ajedrezeuropa\/wp-json\/wp\/v2\/types\/post"}],"author":[{"embeddable":true,"href":"https:\/\/www.bfv.cloud\/ajedrezeuropa\/wp-json\/wp\/v2\/users\/1"}],"replies":[{"embeddable":true,"href":"https:\/\/www.bfv.cloud\/ajedrezeuropa\/wp-json\/wp\/v2\/comments?post=1604"}],"version-history":[{"count":1,"href":"https:\/\/www.bfv.cloud\/ajedrezeuropa\/wp-json\/wp\/v2\/posts\/1604\/revisions"}],"predecessor-version":[{"id":1607,"href":"https:\/\/www.bfv.cloud\/ajedrezeuropa\/wp-json\/wp\/v2\/posts\/1604\/revisions\/1607"}],"wp:featuredmedia":[{"embeddable":true,"href":"https:\/\/www.bfv.cloud\/ajedrezeuropa\/wp-json\/wp\/v2\/media\/1605"}],"wp:attachment":[{"href":"https:\/\/www.bfv.cloud\/ajedrezeuropa\/wp-json\/wp\/v2\/media?parent=1604"}],"wp:term":[{"taxonomy":"category","embeddable":true,"href":"https:\/\/www.bfv.cloud\/ajedrezeuropa\/wp-json\/wp\/v2\/categories?post=1604"},{"taxonomy":"post_tag","embeddable":true,"href":"https:\/\/www.bfv.cloud\/ajedrezeuropa\/wp-json\/wp\/v2\/tags?post=1604"}],"curies":[{"name":"wp","href":"https:\/\/api.w.org\/{rel}","templated":true}]}}