{"id":1608,"date":"2017-05-26T08:35:00","date_gmt":"2017-05-26T08:35:00","guid":{"rendered":"https:\/\/www.bfv.cloud\/ajedrezeuropa\/index.php\/2017\/05\/26\/clara-vela-e-isabel-marcos-alberca-plata-y-bronce-del-provincial-femenino-absoluto-de-ciudad-real\/"},"modified":"2025-11-20T10:35:44","modified_gmt":"2025-11-20T10:35:44","slug":"clara-vela-e-isabel-marcos-alberca-plata-y-bronce-del-provincial-femenino-absoluto-de-ciudad-real","status":"publish","type":"post","link":"https:\/\/www.bfv.cloud\/ajedrezeuropa\/clara-vela-e-isabel-marcos-alberca-plata-y-bronce-del-provincial-femenino-absoluto-de-ciudad-real\/","title":{"rendered":"CLARA VELA E ISABEL MARCOS-ALBERCA, PLATA Y BRONCE DEL PROVINCIAL FEMENINO ABSOLUTO DE CIUDAD REAL"},"content":{"rendered":"<table cellpadding=\"0\" cellspacing=\"0\" class=\"tr-caption-container\" style=\"float: left;margin-right: 1em;text-align: left\">\n<tbody>\n<tr>\n<td style=\"text-align: center\"><a href=\"https:\/\/www.bfv.cloud\/ajedrezeuropa\/wp-content\/uploads\/2017\/05\/IMG-20170407-WA009.jpg\" style=\"clear: left;margin-bottom: 1em;margin-left: auto;margin-right: auto\"><img fetchpriority=\"high\" decoding=\"async\" border=\"0\" data-original-height=\"1200\" data-original-width=\"1600\" height=\"300\" src=\"https:\/\/blogger.googleusercontent.com\/img\/b\/R29vZ2xl\/AVvXsEhiu9Dx5B28vTBOSCcDl4sXkyXtMo1TTauvKGK8N-e-Ej3cSyaXNXCyEwhROa5C6htCU3tc3ZVLeZI1uC_U4rCicBqBsyJGmkww-PhZ_Bp3xmN6GilsVnx9KGHuqQEzNYjKs9DbHy5II38\/s400\/IMG-20170407-WA009.jpg\" width=\"400\" \/><\/a><\/td>\n<\/tr>\n<tr>\n<td class=\"tr-caption\" style=\"text-align: center\">Clara Vela, subcampeona de Ciudad Real<\/td>\n<\/tr>\n<\/tbody>\n<\/table>\n<p>\n<span style=\"color: #20124d;, serif;font-size: large\">El domingo 21 de mayo finaliz\u00f3 en Tomelloso el Campeonato Provincial Absoluto, Femenino y Veterano de Ciudad Real. Clara Vela Adri\u00e1n, con 3,5 puntos, consigui\u00f3 la segunda plaza femenina, mientras que Isabel Marcos-Alberca qued\u00f3 en la 3\u00aa posici\u00f3n de esta categor\u00eda.<\/span><\/p>\n<table cellpadding=\"0\" cellspacing=\"0\" class=\"tr-caption-container\" style=\"float: right;margin-left: 1em;text-align: right\">\n<tbody>\n<tr>\n<td style=\"text-align: center\"><a href=\"https:\/\/www.bfv.cloud\/ajedrezeuropa\/wp-content\/uploads\/2017\/05\/SAM_3377.jpg\" style=\"clear: right;margin-bottom: 1em;margin-left: auto;margin-right: auto\"><img decoding=\"async\" border=\"0\" data-original-height=\"1200\" data-original-width=\"1600\" height=\"300\" src=\"https:\/\/blogger.googleusercontent.com\/img\/b\/R29vZ2xl\/AVvXsEis9DLxcpr0eRLGynXdtBCW_aHtSBKxOQAcVrBXtE3EhlZA0OX-C57as7pWE3mnj3ezbseJyc2Pjd8gJcovuapVttsU_o8c7OZR-3pVYmOvcxlKBEvLjXuV_4h2Oz4_hoHN1pgL34aN0Ps\/s400\/SAM_3377.JPG\" width=\"400\" \/><\/a><\/td>\n<\/tr>\n<tr>\n<td class=\"tr-caption\" style=\"text-align: center\">Isabel Marcos-Alberca, 3\u00aa del rpovincial femenino de Ciudad Real<\/td>\n<\/tr>\n<\/tbody>\n<\/table>\n<p><span style=\"color: #20124d;, sans-serif;font-size: large\"><br \/><\/span><br \/>\n<span style=\"color: #20124d;, sans-serif;font-size: large\"><br \/><\/span><br \/>\n<span style=\"color: #20124d;, sans-serif;font-size: large\">La participaci\u00f3n de jugadores de nuestros clubes se complet\u00f3 con Luismi Monreal, 9\u00ba clasificado; Daniel Climent, 17\u00ba; Carlos P\u00e9rez, 24\u00ba; Roberto Yeghiazaryan, 27\u00ba; Enrique Velasco, 29\u00ba; Pablo Vela, 36\u00ba; Marta Vela, 4\u00aa femenina; Arsenio L\u00f3pez, 47\u00ba, y \u00c1ngel Javier Pozos, 48\u00ba. Adem\u00e1s de la amplia participaci\u00f3n de j\u00f3venes ajedrecistas de nuestros equipos, hay que destacar el buen juego desarrollado durante todo el torneo por vari@s de ell@s.<\/span><br \/>\n<span style=\"color: #20124d;, sans-serif;font-size: large\">\u00a1\u00a1Enhorabuena!!<\/span><\/p>\n","protected":false},"excerpt":{"rendered":"<p>Clara Vela, subcampeona de Ciudad Real El domingo 21 de mayo finaliz\u00f3 en Tomelloso el Campeonato Provincial Absoluto, Femenino y Veterano de Ciudad Real. Clara Vela Adri\u00e1n, con 3,5 puntos, consigui\u00f3 la segunda plaza femenina, mientras que Isabel Marcos-Alberca qued\u00f3 en la 3\u00aa posici\u00f3n de esta categor\u00eda. Isabel Marcos-Alberca, 3\u00aa del rpovincial femenino de Ciudad [&hellip;]<\/p>\n","protected":false},"author":1,"featured_media":1609,"comment_status":"open","ping_status":"closed","sticky":false,"template":"","format":"standard","meta":{"footnotes":""},"categories":[1],"tags":[],"class_list":["post-1608","post","type-post","status-publish","format-standard","has-post-thumbnail","hentry","category-noticias"],"_links":{"self":[{"href":"https:\/\/www.bfv.cloud\/ajedrezeuropa\/wp-json\/wp\/v2\/posts\/1608","targetHints":{"allow":["GET"]}}],"collection":[{"href":"https:\/\/www.bfv.cloud\/ajedrezeuropa\/wp-json\/wp\/v2\/posts"}],"about":[{"href":"https:\/\/www.bfv.cloud\/ajedrezeuropa\/wp-json\/wp\/v2\/types\/post"}],"author":[{"embeddable":true,"href":"https:\/\/www.bfv.cloud\/ajedrezeuropa\/wp-json\/wp\/v2\/users\/1"}],"replies":[{"embeddable":true,"href":"https:\/\/www.bfv.cloud\/ajedrezeuropa\/wp-json\/wp\/v2\/comments?post=1608"}],"version-history":[{"count":1,"href":"https:\/\/www.bfv.cloud\/ajedrezeuropa\/wp-json\/wp\/v2\/posts\/1608\/revisions"}],"predecessor-version":[{"id":1611,"href":"https:\/\/www.bfv.cloud\/ajedrezeuropa\/wp-json\/wp\/v2\/posts\/1608\/revisions\/1611"}],"wp:featuredmedia":[{"embeddable":true,"href":"https:\/\/www.bfv.cloud\/ajedrezeuropa\/wp-json\/wp\/v2\/media\/1609"}],"wp:attachment":[{"href":"https:\/\/www.bfv.cloud\/ajedrezeuropa\/wp-json\/wp\/v2\/media?parent=1608"}],"wp:term":[{"taxonomy":"category","embeddable":true,"href":"https:\/\/www.bfv.cloud\/ajedrezeuropa\/wp-json\/wp\/v2\/categories?post=1608"},{"taxonomy":"post_tag","embeddable":true,"href":"https:\/\/www.bfv.cloud\/ajedrezeuropa\/wp-json\/wp\/v2\/tags?post=1608"}],"curies":[{"name":"wp","href":"https:\/\/api.w.org\/{rel}","templated":true}]}}