{"id":1612,"date":"2017-05-18T19:57:00","date_gmt":"2017-05-18T19:57:00","guid":{"rendered":"https:\/\/www.bfv.cloud\/ajedrezeuropa\/index.php\/2017\/05\/18\/el-ieso-la-falcata-y-nuestro-ajedrez-en-europa-se-unen-para-llevar-5-equipos-al-provincial-de-toledo-s-18-y-s-12\/"},"modified":"2025-11-20T10:35:46","modified_gmt":"2025-11-20T10:35:46","slug":"el-ieso-la-falcata-y-nuestro-ajedrez-en-europa-se-unen-para-llevar-5-equipos-al-provincial-de-toledo-s-18-y-s-12","status":"publish","type":"post","link":"https:\/\/www.bfv.cloud\/ajedrezeuropa\/el-ieso-la-falcata-y-nuestro-ajedrez-en-europa-se-unen-para-llevar-5-equipos-al-provincial-de-toledo-s-18-y-s-12\/","title":{"rendered":"EL IESO LA FALCATA Y NUESTRO AJEDREZ EN EUROPA SE UNEN PARA LLEVAR 5 EQUIPOS AL PROVINCIAL DE TOLEDO S-18 Y S-12"},"content":{"rendered":"<div class=\"separator\" style=\"clear: both;text-align: center\">\n<a href=\"https:\/\/www.bfv.cloud\/ajedrezeuropa\/wp-content\/uploads\/2017\/05\/CARTELCAMPEONATO.jpg\" style=\"clear: right;float: right;margin-bottom: 1em;margin-left: 1em\"><img fetchpriority=\"high\" decoding=\"async\" border=\"0\" height=\"300\" src=\"https:\/\/blogger.googleusercontent.com\/img\/b\/R29vZ2xl\/AVvXsEh30VhNfEpZ-oyRK8hASY669PI_HlnBVLLZXed4RaYlMwNAllgTEqnBATlU31r1__biGlNXWDVSx-H5L3OyJ5bStnUkRacNAfiK9dF2AhEYnMqMtKiYj67c0BtZFv-cmFQuPK3SUmplSMA\/s400\/CARTEL+CAMPEONATO.jpg\" width=\"400\" \/><\/a><\/div>\n<p><span style=\", sans-serif;font-size: large\">El Instituto de Ense\u00f1anza Secundaria Azarquiel de Toledo, que celebra sus 50 a\u00f1os de existencia, acoger\u00e1 el Campeonato Provincial por Equipos de las categor\u00edas sub-18 y sub-12 el pr\u00f3ximo s\u00e1bado 27 de mayo. Ser\u00e1 la primera ocasi\u00f3n en la que este torneo podr\u00e1 contar con la participaci\u00f3n de equipos formados por jugadores de clubes y alumnado de institutos de secundaria, simult\u00e1neamente. El club campe\u00f3n de cada categor\u00eda representar\u00e1 a Toledo en el regional que se disputar\u00e1 del 31 de agosto al 3 de septiembre.<\/span><br \/>\n<span style=\", sans-serif;font-size: large\">En representaci\u00f3n del proyecto Nuestro Ajedrez en Europa, en colaboraci\u00f3n con el IESO La Falcata de Villafranca de los Caballeros, participaremos con 5 equipos formados por los siguientes 22 jugadores y jugadoras:<\/span><\/p>\n<div style=\"text-align: center\">\n<span style=\"font-family: verdana, sans-serif;font-size: large\"><b><u>Campeonato Provincial por Equipos&nbsp;<\/u><\/b><\/span><\/div>\n<div style=\"text-align: center\">\n<span style=\"font-family: verdana, sans-serif;font-size: large\"><b><u>de Toledo Sub-18<\/u><\/b><\/span><\/div>\n<div style=\"text-align: center\">\n<b style=\"font-family: verdana, sans-serif;font-size: x-large\"><u><br \/><\/u><\/b><\/div>\n<div style=\"text-align: center\">\n<span style=\"font-family: verdana, sans-serif;font-size: large\"><u><i>CD NUESTRO AJEDREZ EN EUROPA<\/i><\/u><\/span><\/div>\n<div style=\"text-align: center\">\n<span style=\"color: #20124d;font-family: verdana, sans-serif;font-size: large\"><i>1. Javier Valdepe\u00f1as Octavio<\/i><\/span><\/div>\n<div style=\"text-align: center\">\n<span style=\"color: #20124d;font-family: verdana, sans-serif;font-size: large\"><i>2. Roberto L\u00f3pez N\u00fa\u00f1ez<\/i><\/span><\/div>\n<div style=\"text-align: center\">\n<span style=\"color: #20124d;font-family: verdana, sans-serif;font-size: large\"><i>3. Alfredo Amador And\u00fajar<\/i><\/span><\/div>\n<div style=\"text-align: center\">\n<span style=\"color: #20124d;font-family: verdana, sans-serif;font-size: large\"><i>4. Irene Sim\u00f3n Escalona<\/i><\/span><\/div>\n<div style=\"text-align: center\">\n<span style=\"color: #20124d;font-family: verdana, sans-serif;font-size: large\"><i>5. Julio M\u00e9rida Ortiz<\/i><\/span><\/div>\n<div style=\"text-align: center\">\n<span style=\"color: #20124d;font-family: verdana, sans-serif;font-size: large\"><i><br \/><\/i><\/span><\/div>\n<div style=\"text-align: center\">\n<span style=\"font-family: verdana, sans-serif;font-size: large\"><i><u>CD NUESTRO AJEDREZ POR LA IGUALDAD<\/u><\/i><\/span><\/div>\n<div style=\"text-align: center\">\n<span style=\"color: #20124d;font-family: verdana, sans-serif;font-size: large\"><i>1. Enrique Velasco Aragon\u00e9s<\/i><\/span><\/div>\n<div style=\"text-align: center\">\n<span style=\"color: #20124d;font-family: verdana, sans-serif;font-size: large\"><i>2. Roberto Yeghiazaryan Petrosyan<\/i><\/span><\/div>\n<div style=\"text-align: center\">\n<span style=\"color: #20124d;font-family: verdana, sans-serif;font-size: large\"><i>3. Isabel Marcos-Alberca Lizcano<\/i><\/span><\/div>\n<div style=\"text-align: center\">\n<span style=\"color: #20124d;font-family: verdana, sans-serif;font-size: large\"><i>4. Clara Vela Adri\u00e1n<\/i><\/span><\/div>\n<div style=\"text-align: center\">\n<span style=\"color: #20124d;font-family: verdana, sans-serif;font-size: large\"><i><br \/><\/i><\/span><\/div>\n<div style=\"text-align: center\">\n<span style=\"font-family: verdana, sans-serif;font-size: large\"><i><u>IESO LA FALCATA &#8211; A<\/u><\/i><\/span><\/div>\n<div style=\"text-align: center\">\n<span style=\"color: #20124d;font-family: verdana, sans-serif;font-size: large\"><i>1. Daniel Climent Castillo<\/i><\/span><\/div>\n<div style=\"text-align: center\">\n<span style=\"color: #20124d;font-family: verdana, sans-serif;font-size: large\"><i>2. Arsenio L\u00f3pez Ochoa<\/i><\/span><\/div>\n<div style=\"text-align: center\">\n<span style=\"color: #20124d;font-family: verdana, sans-serif;font-size: large\"><i>3. Mar\u00eda Oliver Ropero<\/i><\/span><\/div>\n<div style=\"text-align: center\">\n<span style=\"color: #20124d;font-family: verdana, sans-serif;font-size: large\"><i>4. Rafael Carrasco Bl\u00e1zquez<\/i><\/span><\/div>\n<div style=\"text-align: center\">\n<span style=\"color: #20124d;font-family: verdana, sans-serif;font-size: large\"><i><br \/><\/i><\/span><\/div>\n<div style=\"text-align: center\">\n<span style=\"font-family: verdana, sans-serif;font-size: large\"><i><u>IESO LA FALCATA &#8211; B<\/u><\/i><\/span><\/div>\n<div style=\"text-align: center\">\n<span style=\"font-family: verdana, sans-serif;font-size: large\"><i><span style=\"color: #20124d\">1. \u00c1ngel Carrasco Bl\u00e1zquez<\/span><\/i><\/span><\/div>\n<div style=\"text-align: center\">\n<span style=\"font-family: verdana, sans-serif;font-size: large\"><i><span style=\"color: #20124d\">2. Marta Vela Adri\u00e1n<\/span><\/i><\/span><\/div>\n<div style=\"text-align: center\">\n<span style=\"font-family: verdana, sans-serif;font-size: large\"><i><span style=\"color: #20124d\">3. Aurora Corrales Carri\u00f3n<\/span><\/i><\/span><\/div>\n<div style=\"text-align: center\">\n<span style=\"font-family: verdana, sans-serif;font-size: large\"><i><span style=\"color: #20124d\">4. Nicol\u00e1s Corrales Carri\u00f3n<\/span><\/i><\/span><\/div>\n<div style=\"text-align: center\">\n<span style=\"font-family: verdana, sans-serif;font-size: large\"><i><span style=\"color: #20124d\">5. Crist\u00f3bal Corrales Carri\u00f3n<\/span><\/i><\/span><\/div>\n<div style=\"text-align: center\">\n<span style=\"font-family: verdana, sans-serif;font-size: large\"><i><span style=\"color: #20124d\"><br \/><\/span><\/i><\/span><\/div>\n<div style=\"text-align: center\">\n<span style=\"font-family: verdana, sans-serif;font-size: large\"><b><u>Campeonato Provincial por Equipos<\/u><\/b><\/span><\/div>\n<div style=\"text-align: center\">\n<span style=\"font-family: verdana, sans-serif;font-size: large\"><b><u>de Toledo Sub-12<\/u><\/b><\/span><\/div>\n<div style=\"text-align: center\">\n<span style=\"font-family: verdana, sans-serif;font-size: large\"><b><u><br \/><\/u><\/b><\/span><\/div>\n<div style=\"text-align: center\">\n<span style=\"font-family: verdana, sans-serif;font-size: large\"><i><u>CD NUESTRO AJEDREZ POR LA IGUALDAD<\/u><\/i><\/span><\/div>\n<div style=\"text-align: center\">\n<span style=\"color: #20124d;font-family: verdana, sans-serif;font-size: large\"><i>1. Alonso L\u00f3pez N\u00fa\u00f1ez<\/i><\/span><\/div>\n<div style=\"text-align: center\">\n<span style=\"color: #20124d;font-family: verdana, sans-serif;font-size: large\"><i>2. Gabriel Amador And\u00fajar<\/i><\/span><\/div>\n<div style=\"text-align: center\">\n<span style=\"color: #20124d;font-family: verdana, sans-serif;font-size: large\"><i>3. Carlos P\u00e9rez Manzanedo<\/i><\/span><\/div>\n<div style=\"text-align: center\">\n<span style=\"color: #20124d;font-family: verdana, sans-serif;font-size: large\"><i>4. Adri\u00e1n Alhambra Rubio<\/i><\/span><\/div>\n<div style=\"text-align: center\">\n<span style=\"color: #20124d;font-family: verdana, sans-serif;font-size: large\"><i><br \/><\/i><\/span><\/div>\n<div style=\"text-align: left\">\n<span style=\"font-family: verdana, sans-serif;font-size: large\">\u00a1\u00a1Buen d\u00eda de competici\u00f3n y mucha suerte a todos!!<\/span><\/div>\n","protected":false},"excerpt":{"rendered":"<p>El Instituto de Ense\u00f1anza Secundaria Azarquiel de Toledo, que celebra sus 50 a\u00f1os de existencia, acoger\u00e1 el Campeonato Provincial por Equipos de las categor\u00edas sub-18 y sub-12 el pr\u00f3ximo s\u00e1bado 27 de mayo. Ser\u00e1 la primera ocasi\u00f3n en la que este torneo podr\u00e1 contar con la participaci\u00f3n de equipos formados por jugadores de clubes y [&hellip;]<\/p>\n","protected":false},"author":1,"featured_media":1613,"comment_status":"open","ping_status":"closed","sticky":false,"template":"","format":"standard","meta":{"footnotes":""},"categories":[1],"tags":[],"class_list":["post-1612","post","type-post","status-publish","format-standard","has-post-thumbnail","hentry","category-noticias"],"_links":{"self":[{"href":"https:\/\/www.bfv.cloud\/ajedrezeuropa\/wp-json\/wp\/v2\/posts\/1612","targetHints":{"allow":["GET"]}}],"collection":[{"href":"https:\/\/www.bfv.cloud\/ajedrezeuropa\/wp-json\/wp\/v2\/posts"}],"about":[{"href":"https:\/\/www.bfv.cloud\/ajedrezeuropa\/wp-json\/wp\/v2\/types\/post"}],"author":[{"embeddable":true,"href":"https:\/\/www.bfv.cloud\/ajedrezeuropa\/wp-json\/wp\/v2\/users\/1"}],"replies":[{"embeddable":true,"href":"https:\/\/www.bfv.cloud\/ajedrezeuropa\/wp-json\/wp\/v2\/comments?post=1612"}],"version-history":[{"count":1,"href":"https:\/\/www.bfv.cloud\/ajedrezeuropa\/wp-json\/wp\/v2\/posts\/1612\/revisions"}],"predecessor-version":[{"id":1614,"href":"https:\/\/www.bfv.cloud\/ajedrezeuropa\/wp-json\/wp\/v2\/posts\/1612\/revisions\/1614"}],"wp:featuredmedia":[{"embeddable":true,"href":"https:\/\/www.bfv.cloud\/ajedrezeuropa\/wp-json\/wp\/v2\/media\/1613"}],"wp:attachment":[{"href":"https:\/\/www.bfv.cloud\/ajedrezeuropa\/wp-json\/wp\/v2\/media?parent=1612"}],"wp:term":[{"taxonomy":"category","embeddable":true,"href":"https:\/\/www.bfv.cloud\/ajedrezeuropa\/wp-json\/wp\/v2\/categories?post=1612"},{"taxonomy":"post_tag","embeddable":true,"href":"https:\/\/www.bfv.cloud\/ajedrezeuropa\/wp-json\/wp\/v2\/tags?post=1612"}],"curies":[{"name":"wp","href":"https:\/\/api.w.org\/{rel}","templated":true}]}}