{"id":1615,"date":"2023-03-29T17:07:00","date_gmt":"2023-03-29T17:07:00","guid":{"rendered":"https:\/\/www.bfv.cloud\/ajedrezeuropa\/index.php\/2023\/03\/29\/ii-torneo-del-ajedrez-en-la-escuela-de-illescas\/"},"modified":"2025-11-20T10:35:51","modified_gmt":"2025-11-20T10:35:51","slug":"ii-torneo-del-ajedrez-en-la-escuela-de-illescas","status":"publish","type":"post","link":"https:\/\/www.bfv.cloud\/ajedrezeuropa\/ii-torneo-del-ajedrez-en-la-escuela-de-illescas\/","title":{"rendered":"II TORNEO DEL AJEDREZ EN LA ESCUELA DE ILLESCAS"},"content":{"rendered":"<p>&nbsp;<\/p>\n<div class=\"separator\" style=\"clear: both;text-align: center\"><a href=\"https:\/\/www.bfv.cloud\/ajedrezeuropa\/wp-content\/uploads\/2023\/03\/CARTEL20II20TORNEO20AJEDREZ20EN20LA20ESCUELA.jpeg\" style=\"clear: left;float: left;margin-bottom: 1em;margin-right: 1em\"><img fetchpriority=\"high\" decoding=\"async\" border=\"0\" data-original-height=\"1280\" data-original-width=\"905\" height=\"640\" src=\"https:\/\/blogger.googleusercontent.com\/img\/b\/R29vZ2xl\/AVvXsEiaQ1figZ5Riaw02z_e2NLBpCcXzPcqE3ZCphEaf1wMeBsjRNDmSFq-vrZWm0QTRPPoF1EumQ6luhBxjUtkyVrTcasnR8R_nUActdnnn3B3r8WJgdVP-wbSmxdP3LQb-k1aLRgQEjlvdLrOLtSWGeCOLw8Ec72bweQlefaoGbmcwqB0nTDfC1fPj0OU\/w452-h640\/CARTEL%20II%20TORNEO%20AJEDREZ%20EN%20LA%20ESCUELA.jpeg\" width=\"452\" \/><\/a><\/div>\n<p><span style=\"font-family: georgia;font-size: large\">El s\u00e1bado 22 de abril los aficionados al ajedrez de cualquier edad tienen una cita para disfrutar de su deporte preferido en el II Torneo del Ajedrez en la Escuela que se celebrar\u00e1 en el Centro de Creaci\u00f3n Joven de Illescas. En esta ocasi\u00f3n se presentan dos novedades: la primera es la celebraci\u00f3n de 2 torneos en paralelo, uno para chicos y chicas de hasta 12 a\u00f1os de edad y el otro para personas de m\u00e1s de 12 a\u00f1os sin l\u00edmite de edad; a este cambio se une la apertura de la condici\u00f3n de la edad, no estableci\u00e9ndose edad m\u00ednima (pueden participar tambi\u00e9n el alumnado de infantil) ni edad m\u00e1xima (al poder participar mayores de 16 a\u00f1os).&nbsp;<\/span><\/p>\n<p><span style=\"font-family: georgia;font-size: large\">Creemos que es una buena ocasi\u00f3n para disfrutar del ajedrez.<\/span><\/p>\n<p><span style=\"font-family: georgia;font-size: large\">Aqu\u00ed ten\u00e9is la ficha de inscripci\u00f3n y las bases de los torneos. Recordad que el periodo de inscripci\u00f3n es del 3 al 15 de abril.<\/span><\/p>\n<\/p>\n<div class=\"separator\" style=\"clear: both;text-align: center\"><a href=\"https:\/\/www.bfv.cloud\/ajedrezeuropa\/wp-content\/uploads\/2023\/03\/HOJA20120INSCRIPCIC393N20II20TORNEO20AJEDREZ20EN20LA20ESCUELA_001.jpg\" style=\"margin-left: 1em;margin-right: 1em\"><img decoding=\"async\" border=\"0\" data-original-height=\"842\" data-original-width=\"595\" height=\"640\" src=\"https:\/\/blogger.googleusercontent.com\/img\/b\/R29vZ2xl\/AVvXsEihaXVdNzMYVcCcRsa-GQ9oshP7GAzfXtXBMJHb30j_TApnLgaGN0iGBy2-WB_RXZ2Gx9sVb2kz1vmLTL5kkgPhMMdD-5gpX4dzHBWggBDLeNkZpDRuWXUcNpQEz3GbP7t-xHl4EiK8k7kN8uiHxTV5HG0UU0ji7WxKfAI_CHPvTUmOqYN4jbfpb5C1\/w453-h640\/HOJA%201%20INSCRIPCI%C3%93N%20II%20TORNEO%20AJEDREZ%20EN%20LA%20ESCUELA_001.jpg\" width=\"453\" \/><\/a><\/div>\n<p><\/p>\n<div class=\"separator\" style=\"clear: both;text-align: center\"><a href=\"https:\/\/www.bfv.cloud\/ajedrezeuropa\/wp-content\/uploads\/2023\/03\/HOJA20220INSCRIPCIC393N20II20TORNEO20AJEDREZ20EN20LA20ESCUELA_002.jpg\" style=\"margin-left: 1em;margin-right: 1em\"><img decoding=\"async\" border=\"0\" data-original-height=\"842\" data-original-width=\"595\" height=\"640\" src=\"https:\/\/blogger.googleusercontent.com\/img\/b\/R29vZ2xl\/AVvXsEgatI9B5zX7yzACsKqBj7EkZGoAjgJtoIrfBJOCcrod7GqKYT_o8K93CpKc8otdhUivmjkRNBU-T1jZWHk8rkqxateKyLpCm9eY2fYGRvvL1mu1o99NmVmgbMINvptFr25f2cPVyDh70fJYhl1u44k1Bl2CwO1qyaf1IyvRsQyGx7pf0M-mRYfdj-MW\/w453-h640\/HOJA%202%20INSCRIPCI%C3%93N%20II%20TORNEO%20AJEDREZ%20EN%20LA%20ESCUELA_002.jpg\" width=\"453\" \/><\/a><\/div>\n<p><\/p>\n<div class=\"separator\" style=\"clear: both;text-align: center\"><a href=\"https:\/\/www.bfv.cloud\/ajedrezeuropa\/wp-content\/uploads\/2023\/03\/BASES20II20TORNEO20AJEDREZ20EN20LA20ESCUELA202023-ABS_001.jpg\" style=\"margin-left: 1em;margin-right: 1em\"><img loading=\"lazy\" decoding=\"async\" border=\"0\" data-original-height=\"842\" data-original-width=\"595\" height=\"640\" src=\"https:\/\/blogger.googleusercontent.com\/img\/b\/R29vZ2xl\/AVvXsEhSfIb8qOC4TB0F91ypQKB79J2upxrBdhcKJvQS6x5xnh3tsUk-WwK94NX016kE9Tkd_1zjnbYBlsrml7nup54c5-nGRC0T0eCnIUbj7r3btjSRymM3-8ERnSWFo2Uoz0lKorUk7J1V8O2xwcRcOqk1FDxnXUfuGfHqWrxDdaMssoB0Lp45KJC7HqMc\/w452-h640\/BASES%20II%20TORNEO%20AJEDREZ%20EN%20LA%20ESCUELA%202023-ABS_001.jpg\" width=\"452\" \/><\/a><\/div>\n<p><\/p>\n<div class=\"separator\" style=\"clear: both;text-align: center\"><a href=\"https:\/\/www.bfv.cloud\/ajedrezeuropa\/wp-content\/uploads\/2023\/03\/BASES20II20TORNEO20AJEDREZ20EN20LA20ESCUELA202023-S12_001.jpg\" style=\"margin-left: 1em;margin-right: 1em\"><img loading=\"lazy\" decoding=\"async\" border=\"0\" data-original-height=\"842\" data-original-width=\"595\" height=\"640\" src=\"https:\/\/blogger.googleusercontent.com\/img\/b\/R29vZ2xl\/AVvXsEjK3TVFRpdZw8ANJ7o2IBIIROZtZIeXr6JG5hN9GqZtl1mQoKmCGEz0xITy-4EBA9cV6ro0iGjtQY9HEcMOtxglA13ZjFnXvR4DU5kDG-jKsEr4nhmNOWGVrnuBJ5jC_cORjEjWYWnQswfpHTd0Qd-ivw147iFxLochqz2Mzb3Pn40yTrEjRpLT9cra\/w452-h640\/BASES%20II%20TORNEO%20AJEDREZ%20EN%20LA%20ESCUELA%202023-S12_001.jpg\" width=\"452\" \/><\/a><\/div>\n<p><\/p>\n<div class=\"separator\" style=\"clear: both;text-align: center\"><\/div>\n<p><span style=\"font-family: georgia;font-size: large\"><br \/><\/span><\/p>\n","protected":false},"excerpt":{"rendered":"<p>&nbsp; El s\u00e1bado 22 de abril los aficionados al ajedrez de cualquier edad tienen una cita para disfrutar de su deporte preferido en el II Torneo del Ajedrez en la Escuela que se celebrar\u00e1 en el Centro de Creaci\u00f3n Joven de Illescas. En esta ocasi\u00f3n se presentan dos novedades: la primera es la celebraci\u00f3n de [&hellip;]<\/p>\n","protected":false},"author":1,"featured_media":1616,"comment_status":"open","ping_status":"closed","sticky":false,"template":"","format":"standard","meta":{"footnotes":""},"categories":[1],"tags":[],"class_list":["post-1615","post","type-post","status-publish","format-standard","has-post-thumbnail","hentry","category-noticias"],"_links":{"self":[{"href":"https:\/\/www.bfv.cloud\/ajedrezeuropa\/wp-json\/wp\/v2\/posts\/1615","targetHints":{"allow":["GET"]}}],"collection":[{"href":"https:\/\/www.bfv.cloud\/ajedrezeuropa\/wp-json\/wp\/v2\/posts"}],"about":[{"href":"https:\/\/www.bfv.cloud\/ajedrezeuropa\/wp-json\/wp\/v2\/types\/post"}],"author":[{"embeddable":true,"href":"https:\/\/www.bfv.cloud\/ajedrezeuropa\/wp-json\/wp\/v2\/users\/1"}],"replies":[{"embeddable":true,"href":"https:\/\/www.bfv.cloud\/ajedrezeuropa\/wp-json\/wp\/v2\/comments?post=1615"}],"version-history":[{"count":1,"href":"https:\/\/www.bfv.cloud\/ajedrezeuropa\/wp-json\/wp\/v2\/posts\/1615\/revisions"}],"predecessor-version":[{"id":1621,"href":"https:\/\/www.bfv.cloud\/ajedrezeuropa\/wp-json\/wp\/v2\/posts\/1615\/revisions\/1621"}],"wp:featuredmedia":[{"embeddable":true,"href":"https:\/\/www.bfv.cloud\/ajedrezeuropa\/wp-json\/wp\/v2\/media\/1616"}],"wp:attachment":[{"href":"https:\/\/www.bfv.cloud\/ajedrezeuropa\/wp-json\/wp\/v2\/media?parent=1615"}],"wp:term":[{"taxonomy":"category","embeddable":true,"href":"https:\/\/www.bfv.cloud\/ajedrezeuropa\/wp-json\/wp\/v2\/categories?post=1615"},{"taxonomy":"post_tag","embeddable":true,"href":"https:\/\/www.bfv.cloud\/ajedrezeuropa\/wp-json\/wp\/v2\/tags?post=1615"}],"curies":[{"name":"wp","href":"https:\/\/api.w.org\/{rel}","templated":true}]}}