{"id":1622,"date":"2016-07-24T17:01:00","date_gmt":"2016-07-24T17:01:00","guid":{"rendered":"https:\/\/www.bfv.cloud\/ajedrezeuropa\/index.php\/2016\/07\/24\/finalizan-los-campeonatos-de-espana-por-edades-para-los-jugadores-de-nuestro-ajedrez\/"},"modified":"2025-11-20T10:35:55","modified_gmt":"2025-11-20T10:35:55","slug":"finalizan-los-campeonatos-de-espana-por-edades-para-los-jugadores-de-nuestro-ajedrez","status":"publish","type":"post","link":"https:\/\/www.bfv.cloud\/ajedrezeuropa\/finalizan-los-campeonatos-de-espana-por-edades-para-los-jugadores-de-nuestro-ajedrez\/","title":{"rendered":"FINALIZAN LOS CAMPEONATOS DE ESPA\u00d1A POR EDADES PARA LOS JUGADORES DE NUESTRO AJEDREZ"},"content":{"rendered":"<table cellpadding=\"0\" cellspacing=\"0\" class=\"tr-caption-container\" style=\"float: right;margin-left: 1em;text-align: right\">\n<tbody>\n<tr>\n<td style=\"text-align: center\"><a href=\"https:\/\/www.bfv.cloud\/ajedrezeuropa\/wp-content\/uploads\/2016\/07\/IMG-20160723-WA000.jpg\" style=\"clear: right;margin-bottom: 1em;margin-left: auto;margin-right: auto\"><img fetchpriority=\"high\" decoding=\"async\" border=\"0\" height=\"640\" src=\"https:\/\/blogger.googleusercontent.com\/img\/b\/R29vZ2xl\/AVvXsEgWKU6XSTZeKJ_lAogZUFdlP4Xj-bV4LevqgcNCrNjTqHA064NGRNTWcSOr9SzYtHqbU62UkgLEw6OWqT41KxYPYDEempG1z51HT1Hfk0jZn1O4wpBwazcK_SW_IyX8QxXPaLwbqbZJE0A\/s640\/IMG-20160723-WA000.jpg\" width=\"372\" \/><\/a><\/td>\n<\/tr>\n<tr>\n<td class=\"tr-caption\" style=\"text-align: center\">Roberto e Isabel al finalizar el nacional sub-16<\/td>\n<\/tr>\n<\/tbody>\n<\/table>\n<p><span style=\"font-family: Trebuchet MS, sans-serif\"><b><span style=\"color: blue\">Roberto L\u00f3pez e Isabel Marcos-Alberca <\/span>han culminado su participaci\u00f3n en el Campeonato de Espa\u00f1a sub-16, con 4 y 2 puntos, respectivamente. La categor\u00eda reservada para los chicos y chicas de hasta 16 a\u00f1os de edad sigue siendo una de las m\u00e1s exigentes y dif\u00edciles de cuantas se juegan en los torneos nacionales de Salobre\u00f1a.<\/b><\/span><br \/>\n<span style=\"font-family: Trebuchet MS, sans-serif\"><b>El paso de nuestros dos ajedrecistas por esta competici\u00f3n es muy importante desde distintos puntos de vista, aunque a veces los resultados no terminen de favorecernos. Para <span style=\"color: blue\">Isabel y Roberto<\/span>&nbsp;habr\u00e1 m\u00e1s temporadas de los campeonatos por edades donde disfrutar de la evoluci\u00f3n de su juego e intentar superar los resultados obtenidos en 2016. Ahora hay que seguir trabajando y aprendiendo, despu\u00e9s de demostrar en un gran n\u00famero de torneos su mejora en la comprensi\u00f3n de las estrategias y t\u00e1cticas del ajedrez.<\/b><\/span><br \/>\n<span style=\"font-family: Trebuchet MS, sans-serif\"><b><br \/><\/b><\/span><\/p>\n<h3>\n<span style=\"font-family: Trebuchet MS, sans-serif\"><b>\u00a1\u00a1Enhorabuena a los dos por poner vuestro coraz\u00f3n al servicio de una bella afici\u00f3n!!<\/b><\/span><\/h3>\n<table cellpadding=\"0\" cellspacing=\"0\" class=\"tr-caption-container\" style=\"float: left;margin-right: 1em;text-align: left\">\n<tbody>\n<tr>\n<td style=\"text-align: center\"><a href=\"https:\/\/www.bfv.cloud\/ajedrezeuropa\/wp-content\/uploads\/2016\/07\/IMG-20160722-WA003.jpg\" style=\"clear: left;margin-bottom: 1em;margin-left: auto;margin-right: auto\"><img decoding=\"async\" border=\"0\" height=\"640\" src=\"https:\/\/blogger.googleusercontent.com\/img\/b\/R29vZ2xl\/AVvXsEiSFvKSjIpGfDFuhJ8LEFjHJfn3-NjVjKGofhmG-du63hVOapgt5C9l0hVDLyA-OURQ2wHkDxYzOLGvMHOR7rsluKvW2D2x5Y5rENTKH7zFRSE5CEFq8q4U7_lPA9cJMH-44Tv0QarcAMg\/s640\/IMG-20160722-WA003.jpg\" width=\"480\" \/><\/a><\/td>\n<\/tr>\n<tr>\n<td class=\"tr-caption\" style=\"text-align: center\">Familia de ajedrecistas: Roberto y su hermano<br \/>Alonso, dos ajedrecistas con gran futuro<\/td>\n<\/tr>\n<\/tbody>\n<\/table>\n<div class=\"separator\" style=\"clear: both;text-align: center\">\n<table cellpadding=\"0\" cellspacing=\"0\" class=\"tr-caption-container\" style=\"clear: right;float: right;margin-bottom: 1em;margin-left: 1em;text-align: right\">\n<tbody>\n<tr>\n<td style=\"text-align: center\"><a href=\"https:\/\/www.bfv.cloud\/ajedrezeuropa\/wp-content\/uploads\/2016\/07\/IMG-20160722-WA000.jpg\" style=\"clear: left;margin-bottom: 1em;margin-left: auto;margin-right: auto\"><img decoding=\"async\" border=\"0\" height=\"640\" src=\"https:\/\/blogger.googleusercontent.com\/img\/b\/R29vZ2xl\/AVvXsEhEEnPUl76qBabfN_SuHYwjGV4iRH-dBzevJyv4lL0Eq12xmYZN6bHYVo5nOVa1pHoG9PPtKerS6PE2_Q_9PQioaieZ9dZ0DzeXwiywl3-NCwA_JkBVWT9dIKqSyGmYFtQjXISPdGUN7zU\/s640\/IMG-20160722-WA000.jpg\" width=\"480\" \/><\/a><\/td>\n<\/tr>\n<tr>\n<td class=\"tr-caption\" style=\"text-align: center\">Isabel ha superado con brillantez las pruebas<br \/>de los diversos campeonatos nacionales<br \/>que ha disputado en 2016<\/td>\n<\/tr>\n<\/tbody>\n<\/table>\n<\/div>\n","protected":false},"excerpt":{"rendered":"<p>Roberto e Isabel al finalizar el nacional sub-16 Roberto L\u00f3pez e Isabel Marcos-Alberca han culminado su participaci\u00f3n en el Campeonato de Espa\u00f1a sub-16, con 4 y 2 puntos, respectivamente. La categor\u00eda reservada para los chicos y chicas de hasta 16 a\u00f1os de edad sigue siendo una de las m\u00e1s exigentes y dif\u00edciles de cuantas se [&hellip;]<\/p>\n","protected":false},"author":1,"featured_media":1623,"comment_status":"open","ping_status":"closed","sticky":false,"template":"","format":"standard","meta":{"footnotes":""},"categories":[1],"tags":[],"class_list":["post-1622","post","type-post","status-publish","format-standard","has-post-thumbnail","hentry","category-noticias"],"_links":{"self":[{"href":"https:\/\/www.bfv.cloud\/ajedrezeuropa\/wp-json\/wp\/v2\/posts\/1622","targetHints":{"allow":["GET"]}}],"collection":[{"href":"https:\/\/www.bfv.cloud\/ajedrezeuropa\/wp-json\/wp\/v2\/posts"}],"about":[{"href":"https:\/\/www.bfv.cloud\/ajedrezeuropa\/wp-json\/wp\/v2\/types\/post"}],"author":[{"embeddable":true,"href":"https:\/\/www.bfv.cloud\/ajedrezeuropa\/wp-json\/wp\/v2\/users\/1"}],"replies":[{"embeddable":true,"href":"https:\/\/www.bfv.cloud\/ajedrezeuropa\/wp-json\/wp\/v2\/comments?post=1622"}],"version-history":[{"count":1,"href":"https:\/\/www.bfv.cloud\/ajedrezeuropa\/wp-json\/wp\/v2\/posts\/1622\/revisions"}],"predecessor-version":[{"id":1626,"href":"https:\/\/www.bfv.cloud\/ajedrezeuropa\/wp-json\/wp\/v2\/posts\/1622\/revisions\/1626"}],"wp:featuredmedia":[{"embeddable":true,"href":"https:\/\/www.bfv.cloud\/ajedrezeuropa\/wp-json\/wp\/v2\/media\/1623"}],"wp:attachment":[{"href":"https:\/\/www.bfv.cloud\/ajedrezeuropa\/wp-json\/wp\/v2\/media?parent=1622"}],"wp:term":[{"taxonomy":"category","embeddable":true,"href":"https:\/\/www.bfv.cloud\/ajedrezeuropa\/wp-json\/wp\/v2\/categories?post=1622"},{"taxonomy":"post_tag","embeddable":true,"href":"https:\/\/www.bfv.cloud\/ajedrezeuropa\/wp-json\/wp\/v2\/tags?post=1622"}],"curies":[{"name":"wp","href":"https:\/\/api.w.org\/{rel}","templated":true}]}}