{"id":1627,"date":"2024-08-06T17:44:00","date_gmt":"2024-08-06T17:44:00","guid":{"rendered":"https:\/\/www.bfv.cloud\/ajedrezeuropa\/index.php\/2024\/08\/06\/nuestro-campus-de-verano-celebra-su-xvii-edicion\/"},"modified":"2025-11-20T10:36:04","modified_gmt":"2025-11-20T10:36:04","slug":"nuestro-campus-de-verano-celebra-su-xvii-edicion","status":"publish","type":"post","link":"https:\/\/www.bfv.cloud\/ajedrezeuropa\/nuestro-campus-de-verano-celebra-su-xvii-edicion\/","title":{"rendered":"NUESTRO CAMPUS DE VERANO CELEBRA SU XVII EDICI\u00d3N"},"content":{"rendered":"<p>&nbsp;<a href=\"https:\/\/www.bfv.cloud\/ajedrezeuropa\/wp-content\/uploads\/2024\/08\/020GRUPO20ALUMNOS20Y20AUTORIDADES.jpg\" style=\"margin-left: 1em;margin-right: 1em;text-align: center\"><img fetchpriority=\"high\" decoding=\"async\" border=\"0\" data-original-height=\"814\" data-original-width=\"1583\" height=\"330\" src=\"https:\/\/blogger.googleusercontent.com\/img\/b\/R29vZ2xl\/AVvXsEgbBoJhJ3Es-93Yb71c6rQuqOL-6BWG9dUz0lcpBIkQ2oTpXHqGmgGf7tHVnaiinOM2e8WPL8O_CqFl5YMgoOF5JfRBvx7ajGfXIYVN747lHbPT6UMvFd9YP1yueI8YQylS2OE1dL8F0uJkXpo1QtPrNWyg7wnJ7L4ZXl7LkeX1ovwxPvNXoMruTHBFxVw\/w640-h330\/0%20GRUPO%20ALUMNOS%20Y%20AUTORIDADES.jpg\" width=\"640\" \/><\/a><\/p>\n<p><span style=\"font-family: Open Sans;font-size: large\">El pasado lunes comenz\u00f3 el campus de verano de Nuestro Ajedrez en Europa que ya va por su 17\u00aa edici\u00f3n. En estos d\u00edas 5, 6 y 7 de agosto las clases y las actividades complementarias se desarrollan en Alc\u00e1zar de San Juan, entre el CEIP Jes\u00fas Ruiz y el hotel Intelier Air\u00e9n. Las principales caracter\u00edsticas del campus se mantienen respecto a los \u00faltimos a\u00f1os, destacando el aumento de la participaci\u00f3n que ya alcanza los 40 ni\u00f1os y ni\u00f1as, con edades comprendidas entre los 5 y los 18 a\u00f1os.<\/span><\/p>\n<p><span style=\"font-family: Open Sans;font-size: large\"><b><u>Respaldo institucional<\/u><\/b><\/span><\/p>\n<p><span style=\"font-family: Open Sans;font-size: large\"><b><\/b><\/span><\/p>\n<div class=\"separator\" style=\"clear: both;text-align: center\"><span style=\"font-family: Open Sans;font-size: large\"><b><a href=\"https:\/\/www.bfv.cloud\/ajedrezeuropa\/wp-content\/uploads\/2024\/08\/220RUEDA20DE20PRENSA.jpg\" style=\"margin-left: 1em;margin-right: 1em\"><img decoding=\"async\" border=\"0\" data-original-height=\"968\" data-original-width=\"1444\" height=\"430\" src=\"https:\/\/blogger.googleusercontent.com\/img\/b\/R29vZ2xl\/AVvXsEiY4fA8FGq0vy94fOeSppX76XK882QN2iChWUGu5ZE3QGSgmfZKXXsZF87xywIhETZRHGo_QXslg-yviXxm8FewGk935mDv5jgD0rhhjtVIuE2Lx_B8o1kY5LJFADa_ZZoQUKp1iTR06Loz5AvJkS5XR6K3C_dE6gPl1Dkh8pj2pCXNFzn6xuyfZyUmcVk\/w640-h430\/2%20RUEDA%20DE%20PRENSA.jpg\" width=\"640\" \/><\/a><\/b><\/span><\/div>\n<p><span style=\"font-size: x-large\"><\/p>\n<p>La inauguraci\u00f3n cont\u00f3 con la presencia del Gobierno regional, representado por Carlos Yuste, Dtor Gral de Juventud y Deportes de la Junta de Castilla-La Mancha, de Rosa Melchor, m\u00e1xima responsable del ayuntamiento de Alc\u00e1zar de San Juan, y Juli\u00e1n Bola\u00f1os, alcalde de Villafranca de los Caballeros, que estuvieron acompa\u00f1ados de los respectivos concejales de deportes: Javier Ortega y Mayfe \u00dabeda. Este respaldo institucional es muy importante para el proyecto Nuestro Ajedrez en Europa, nacido de la colaboraci\u00f3n entre dos ayuntamientos y que con el paso del tiempo ha sabido incorporar nuevos proyectos que han ampliado las administraciones que colaboran en su financiaci\u00f3n.<\/p>\n<p><b><u>Hasta el pr\u00f3ximo s\u00e1bado que finalizar\u00e1 en Villafranca de los Caballeros<\/u><\/b><\/p>\n<p>A partir del jueves 8 de agosto el campus estar\u00e1 en las aulas de la casa de la cultura de Villafranca de los Caballeros, concluyendo el s\u00e1bado 10 de agosto con una clausura que seguro alcanzar\u00e1 su mayor nivel de participaci\u00f3n.&nbsp;<\/p>\n<div class=\"separator\" style=\"clear: both;text-align: center\"><a href=\"https:\/\/www.bfv.cloud\/ajedrezeuropa\/wp-content\/uploads\/2024\/08\/720SALA20DE20ACTO20INAUGURAL.jpg\" style=\"margin-left: 1em;margin-right: 1em\"><img decoding=\"async\" border=\"0\" data-original-height=\"812\" data-original-width=\"1583\" height=\"328\" src=\"https:\/\/blogger.googleusercontent.com\/img\/b\/R29vZ2xl\/AVvXsEiW0XP0Hn7SHB-NFDxQOVUBOIEU0xdlrOZ5C0F1IkyNiYJL5vL4AqV6thN8Q07olZcPQb3dg2xL7Wwol8cmMHtNOncXmiOqmxoe0Co20i-ihVGvOFco4YQHuvLwRqgcmuJrj_9Z2blWgQzVSOXX0VOFw_y24hu-IdvPwqbdIMlbC5K1ZSI65mwg5gDBRXU\/w640-h328\/7%20SALA%20DE%20ACTO%20INAUGURAL.jpg\" width=\"640\" \/><\/a><\/div>\n<p><\/p>\n<div class=\"separator\" style=\"clear: both;text-align: center\"><a href=\"https:\/\/www.bfv.cloud\/ajedrezeuropa\/wp-content\/uploads\/2024\/08\/6A20UBI20EN20CLASE.jpg\" style=\"margin-left: 1em;margin-right: 1em\"><img loading=\"lazy\" decoding=\"async\" border=\"0\" data-original-height=\"916\" data-original-width=\"1412\" height=\"416\" src=\"https:\/\/blogger.googleusercontent.com\/img\/b\/R29vZ2xl\/AVvXsEidg64i1-8-VF8DHzm4tDxxOekYZUCPAXE9pzlerfJBBEUsFAd51XJHei19kYIE4UR6TXd5E8TVrMGrdvAeKG98wgFZVZ5sCLmCjq30ADca-Vfno0KX9MyaHJet2PGl_Xt3uJjwU43CMNTI2ai0NA9SaNyEh09nywApt_ie25GZohqZYD_AOWfq4j6HOsk\/w640-h416\/6A%20UBI%20EN%20CLASE.jpg\" width=\"640\" \/><\/a><\/div>\n<p><\/span><\/p>\n<div class=\"separator\" style=\"clear: both;text-align: center\"><a href=\"https:\/\/www.bfv.cloud\/ajedrezeuropa\/wp-content\/uploads\/2024\/08\/ENTREVISTA20EN20ONDA20CERO-scaled.jpg\" style=\"margin-left: 1em;margin-right: 1em\"><br \/><img loading=\"lazy\" decoding=\"async\" border=\"0\" data-original-height=\"2540\" data-original-width=\"3956\" height=\"410\" src=\"https:\/\/blogger.googleusercontent.com\/img\/b\/R29vZ2xl\/AVvXsEhTCpvnq2Xyl6f6ewbBHNrYsex3j14QEQSO0vbDEzBNVjKaqDKYkGx1rXOEV6ZzoQOk2zO5Ite8ZZYE3jccXQmSxv0mJudEvW13eHunH2I50zNi1tJ-aLMtxwQ6IQGWW0P6QnRHnV-Qy3OqNpOg_pTTJUZ3Te9qI4aKC95R8ctmONHDQj9Nn2HgGg0akEg\/w640-h410\/ENTREVISTA%20EN%20ONDA%20CERO.jpg\" width=\"640\" \/><\/a><\/div>\n<p><\/p>\n","protected":false},"excerpt":{"rendered":"<p>&nbsp; El pasado lunes comenz\u00f3 el campus de verano de Nuestro Ajedrez en Europa que ya va por su 17\u00aa edici\u00f3n. En estos d\u00edas 5, 6 y 7 de agosto las clases y las actividades complementarias se desarrollan en Alc\u00e1zar de San Juan, entre el CEIP Jes\u00fas Ruiz y el hotel Intelier Air\u00e9n. Las principales [&hellip;]<\/p>\n","protected":false},"author":1,"featured_media":1628,"comment_status":"open","ping_status":"closed","sticky":false,"template":"","format":"standard","meta":{"footnotes":""},"categories":[1],"tags":[],"class_list":["post-1627","post","type-post","status-publish","format-standard","has-post-thumbnail","hentry","category-noticias"],"_links":{"self":[{"href":"https:\/\/www.bfv.cloud\/ajedrezeuropa\/wp-json\/wp\/v2\/posts\/1627","targetHints":{"allow":["GET"]}}],"collection":[{"href":"https:\/\/www.bfv.cloud\/ajedrezeuropa\/wp-json\/wp\/v2\/posts"}],"about":[{"href":"https:\/\/www.bfv.cloud\/ajedrezeuropa\/wp-json\/wp\/v2\/types\/post"}],"author":[{"embeddable":true,"href":"https:\/\/www.bfv.cloud\/ajedrezeuropa\/wp-json\/wp\/v2\/users\/1"}],"replies":[{"embeddable":true,"href":"https:\/\/www.bfv.cloud\/ajedrezeuropa\/wp-json\/wp\/v2\/comments?post=1627"}],"version-history":[{"count":1,"href":"https:\/\/www.bfv.cloud\/ajedrezeuropa\/wp-json\/wp\/v2\/posts\/1627\/revisions"}],"predecessor-version":[{"id":1633,"href":"https:\/\/www.bfv.cloud\/ajedrezeuropa\/wp-json\/wp\/v2\/posts\/1627\/revisions\/1633"}],"wp:featuredmedia":[{"embeddable":true,"href":"https:\/\/www.bfv.cloud\/ajedrezeuropa\/wp-json\/wp\/v2\/media\/1628"}],"wp:attachment":[{"href":"https:\/\/www.bfv.cloud\/ajedrezeuropa\/wp-json\/wp\/v2\/media?parent=1627"}],"wp:term":[{"taxonomy":"category","embeddable":true,"href":"https:\/\/www.bfv.cloud\/ajedrezeuropa\/wp-json\/wp\/v2\/categories?post=1627"},{"taxonomy":"post_tag","embeddable":true,"href":"https:\/\/www.bfv.cloud\/ajedrezeuropa\/wp-json\/wp\/v2\/tags?post=1627"}],"curies":[{"name":"wp","href":"https:\/\/api.w.org\/{rel}","templated":true}]}}