{"id":163,"date":"2019-01-30T18:20:00","date_gmt":"2019-01-30T18:20:00","guid":{"rendered":"https:\/\/www.bfv.cloud\/ajedrezeuropa\/index.php\/2019\/01\/30\/el-campeonato-escolar-de-ciudad-real-a-falta-de-una-jornada\/"},"modified":"2025-11-20T10:14:16","modified_gmt":"2025-11-20T10:14:16","slug":"el-campeonato-escolar-de-ciudad-real-a-falta-de-una-jornada","status":"publish","type":"post","link":"https:\/\/www.bfv.cloud\/ajedrezeuropa\/el-campeonato-escolar-de-ciudad-real-a-falta-de-una-jornada\/","title":{"rendered":"EL CAMPEONATO ESCOLAR DE CIUDAD REAL A FALTA DE UNA JORNADA"},"content":{"rendered":"<table cellpadding=\"0\" cellspacing=\"0\" class=\"tr-caption-container\" style=\"float: left;margin-right: 1em;text-align: left\">\n<tbody>\n<tr>\n<td style=\"text-align: center\"><a href=\"https:\/\/www.bfv.cloud\/ajedrezeuropa\/wp-content\/uploads\/2019\/01\/CLARA.jpg\" style=\"clear: left;margin-bottom: 1em;margin-left: auto;margin-right: auto\"><img fetchpriority=\"high\" decoding=\"async\" border=\"0\" data-original-height=\"717\" data-original-width=\"725\" height=\"315\" src=\"https:\/\/blogger.googleusercontent.com\/img\/b\/R29vZ2xl\/AVvXsEhvKgNKv7MA41LOWNU_OKQQ4NfLRjr8dH9zNKhZykNtbrDE5MRtidQm0c8QV8cAj1i0KHQD379a4-_XtUCQQqvWPMtfH4Edaaovgz8NhDTpiAfR7k1MKaaQ1xVMYaW1cOfujOhFc-jfQP0\/s320\/CLARA.jpg\" width=\"320\" \/><\/a><\/td>\n<\/tr>\n<tr>\n<td class=\"tr-caption\" style=\"text-align: center\">Clara Vela<\/td>\n<\/tr>\n<\/tbody>\n<\/table>\n<table cellpadding=\"0\" cellspacing=\"0\" class=\"tr-caption-container\" style=\"float: right;text-align: right\">\n<tbody>\n<tr>\n<td style=\"text-align: center\"><a href=\"https:\/\/www.bfv.cloud\/ajedrezeuropa\/wp-content\/uploads\/2019\/01\/ROBERTOYARSE.jpg\" style=\"clear: right;margin-bottom: 1em;margin-left: auto;margin-right: auto\"><img decoding=\"async\" border=\"0\" data-original-height=\"801\" data-original-width=\"748\" height=\"320\" src=\"https:\/\/blogger.googleusercontent.com\/img\/b\/R29vZ2xl\/AVvXsEgvwF6U6KxhvxZGPSSpOHcOdbXYtTBjE5Dg7vAO0uaBZre6vIEgKFInYMiabbTur04lD5G9dgaplGpg2txqXiBqeMSX91Rrxo3wUsfXCOfFm7OCKEx9MXqooOKXpklLv_fXDkFR4Ez15Hg\/s320\/ROBERTO+Y+ARSE.jpg\" width=\"297\" \/><\/a><\/td>\n<\/tr>\n<tr>\n<td class=\"tr-caption\" style=\"text-align: center\">Roberto Yeghiazaryan y Arsenio L\u00f3pez<\/td>\n<\/tr>\n<\/tbody>\n<\/table>\n<p><span style=\", sans-serif;font-size: large\">El pr\u00f3ximo domingo se celebrar\u00e1 la \u00faltima jornada de la fase provincial de Ciudad Real del CRDEE en Miguelturra.<\/span><br \/>\n<span style=\"font-family: helvetica neue, arial, helvetica, sans-serif;font-size: large\">De los 14 chicos y chicas que compiten esta temporada representando a la Escuela de Ajedrez de Alc\u00e1zar, 10 lo hacen en la categor\u00eda infantil y 4 en la cadete.&nbsp;<\/span><br \/>\n<span style=\"font-family: helvetica neue, arial, helvetica, sans-serif;font-size: large\">A falta de 2 rondas en el infantil y de una en el cadete, los ajedrecistas de la escuela alcazare\u00f1a tienen opciones de clasificaci\u00f3n en la categor\u00eda femenina y masculina de ambos torneos.&nbsp;<\/span><br \/>\n<span style=\"font-family: helvetica neue, arial, helvetica, sans-serif;font-size: large\">Los 14 jugadores que componen el grupo de Alc\u00e1zar son:<\/span><br \/>\n<span style=\"font-family: helvetica neue, arial, helvetica, sans-serif;font-size: large\"><u>ESCOLAR CADETE<\/u><\/span><br \/>\n<span style=\"font-family: helvetica neue, arial, helvetica, sans-serif;font-size: large\">Roberto Yeghiazaryan, Arsenio L\u00f3pez, Clara Vela y Adela Collado.&nbsp;<\/span><br \/>\n<span style=\"font-family: helvetica neue, arial, helvetica, sans-serif;font-size: large\"><u>ESCOLAR INFANTIL<\/u><\/span><br \/>\n<span style=\"font-family: helvetica neue, arial, helvetica, sans-serif;font-size: large\">\u00c1ngel Collado, Adri\u00e1n Alhambra, Ferm\u00edn Aragon\u00e9s, Marta Vela, Alejandro Romero, Javier Montealegre, Daniel Montealegre, Carlos Vela, Guillermo Lizano y Nacho Moraleda.<\/span><br \/>\n<span style=\"font-family: helvetica neue, arial, helvetica, sans-serif;font-size: large\">Publicamos a continuaci\u00f3n la clasificaci\u00f3n de los jugadores del cadete pertenecientes a la escuela de Alc\u00e1zar, con la ronda 6:<\/span><\/p>\n<div class=\"separator\" style=\"clear: both;text-align: center\">\n<a href=\"https:\/\/www.bfv.cloud\/ajedrezeuropa\/wp-content\/uploads\/2019\/01\/CLASIFCADETEALCAZARR-5_001.jpg\" style=\"margin-left: 1em;margin-right: 1em\"><img decoding=\"async\" border=\"0\" data-original-height=\"461\" data-original-width=\"565\" height=\"520\" src=\"https:\/\/blogger.googleusercontent.com\/img\/b\/R29vZ2xl\/AVvXsEgADRNRCyDJMIvumdReyoqgizUtFmChpjRyukBgd9VyVL9wU7ZCG31mwZMysVOBr_tm5vE8tNzQ5_38RkTX_as_N1S888IaEU9a-glokwn4sEEpji6dPgvtt8-MOKgOYlxV3kYpGmFB2WQ\/s640\/CLASIF+CADETE+ALCAZAR+R-5_001.jpg\" width=\"640\" \/><\/a><\/div>\n<p><span style=\"font-family: helvetica neue, arial, helvetica, sans-serif;font-size: large\"><br \/><\/span><br \/>\n<span style=\"font-family: helvetica neue, arial, helvetica, sans-serif;font-size: large\">Tambi\u00e9n a\u00f1adimos la clasificaci\u00f3n del infantil de los 10 jugadores alcazare\u00f1os:<\/span><br \/>\n<span style=\"font-family: helvetica neue, arial, helvetica, sans-serif;font-size: large\"><br \/><\/span><\/p>\n<div class=\"separator\" style=\"clear: both;text-align: center\">\n<a href=\"https:\/\/www.bfv.cloud\/ajedrezeuropa\/wp-content\/uploads\/2019\/01\/CLASIFINFANTILALCAZARR-7_001.jpg\" style=\"margin-left: 1em;margin-right: 1em\"><img loading=\"lazy\" decoding=\"async\" border=\"0\" data-original-height=\"591\" data-original-width=\"555\" height=\"640\" src=\"https:\/\/blogger.googleusercontent.com\/img\/b\/R29vZ2xl\/AVvXsEhniga9rPqFX8xUe8plJMRhCKhomrEYel1WfUcj0nvP1S2SHhOIrMTF5Q9QthH91sSLlmTOMx9j3smohASf9CuyErX7_XScQK6qeUsCcSzD6PDZC7Por_ARU6Q7QmFKqas9it97eXDWfZE\/s640\/CLASIF+INFANTIL+ALCAZAR+R-7_001.jpg\" width=\"600\" \/><\/a><\/div>\n<p><span style=\"font-family: helvetica neue, arial, helvetica, sans-serif;font-size: large\"><br \/><\/span><\/p>\n<table cellpadding=\"0\" cellspacing=\"0\" class=\"tr-caption-container\" style=\"float: left;margin-right: 1em;text-align: left\">\n<tbody>\n<tr>\n<td style=\"text-align: center\"><a href=\"https:\/\/www.bfv.cloud\/ajedrezeuropa\/wp-content\/uploads\/2019\/01\/ADELA.jpg\" style=\"clear: left;margin-bottom: 1em;margin-left: auto;margin-right: auto\"><img loading=\"lazy\" decoding=\"async\" border=\"0\" data-original-height=\"725\" data-original-width=\"660\" height=\"200\" src=\"https:\/\/blogger.googleusercontent.com\/img\/b\/R29vZ2xl\/AVvXsEjhmFVwNlU_O-_5XDx2DJYNLAo7G2HCHj0TJiCJ1drGKf2cT1ckidc7TpK4Ie4NNQ20VgstQtURKG4SMvtt0SrATmVWly2rcLPhMlnOSAF1U2LKI4Aq_wWOaGKut1gs8o5H4t-vc-0YRh0\/s200\/ADELA.jpg\" width=\"181\" \/><\/a><\/td>\n<\/tr>\n<tr>\n<td class=\"tr-caption\" style=\"text-align: center\">Adela Collado<\/td>\n<\/tr>\n<\/tbody>\n<\/table>\n<table cellpadding=\"0\" cellspacing=\"0\" class=\"tr-caption-container\" style=\"float: right;margin-left: 1em;text-align: right\">\n<tbody>\n<tr>\n<td style=\"text-align: center\"><a href=\"https:\/\/www.bfv.cloud\/ajedrezeuropa\/wp-content\/uploads\/2019\/01\/ALEJANDRO.jpg\" style=\"clear: right;margin-bottom: 1em;margin-left: auto;margin-right: auto\"><img loading=\"lazy\" decoding=\"async\" border=\"0\" data-original-height=\"565\" data-original-width=\"457\" height=\"200\" src=\"https:\/\/blogger.googleusercontent.com\/img\/b\/R29vZ2xl\/AVvXsEiqgyXDfo55XNNirSeCwOUoTjJujxgHliMX2G1uEo4dQ80K21wedBAi-2YgO-6zq7VWRWekHAjJtkK70qsu9zUDof12XbByJwS-2phsT4JqXXbejdoNYVvmlzr0OEjA2e4P1HfaYGlYN7A\/s200\/ALEJANDRO.jpg\" width=\"160\" \/><\/a><\/td>\n<\/tr>\n<tr>\n<td class=\"tr-caption\" style=\"text-align: center\">Alejandro Romero<\/p>\n<\/td>\n<\/tr>\n<\/tbody>\n<\/table>\n<p><span style=\"font-family: helvetica neue, arial, helvetica, sans-serif;font-size: large\"><br \/><\/span><br \/>\n<span style=\"font-family: helvetica neue, arial, helvetica, sans-serif;font-size: large\"><br \/><\/span><br \/>\n<span style=\"font-family: helvetica neue, arial, helvetica, sans-serif;font-size: large\"><br \/><\/span><\/p>\n<div style=\"text-align: right\">\n<\/div>\n<div style=\"text-align: right\">\n<table align=\"center\" cellpadding=\"0\" cellspacing=\"0\" class=\"tr-caption-container\" style=\"margin-left: auto;margin-right: auto;text-align: left\">\n<tbody>\n<tr>\n<td style=\"text-align: center\"><a href=\"https:\/\/www.bfv.cloud\/ajedrezeuropa\/wp-content\/uploads\/2019\/01\/ANGEL.jpg\" style=\"clear: left;margin-bottom: 1em;margin-left: auto;margin-right: auto\"><img loading=\"lazy\" decoding=\"async\" border=\"0\" data-original-height=\"690\" data-original-width=\"496\" height=\"200\" src=\"https:\/\/blogger.googleusercontent.com\/img\/b\/R29vZ2xl\/AVvXsEh-LVv63zaOBmpn2el1e1KiRKTntqf4iEuRlr7_Q0dqoTnOsXK2HLO0xGPh0-fIozNPwDu4gkToNBI6zH0uqd1oDIIoECRDNNzC1PX1jbnoin8DF0C9uq-81QVgoNJj26QS_VEDsslsHQ8\/s200\/ANGEL.jpg\" width=\"141\" \/><\/a><\/td>\n<\/tr>\n<tr>\n<td class=\"tr-caption\" style=\"text-align: center\">\u00c1ngel Collado<\/td>\n<\/tr>\n<\/tbody>\n<\/table>\n<\/div>\n<table cellpadding=\"0\" cellspacing=\"0\" class=\"tr-caption-container\" style=\"float: right;margin-left: 1em;text-align: right\">\n<tbody>\n<tr>\n<td style=\"text-align: center\"><a href=\"https:\/\/www.bfv.cloud\/ajedrezeuropa\/wp-content\/uploads\/2019\/01\/FERMIN252822529.jpg\" style=\"clear: right;margin-bottom: 1em;margin-left: auto;margin-right: auto\"><img loading=\"lazy\" decoding=\"async\" border=\"0\" data-original-height=\"747\" data-original-width=\"589\" height=\"200\" src=\"https:\/\/blogger.googleusercontent.com\/img\/b\/R29vZ2xl\/AVvXsEhhwnvuD8gDg_q9GxAGzYW0dXnzh9u5r7vKdAyIaU9sDMP12sqy__XHaOrhdUVthyphenhyphenUbuNsnM_85QJE0VP0TdY5FZ2Jl0UTE84v8jRAF8uQiJQ4YnhMFDbs3HEEcyYuLx7tWqmbmLH5mEJU\/s200\/FERMIN+%25282%2529.jpg\" width=\"157\" \/><\/a><\/td>\n<\/tr>\n<tr>\n<td class=\"tr-caption\" style=\"text-align: center\">Ferm\u00edn Aragon\u00e9s<\/td>\n<\/tr>\n<\/tbody>\n<\/table>\n<table align=\"center\" cellpadding=\"0\" cellspacing=\"0\" class=\"tr-caption-container\" style=\"float: left;margin-right: 1em;text-align: left\">\n<tbody>\n<tr>\n<td style=\"text-align: center\"><a href=\"https:\/\/www.bfv.cloud\/ajedrezeuropa\/wp-content\/uploads\/2019\/01\/GUILLERMO.jpg\" style=\"margin-left: auto;margin-right: auto\"><img loading=\"lazy\" decoding=\"async\" border=\"0\" data-original-height=\"833\" data-original-width=\"929\" height=\"178\" src=\"https:\/\/blogger.googleusercontent.com\/img\/b\/R29vZ2xl\/AVvXsEhJUqBJjBAUyO1y0IHqH2eirqxE8048xQOzWbjcSJ-lfvqTn3YsoNPFW47cL9zixa51bfO97qyBBQGlGTSGRzq7yH5slkhJ2J4ErRaVbCU0_eDFsS-8CIDiwD_zz1qg5qcz_KzvVDj93i8\/s200\/GUILLERMO.jpg\" width=\"200\" \/><\/a><\/td>\n<\/tr>\n<tr>\n<td class=\"tr-caption\" style=\"text-align: center\">Guillermo Lizano<\/td>\n<\/tr>\n<\/tbody>\n<\/table>\n<table cellpadding=\"0\" cellspacing=\"0\" class=\"tr-caption-container\" style=\"float: right;margin-left: 1em;text-align: right\">\n<tbody>\n<tr>\n<td style=\"text-align: center\"><a href=\"https:\/\/www.bfv.cloud\/ajedrezeuropa\/wp-content\/uploads\/2019\/01\/JAVIER.jpg\" style=\"clear: right;margin-bottom: 1em;margin-left: auto;margin-right: auto\"><img loading=\"lazy\" decoding=\"async\" border=\"0\" data-original-height=\"672\" data-original-width=\"624\" height=\"200\" src=\"https:\/\/blogger.googleusercontent.com\/img\/b\/R29vZ2xl\/AVvXsEhAqMIfT5tkWLAAkfnT74HQsLgNDLF9EGWF4OmaMQVqPrlZ0Df9-n2YYs2UWzuMr4P8d56uMiULNQ2S_95PqTzsfIvXZP3USLHGE0dZaWtAGa3y_H1_YxEW3Zgkf8k-gF4Magg_CA2IAKE\/s200\/JAVIER.jpg\" width=\"184\" \/><\/a><\/td>\n<\/tr>\n<tr>\n<td class=\"tr-caption\" style=\"text-align: center\">Javier Montealegre<\/td>\n<\/tr>\n<\/tbody>\n<\/table>\n<table cellpadding=\"0\" cellspacing=\"0\" class=\"tr-caption-container\" style=\"float: left;margin-right: 1em;text-align: left\">\n<tbody>\n<tr>\n<td style=\"text-align: center\"><a href=\"https:\/\/www.bfv.cloud\/ajedrezeuropa\/wp-content\/uploads\/2019\/01\/MARTA.jpg\" style=\"clear: left;margin-bottom: 1em;margin-left: auto;margin-right: auto\"><img loading=\"lazy\" decoding=\"async\" border=\"0\" data-original-height=\"777\" data-original-width=\"907\" height=\"171\" src=\"https:\/\/blogger.googleusercontent.com\/img\/b\/R29vZ2xl\/AVvXsEhq0m79XMU2oocEy3iRk3UGyC9NWeYwz_kqcbvVHWPQxrxMk20jL_1Dp6FkmYFu6Oc4hfh50jh6Gc8950og7rae5mhPfJYOAVHU8zu1_UlsqWJOsDUrp0NT_ljwRT-GgGLV4eq6e2jNGy4\/s200\/MARTA.jpg\" width=\"200\" \/><\/a><\/td>\n<\/tr>\n<tr>\n<td class=\"tr-caption\" style=\"text-align: center\">Marta Vela<\/td>\n<\/tr>\n<\/tbody>\n<\/table>\n<table cellpadding=\"0\" cellspacing=\"0\" class=\"tr-caption-container\" style=\"float: right;margin-left: 1em;text-align: right\">\n<tbody>\n<tr>\n<td style=\"text-align: center\"><a href=\"https:\/\/www.bfv.cloud\/ajedrezeuropa\/wp-content\/uploads\/2019\/01\/NACHOMORALEDA.jpg\" style=\"clear: right;margin-bottom: 1em;margin-left: auto;margin-right: auto\"><img loading=\"lazy\" decoding=\"async\" border=\"0\" data-original-height=\"792\" data-original-width=\"781\" height=\"200\" src=\"https:\/\/blogger.googleusercontent.com\/img\/b\/R29vZ2xl\/AVvXsEg4iO5jqXqeWvszaM9lTTdlsi_m3Czr4nyOZrErFj2eoC7IjzigV4iZ2Go_XbstGcz615DQ-M66FpxEeZ3PYNadC7uQWiPBlYP_ACgNI-DAaThJ8a1zHNtIvoPGxm2ml88FFRw4sm6XrNE\/s200\/NACHO+MORALEDA.jpg\" width=\"196\" \/><\/a><\/td>\n<\/tr>\n<tr>\n<td class=\"tr-caption\" style=\"text-align: center\">Nacho Moraleda<\/td>\n<\/tr>\n<\/tbody>\n<\/table>\n<table align=\"center\" cellpadding=\"0\" cellspacing=\"0\" class=\"tr-caption-container\" style=\"margin-left: auto;margin-right: auto;text-align: center\">\n<tbody>\n<tr>\n<td style=\"text-align: center\"><a href=\"https:\/\/www.bfv.cloud\/ajedrezeuropa\/wp-content\/uploads\/2019\/01\/ADRIAN.jpg\" style=\"margin-left: auto;margin-right: auto\"><img loading=\"lazy\" decoding=\"async\" border=\"0\" data-original-height=\"568\" data-original-width=\"474\" height=\"200\" src=\"https:\/\/blogger.googleusercontent.com\/img\/b\/R29vZ2xl\/AVvXsEhtyyRagIn7VJA9UialUIsOH7G5rWhkkkbZRk7KvTf42VjLjwgOejFSOmqjACsR_KH-wE6s0PRRRegDum03GrSogjg-vqLgpTOVcsBTbgxMM2f4uyFlz0rQxofgFyONprydS2EaDl0sCsM\/s200\/ADRIAN.jpg\" width=\"165\" \/><\/a><\/td>\n<\/tr>\n<tr>\n<td class=\"tr-caption\" style=\"text-align: center\">Adri\u00e1n Alhambra<\/td>\n<\/tr>\n<\/tbody>\n<\/table>\n<div class=\"separator\" style=\"clear: both;text-align: center\">\n<table align=\"center\" cellpadding=\"0\" cellspacing=\"0\" class=\"tr-caption-container\" style=\"clear: left;float: left;margin-bottom: 1em;margin-right: 1em;text-align: left\">\n<tbody>\n<tr>\n<td style=\"text-align: center\"><a href=\"https:\/\/www.bfv.cloud\/ajedrezeuropa\/wp-content\/uploads\/2019\/01\/DANIELMONTEALEGRE.jpg\" style=\"margin-left: auto;margin-right: auto\"><img loading=\"lazy\" decoding=\"async\" border=\"0\" data-original-height=\"752\" data-original-width=\"621\" height=\"200\" src=\"https:\/\/blogger.googleusercontent.com\/img\/b\/R29vZ2xl\/AVvXsEjRQFViZlmEicDG1fIaLCwvAX7X6sAsZ3tb-uESGXf2smuc85ON2jNkrny-GFvpojiveqfpJiH5yK0Je8hm2YdazWjGqJeYuKKJICnyWwzJFmdy_cFXJnfg_beFTwGFfOIOfuj2ydXbPiw\/s200\/DANIEL+MONTEALEGRE.jpg\" width=\"165\" \/><\/a><\/td>\n<\/tr>\n<tr>\n<td class=\"tr-caption\" style=\"text-align: center\">Daniel Montealegre<\/p>\n<p><\/td>\n<\/tr>\n<\/tbody>\n<\/table>\n<p><\/p>\n<table align=\"center\" cellpadding=\"0\" cellspacing=\"0\" class=\"tr-caption-container\" style=\"margin-left: auto;margin-right: auto;text-align: center\">\n<tbody>\n<tr>\n<td style=\"text-align: center\"><a href=\"https:\/\/www.bfv.cloud\/ajedrezeuropa\/wp-content\/uploads\/2019\/01\/CARLOSVELA.jpg\" style=\"clear: right;margin-bottom: 1em;margin-left: auto;margin-right: auto\"><img loading=\"lazy\" decoding=\"async\" border=\"0\" data-original-height=\"846\" data-original-width=\"1137\" height=\"147\" src=\"https:\/\/blogger.googleusercontent.com\/img\/b\/R29vZ2xl\/AVvXsEhtEFADxsSg4b6rQhGqwIilhkHIJu28qLNR_y1tTS5E04SG6kHjMwuSuYEI6PTWj4Xc68OekOFVMv9bHsHxBFfc_Cp0OM1tPBGhKVPIT7xcT8b5lsrlyYQJaasiqC7DjvvoEP8MVQNWK5o\/s200\/CARLOS+VELA.jpg\" width=\"200\" \/><\/a><\/td>\n<\/tr>\n<tr>\n<td class=\"tr-caption\" style=\"text-align: center\">Carlos Vela<\/td>\n<\/tr>\n<\/tbody>\n<\/table>\n<\/div>\n<div style=\"text-align: right\">\n<\/div>\n","protected":false},"excerpt":{"rendered":"<p>Clara Vela Roberto Yeghiazaryan y Arsenio L\u00f3pez El pr\u00f3ximo domingo se celebrar\u00e1 la \u00faltima jornada de la fase provincial de Ciudad Real del CRDEE en Miguelturra. De los 14 chicos y chicas que compiten esta temporada representando a la Escuela de Ajedrez de Alc\u00e1zar, 10 lo hacen en la categor\u00eda infantil y 4 en la [&hellip;]<\/p>\n","protected":false},"author":1,"featured_media":164,"comment_status":"open","ping_status":"closed","sticky":false,"template":"","format":"standard","meta":{"footnotes":""},"categories":[1],"tags":[],"class_list":["post-163","post","type-post","status-publish","format-standard","has-post-thumbnail","hentry","category-noticias"],"_links":{"self":[{"href":"https:\/\/www.bfv.cloud\/ajedrezeuropa\/wp-json\/wp\/v2\/posts\/163","targetHints":{"allow":["GET"]}}],"collection":[{"href":"https:\/\/www.bfv.cloud\/ajedrezeuropa\/wp-json\/wp\/v2\/posts"}],"about":[{"href":"https:\/\/www.bfv.cloud\/ajedrezeuropa\/wp-json\/wp\/v2\/types\/post"}],"author":[{"embeddable":true,"href":"https:\/\/www.bfv.cloud\/ajedrezeuropa\/wp-json\/wp\/v2\/users\/1"}],"replies":[{"embeddable":true,"href":"https:\/\/www.bfv.cloud\/ajedrezeuropa\/wp-json\/wp\/v2\/comments?post=163"}],"version-history":[{"count":1,"href":"https:\/\/www.bfv.cloud\/ajedrezeuropa\/wp-json\/wp\/v2\/posts\/163\/revisions"}],"predecessor-version":[{"id":179,"href":"https:\/\/www.bfv.cloud\/ajedrezeuropa\/wp-json\/wp\/v2\/posts\/163\/revisions\/179"}],"wp:featuredmedia":[{"embeddable":true,"href":"https:\/\/www.bfv.cloud\/ajedrezeuropa\/wp-json\/wp\/v2\/media\/164"}],"wp:attachment":[{"href":"https:\/\/www.bfv.cloud\/ajedrezeuropa\/wp-json\/wp\/v2\/media?parent=163"}],"wp:term":[{"taxonomy":"category","embeddable":true,"href":"https:\/\/www.bfv.cloud\/ajedrezeuropa\/wp-json\/wp\/v2\/categories?post=163"},{"taxonomy":"post_tag","embeddable":true,"href":"https:\/\/www.bfv.cloud\/ajedrezeuropa\/wp-json\/wp\/v2\/tags?post=163"}],"curies":[{"name":"wp","href":"https:\/\/api.w.org\/{rel}","templated":true}]}}