{"id":1634,"date":"2013-04-27T20:22:00","date_gmt":"2013-04-27T20:22:00","guid":{"rendered":"https:\/\/www.bfv.cloud\/ajedrezeuropa\/index.php\/2013\/04\/27\/xii-torneo-del-aceite-de-mora\/"},"modified":"2025-11-20T10:36:05","modified_gmt":"2025-11-20T10:36:05","slug":"xii-torneo-del-aceite-de-mora","status":"publish","type":"post","link":"https:\/\/www.bfv.cloud\/ajedrezeuropa\/xii-torneo-del-aceite-de-mora\/","title":{"rendered":"XII TORNEO DEL ACEITE DE MORA"},"content":{"rendered":"<div class=\"separator\" style=\"clear: both;text-align: center\">\n<\/div>\n<div class=\"separator\" style=\"clear: both;text-align: center\">\n<a href=\"https:\/\/www.bfv.cloud\/ajedrezeuropa\/wp-content\/uploads\/2013\/04\/carteldemora2013modificado.jpg\" style=\"clear: left;float: left;margin-bottom: 1em;margin-right: 1em\"><img fetchpriority=\"high\" decoding=\"async\" border=\"0\" height=\"400\" src=\"https:\/\/blogger.googleusercontent.com\/img\/b\/R29vZ2xl\/AVvXsEhTTzexmoBSeJtdi44PGllWVdhDu9ANNnbwuitQHn7LyNRleu4B1NeMCrX4yikCLDsMjZLCQuEgdkTwy-JIR56Q2OmY6KsMZn_XcOjoxIvqx0OcPJywxKVQLjovOykLG91gkFqf8obqZts\/s400\/cartel+de+mora+2013+modificado.JPG\" width=\"282\" \/><\/a><\/div>\n<p><b style=\"font-family: 'Trebuchet MS', sans-serif;text-align: justify\">El<br \/>\ns\u00e1bado 8 de junio en la Casa de la Cultura de Mora se celebrar\u00e1 la 12\u00aa edici\u00f3n<br \/>\ndel Torneo del Aceite. Organizado por el IMD y por la escuela municipal de<br \/>\najedrez de esta localidad toledana, cuenta con la importante colaboraci\u00f3n de<br \/>\nlas cooperativas y almazaras de la poblaci\u00f3n que donan todos los a\u00f1os los<br \/>\napreciados premios en aceite que son repartidos entre los ganadores de cada<br \/>\ncategor\u00eda. De nuevo, Cristina Maestro y Mart\u00edn Sanz, se han encargado de montar<br \/>\ny preparar uno de los torneos ajedrec\u00edsticos con mayor participaci\u00f3n de toda<br \/>\nCastilla-La Mancha. En esta ocasi\u00f3n, hay que agradecer a todas las personas y<br \/>\nentidades involucradas en su organizaci\u00f3n el esfuerzo de variar en dos ocasiones la fecha<br \/>\ntradicional de celebraci\u00f3n, pasando del primer s\u00e1bado de junio al segundo. Esta circunstancia viene motivada por la coincidencia del primer fin de semana de junio con la fase<br \/>\nregional del Deporte en Edad Escolar, que se disputar\u00e1 en Sese\u00f1a del 30 de mayo<br \/>\nal 2 de junio, y por la reciente modificaci\u00f3n de la fecha del provincial por equipos sub-16, quedando finalmente para el 25 y 26 de mayo, que hab\u00eda sido la segunda fecha elegida para este \u00abTorneo del Aceite\u00bb.<\/b><\/p>\n<div class=\"MsoNormal\" style=\"text-align: justify\">\n<div style=\"clear: left;float: left;margin-bottom: 1em;margin-right: 1em\">\n<span style=\"font-family: Trebuchet MS, sans-serif\"><b>&nbsp;<\/b><\/span><img decoding=\"async\" src=\"http:\/\/www.entrenadoresdeajedrez.com\/webfunchess\/gifsanimados\/clock.gif\" \/><\/div>\n<p><span style=\"font-family: Trebuchet MS, sans-serif\"><b>Para realizar la pre-inscripci\u00f3n deb\u00e9is comunicarlo al tfno.: <u><span style=\"color: blue\">697984339<\/span><\/u> o al correo electr\u00f3nico: <u><span style=\"color: blue\">cmaestrom93@gmail.com<\/span><\/u> .<\/b><\/span><br \/>\n<span style=\"font-family: Trebuchet MS, sans-serif\"><b>En el cartel que publicamos ten\u00e9is<br \/>\nm\u00e1s informaci\u00f3n.<\/b><\/span><\/div>\n<h3 style=\"text-align: center\">\n<img decoding=\"async\" height=\"150\" src=\"http:\/\/www.entrenadoresdeajedrez.com\/webfunchess\/gifsanimados\/enroque.gif\" width=\"200\" \/><\/h3>\n","protected":false},"excerpt":{"rendered":"<p>El s\u00e1bado 8 de junio en la Casa de la Cultura de Mora se celebrar\u00e1 la 12\u00aa edici\u00f3n del Torneo del Aceite. Organizado por el IMD y por la escuela municipal de ajedrez de esta localidad toledana, cuenta con la importante colaboraci\u00f3n de las cooperativas y almazaras de la poblaci\u00f3n que donan todos los a\u00f1os [&hellip;]<\/p>\n","protected":false},"author":1,"featured_media":1635,"comment_status":"open","ping_status":"closed","sticky":false,"template":"","format":"standard","meta":{"footnotes":""},"categories":[1],"tags":[],"class_list":["post-1634","post","type-post","status-publish","format-standard","has-post-thumbnail","hentry","category-noticias"],"_links":{"self":[{"href":"https:\/\/www.bfv.cloud\/ajedrezeuropa\/wp-json\/wp\/v2\/posts\/1634","targetHints":{"allow":["GET"]}}],"collection":[{"href":"https:\/\/www.bfv.cloud\/ajedrezeuropa\/wp-json\/wp\/v2\/posts"}],"about":[{"href":"https:\/\/www.bfv.cloud\/ajedrezeuropa\/wp-json\/wp\/v2\/types\/post"}],"author":[{"embeddable":true,"href":"https:\/\/www.bfv.cloud\/ajedrezeuropa\/wp-json\/wp\/v2\/users\/1"}],"replies":[{"embeddable":true,"href":"https:\/\/www.bfv.cloud\/ajedrezeuropa\/wp-json\/wp\/v2\/comments?post=1634"}],"version-history":[{"count":1,"href":"https:\/\/www.bfv.cloud\/ajedrezeuropa\/wp-json\/wp\/v2\/posts\/1634\/revisions"}],"predecessor-version":[{"id":1636,"href":"https:\/\/www.bfv.cloud\/ajedrezeuropa\/wp-json\/wp\/v2\/posts\/1634\/revisions\/1636"}],"wp:featuredmedia":[{"embeddable":true,"href":"https:\/\/www.bfv.cloud\/ajedrezeuropa\/wp-json\/wp\/v2\/media\/1635"}],"wp:attachment":[{"href":"https:\/\/www.bfv.cloud\/ajedrezeuropa\/wp-json\/wp\/v2\/media?parent=1634"}],"wp:term":[{"taxonomy":"category","embeddable":true,"href":"https:\/\/www.bfv.cloud\/ajedrezeuropa\/wp-json\/wp\/v2\/categories?post=1634"},{"taxonomy":"post_tag","embeddable":true,"href":"https:\/\/www.bfv.cloud\/ajedrezeuropa\/wp-json\/wp\/v2\/tags?post=1634"}],"curies":[{"name":"wp","href":"https:\/\/api.w.org\/{rel}","templated":true}]}}