{"id":1640,"date":"2015-07-28T16:37:00","date_gmt":"2015-07-28T16:37:00","guid":{"rendered":"https:\/\/www.bfv.cloud\/ajedrezeuropa\/index.php\/2015\/07\/28\/nuestro-proyecto-es-respaldado-por-los-ayuntamientos-de-alcazar-y-villafranca\/"},"modified":"2025-11-20T10:36:16","modified_gmt":"2025-11-20T10:36:16","slug":"nuestro-proyecto-es-respaldado-por-los-ayuntamientos-de-alcazar-y-villafranca","status":"publish","type":"post","link":"https:\/\/www.bfv.cloud\/ajedrezeuropa\/nuestro-proyecto-es-respaldado-por-los-ayuntamientos-de-alcazar-y-villafranca\/","title":{"rendered":"NUESTRO PROYECTO ES RESPALDADO POR LOS AYUNTAMIENTOS DE ALC\u00c1ZAR Y VILLAFRANCA"},"content":{"rendered":"<table align=\"center\" cellpadding=\"0\" cellspacing=\"0\" class=\"tr-caption-container\" style=\"margin-left: auto;margin-right: auto;text-align: center\">\n<tbody>\n<tr>\n<td style=\"text-align: center\"><a href=\"https:\/\/www.bfv.cloud\/ajedrezeuropa\/wp-content\/uploads\/2015\/07\/SAM_1840.jpg\" style=\"margin-left: auto;margin-right: auto\"><img fetchpriority=\"high\" decoding=\"async\" border=\"0\" height=\"372\" src=\"https:\/\/blogger.googleusercontent.com\/img\/b\/R29vZ2xl\/AVvXsEjrVLjbHLHmDx98ho5EsFj_n8CKx8gksJfFJO4hj4jxD9ksmLZza9SvzdF98oPOMfj7uLpBkwMyiclomwHwIkkBmg-Uhg6MjbK0xv9bZPPYllE4q74cn4RPNPX6wpJK9OXo0FIZsFBmPRg\/s640\/SAM_1840.JPG\" width=\"640\" \/><\/a><\/td>\n<\/tr>\n<tr>\n<td class=\"tr-caption\" style=\"text-align: center\">La rueda de prensa previa a la inauguraci\u00f3n oficial del campus cont\u00f3 con la participaci\u00f3n de la <br \/>alcaldesa de Alc\u00e1zar,&nbsp;Rosa Melchor, del alcalde de Villafranca, Juli\u00e1n Bola\u00f1os y de los concejales de <br \/>deportes y juventud de la&nbsp;corporaci\u00f3n alcazare\u00f1a, Javier Ortega y B\u00e1bara S\u00e1nchez-Mateos, <br \/>respectivamente; adem\u00e1s del concejal de deportes&nbsp;del ayuntamiento villafranquero, <br \/>Emilio Alberca. Por parte del proyecto, compartieron mesa el GM Elizbar Ubilava,<br \/>el GM Herminio Herr\u00e1iz, y el diector de NUESTRO AJEDREZ EN EUROPA, F\u00e9lix Toribio<\/td>\n<\/tr>\n<\/tbody>\n<\/table>\n<p><\/p>\n<table cellpadding=\"0\" cellspacing=\"0\" class=\"tr-caption-container\" style=\"float: right;margin-left: 1em;text-align: right\">\n<tbody>\n<tr>\n<td style=\"text-align: center\"><a href=\"https:\/\/www.bfv.cloud\/ajedrezeuropa\/wp-content\/uploads\/2015\/07\/SAM_1845.jpg\" style=\"clear: right;margin-bottom: 1em;margin-left: auto;margin-right: auto\"><img decoding=\"async\" border=\"0\" height=\"248\" src=\"https:\/\/blogger.googleusercontent.com\/img\/b\/R29vZ2xl\/AVvXsEgclqpxUiA4LRGfowgLm1mRhTastQSoiIj3GAYzlmXx8QOSIRITfTaJlFc0JyjhzwHqxI6tfWkrtdUWqPzgGRi0oXyDs5VPg9Ho2PP-ouHRYNlBj0OOOkix8mJWnnhyphenhyphenBZNcOLD8Gs4v6Z4\/s400\/SAM_1845.JPG\" width=\"400\" \/><\/a><\/td>\n<\/tr>\n<tr>\n<td class=\"tr-caption\" style=\"text-align: center\">Los chicos y chicas participantes en el campus se sumaron al acto<br \/>junto a familiares y antiguos alumnos de las escuelas<\/td>\n<\/tr>\n<\/tbody>\n<\/table>\n<p>&nbsp;<span style=\"color: #660000;font-family: Verdana, sans-serif\"><b>En un momento muy importante para nuestro proyecto es fundamental contar con el respaldo y apoyo de los ayuntamientos que sostienen una parte tan vital como las escuelas de ajedrez, adem\u00e1s de las actividades ligadas a la formaci\u00f3n avanzada como el campus de verano y la concentraci\u00f3n de Navidad. Ayer los nuevos responsables de las corporaciones municipales de Alc\u00e1zar y Villafranca, Rosa Melchor y Juli\u00e1n Bola\u00f1os, aprovechaban su presencia en la inauguraci\u00f3n oficial de la 8\u00aa edici\u00f3n del campus para poner de manifiesto este aval, y profundizar en el desarrollo social y educativo de NUESTRO AJEDREZ EN EUROPA.<\/b><\/span><\/p>\n<table cellpadding=\"0\" cellspacing=\"0\" class=\"tr-caption-container\" style=\"float: right;margin-left: 1em;text-align: right\">\n<tbody>\n<tr>\n<td style=\"text-align: center\"><a href=\"https:\/\/www.bfv.cloud\/ajedrezeuropa\/wp-content\/uploads\/2015\/07\/SAM_1854.jpg\" style=\"clear: right;margin-bottom: 1em;margin-left: auto;margin-right: auto\"><img decoding=\"async\" border=\"0\" height=\"250\" src=\"https:\/\/blogger.googleusercontent.com\/img\/b\/R29vZ2xl\/AVvXsEiegKtaXQIGRtrPjhbB9n2WAAQtDtg1xDEDqzWp9N8_lAf3wowB6BCb_KYJlFgtGLMtFCZXJD9c8w8k0wHAhqnJmAhQh0R3eBK0t6RlqumN58GEcY-SgMRQeBxhAqrd3NT6GDQsVFcCK44\/s400\/SAM_1854.JPG\" width=\"400\" \/><\/a><\/td>\n<\/tr>\n<tr>\n<td class=\"tr-caption\" style=\"text-align: center\">Una imagen de la presentaci\u00f3n del acto<\/td>\n<\/tr>\n<\/tbody>\n<\/table>\n<p>&nbsp;<span style=\"color: #660000;font-family: Verdana, sans-serif\"><b>Creemos que avanzar en las propuestas del ajedrez pedag\u00f3gico y de car\u00e1cter social, sin olvidar la potenciaci\u00f3n de la vertiente t\u00e9cnico deportiva del juego, suponen parte de los nuevos retos que tendremos que afrontar a corto y medio plazo desde el proyecto. Para ello, van a ser imprescindibles ciertos cambios estructurales que estamos dispuestos a afrontar, de acuerdo con las instituciones que financian y colaboran con nosotros. &nbsp;<\/b><\/span><\/p>\n<table cellpadding=\"0\" cellspacing=\"0\" class=\"tr-caption-container\" style=\"float: left;margin-right: 1em;text-align: left\">\n<tbody>\n<tr>\n<td style=\"text-align: center\"><a href=\"https:\/\/www.bfv.cloud\/ajedrezeuropa\/wp-content\/uploads\/2015\/07\/FOTOUBILAVAMANCHAINFORMACION.jpg\" style=\"clear: left;margin-bottom: 1em;margin-left: auto;margin-right: auto\"><img loading=\"lazy\" decoding=\"async\" border=\"0\" height=\"266\" src=\"https:\/\/blogger.googleusercontent.com\/img\/b\/R29vZ2xl\/AVvXsEgYbvoOw9P7TCa17KZ4T2BnZCaRtJRlCwM-mk7TAX0SehZ2yZXS2nbZBDbFtDmdYs5hJ4f2kn58LL76aMeBKINTfZEvW-v1K17oTvFlzehAqQzKHxtxfDRzx25EBCpViFVNmbe4ZBs5D-M\/s400\/FOTO+UBILAVA+MANCHAINFORMACION.jpg\" width=\"400\" \/><\/a><\/td>\n<\/tr>\n<tr>\n<td class=\"tr-caption\" style=\"text-align: center\">Elizbar Ubilava en una de sus clases<br \/>(Foto de MANCHAINFORMACION. COM)<\/td>\n<\/tr>\n<\/tbody>\n<\/table>\n<p><span style=\"color: #660000;font-family: Verdana, sans-serif\"><b>En esta nueva etapa hay que acercar el ajedrez a las escuelas y, por supuesto, a todos los profesores que deseen mejorar sus herramientas pedag\u00f3gicas, al menos dentro de la educaci\u00f3n primaria. Tambi\u00e9n hay que hacer posible que adultos y mayores conozcan de los beneficios del \u00abjuego de la mente\u00bb. Hay que llevar el ajedrez a centros hospitalarios para formar y jugar con ni\u00f1os y ni\u00f1as que sufren enfermedades y aplicar el car\u00e1cter de actividad preventiva en personas mayores para la lucha contra el Alzheimer y otras enfermedades degenerativas del cerebro. Estos y otros nuevos programas deben trabajarse por el proyecto NUESTRO AJEDREZ EN EUROPA desde una estructura organizativa ampliada y mejorada, que pueda abordar con tiempo y preparaci\u00f3n todos estos objetivos.<\/b><\/span><\/p>\n","protected":false},"excerpt":{"rendered":"<p>La rueda de prensa previa a la inauguraci\u00f3n oficial del campus cont\u00f3 con la participaci\u00f3n de la alcaldesa de Alc\u00e1zar,&nbsp;Rosa Melchor, del alcalde de Villafranca, Juli\u00e1n Bola\u00f1os y de los concejales de deportes y juventud de la&nbsp;corporaci\u00f3n alcazare\u00f1a, Javier Ortega y B\u00e1bara S\u00e1nchez-Mateos, respectivamente; adem\u00e1s del concejal de deportes&nbsp;del ayuntamiento villafranquero, Emilio Alberca. Por parte [&hellip;]<\/p>\n","protected":false},"author":1,"featured_media":1641,"comment_status":"open","ping_status":"closed","sticky":false,"template":"","format":"standard","meta":{"footnotes":""},"categories":[1],"tags":[],"class_list":["post-1640","post","type-post","status-publish","format-standard","has-post-thumbnail","hentry","category-noticias"],"_links":{"self":[{"href":"https:\/\/www.bfv.cloud\/ajedrezeuropa\/wp-json\/wp\/v2\/posts\/1640","targetHints":{"allow":["GET"]}}],"collection":[{"href":"https:\/\/www.bfv.cloud\/ajedrezeuropa\/wp-json\/wp\/v2\/posts"}],"about":[{"href":"https:\/\/www.bfv.cloud\/ajedrezeuropa\/wp-json\/wp\/v2\/types\/post"}],"author":[{"embeddable":true,"href":"https:\/\/www.bfv.cloud\/ajedrezeuropa\/wp-json\/wp\/v2\/users\/1"}],"replies":[{"embeddable":true,"href":"https:\/\/www.bfv.cloud\/ajedrezeuropa\/wp-json\/wp\/v2\/comments?post=1640"}],"version-history":[{"count":1,"href":"https:\/\/www.bfv.cloud\/ajedrezeuropa\/wp-json\/wp\/v2\/posts\/1640\/revisions"}],"predecessor-version":[{"id":1645,"href":"https:\/\/www.bfv.cloud\/ajedrezeuropa\/wp-json\/wp\/v2\/posts\/1640\/revisions\/1645"}],"wp:featuredmedia":[{"embeddable":true,"href":"https:\/\/www.bfv.cloud\/ajedrezeuropa\/wp-json\/wp\/v2\/media\/1641"}],"wp:attachment":[{"href":"https:\/\/www.bfv.cloud\/ajedrezeuropa\/wp-json\/wp\/v2\/media?parent=1640"}],"wp:term":[{"taxonomy":"category","embeddable":true,"href":"https:\/\/www.bfv.cloud\/ajedrezeuropa\/wp-json\/wp\/v2\/categories?post=1640"},{"taxonomy":"post_tag","embeddable":true,"href":"https:\/\/www.bfv.cloud\/ajedrezeuropa\/wp-json\/wp\/v2\/tags?post=1640"}],"curies":[{"name":"wp","href":"https:\/\/api.w.org\/{rel}","templated":true}]}}