{"id":1646,"date":"2011-12-19T22:44:00","date_gmt":"2011-12-19T22:44:00","guid":{"rendered":"https:\/\/www.bfv.cloud\/ajedrezeuropa\/index.php\/2011\/12\/19\/iv-concentracion-de-navidad-2\/"},"modified":"2025-11-20T10:36:19","modified_gmt":"2025-11-20T10:36:19","slug":"iv-concentracion-de-navidad-2","status":"publish","type":"post","link":"https:\/\/www.bfv.cloud\/ajedrezeuropa\/iv-concentracion-de-navidad-2\/","title":{"rendered":"IV CONCENTRACI\u00d3N DE NAVIDAD"},"content":{"rendered":"<div class=\"separator\" style=\"clear: both;text-align: center\"><a href=\"https:\/\/www.bfv.cloud\/ajedrezeuropa\/wp-content\/uploads\/2011\/12\/carteldelaIVconcentraci25C325B3nENJPG.jpg\" style=\"clear: left;float: left;margin-bottom: 1em;margin-right: 1em\"><img fetchpriority=\"high\" decoding=\"async\" border=\"0\" height=\"400\" src=\"https:\/\/blogger.googleusercontent.com\/img\/b\/R29vZ2xl\/AVvXsEhAhWm_1YEz0ZGK4Gy-kRYS-xDFqoXScr9MEWKiIL1fj1gmgk0L2dAACIFF5Jd4r-nFmwAAoJXTSfsfSTC-lc7uno-Q6aiEArEt5DrE0gxY8_qKmvVpiPGstK_cTagVKMP49_245hQmBf4\/s400\/cartel+de+la++IV+concentraci%25C3%25B3n+EN+JPG.JPG\" width=\"282\" \/><\/a><\/div>\n<p><span style=\"font-family: Verdana, sans-serif\">El lunes 26 de diciembre comenzar\u00e1 la 4\u00aa edici\u00f3n de la Concentraci\u00f3n de Navidad Nuestro Ajedrez en Europa. En esta ocasi\u00f3n las clases y los entrenamientos se desarrollar\u00e1n a lo largo de 3 d\u00edas, ese mismo lunes, el martes 27 y el mi\u00e9rcoles 28 que finalizar\u00e1. El detalle de los horarios y las condiciones los ten\u00e9is disponibles en el tr\u00edptico que publicamos junto a este comentario.<\/span><br \/>\n<span style=\"font-family: Verdana\">De esta forma&nbsp;pondremos punto y final a la magn\u00edfica temporada de 2011, aunque a\u00fan existir\u00e1n otros actos importantes de los que os iremos informando &#8230;&nbsp;&nbsp;<\/span><\/p>\n<div class=\"separator\" style=\"clear: both;text-align: center\"><a href=\"https:\/\/www.bfv.cloud\/ajedrezeuropa\/wp-content\/uploads\/2011\/12\/TRIPTICOPARTEEXTERIOR.jpg\" style=\"clear: left;float: left;margin-bottom: 1em;margin-right: 1em\"><img decoding=\"async\" border=\"0\" height=\"282\" src=\"https:\/\/blogger.googleusercontent.com\/img\/b\/R29vZ2xl\/AVvXsEgSqRHgKCts31scEmQ4psvSMc1HwPJ8ep2vDwSX9QC8itGcVnfI4XsCOYUoulW-k9hheqBAEu3Z1UFIeOwuUZLTOXk8xp0oVcSgO1QExgwwIwe6SzP00abBcaDFMC5ZA669BPl1A2IMDto\/s400\/TRIPTICO+PARTE+EXTERIOR.JPG\" width=\"400\" \/><\/a><\/div>\n<p><\/p>\n<div class=\"separator\" style=\"clear: both;text-align: center\"><a href=\"https:\/\/www.bfv.cloud\/ajedrezeuropa\/wp-content\/uploads\/2011\/12\/TRIPTICOinteriorfinal.jpg\" style=\"clear: right;float: right;margin-bottom: 1em;margin-left: 1em\"><img decoding=\"async\" border=\"0\" height=\"282\" src=\"https:\/\/blogger.googleusercontent.com\/img\/b\/R29vZ2xl\/AVvXsEirLU3QsYQ43cb57hfMxbX5fdbtv2PF_xUOsKPjFgiA1Kvlc0hSvhwZe8Gko5eFVXq7DibMcr2P6jVhyphenhyphen-69dEm92SI94Zc1XMXm-TRcwUrsUsSelgy3OTKTvuCZak3o2IpsAUXCo1IRm_M\/s400\/TRIPTICO+interior+final.JPG\" width=\"400\" \/><\/a><\/div>\n","protected":false},"excerpt":{"rendered":"<p>El lunes 26 de diciembre comenzar\u00e1 la 4\u00aa edici\u00f3n de la Concentraci\u00f3n de Navidad Nuestro Ajedrez en Europa. En esta ocasi\u00f3n las clases y los entrenamientos se desarrollar\u00e1n a lo largo de 3 d\u00edas, ese mismo lunes, el martes 27 y el mi\u00e9rcoles 28 que finalizar\u00e1. El detalle de los horarios y las condiciones los [&hellip;]<\/p>\n","protected":false},"author":1,"featured_media":1647,"comment_status":"open","ping_status":"closed","sticky":false,"template":"","format":"standard","meta":{"footnotes":""},"categories":[1],"tags":[],"class_list":["post-1646","post","type-post","status-publish","format-standard","has-post-thumbnail","hentry","category-noticias"],"_links":{"self":[{"href":"https:\/\/www.bfv.cloud\/ajedrezeuropa\/wp-json\/wp\/v2\/posts\/1646","targetHints":{"allow":["GET"]}}],"collection":[{"href":"https:\/\/www.bfv.cloud\/ajedrezeuropa\/wp-json\/wp\/v2\/posts"}],"about":[{"href":"https:\/\/www.bfv.cloud\/ajedrezeuropa\/wp-json\/wp\/v2\/types\/post"}],"author":[{"embeddable":true,"href":"https:\/\/www.bfv.cloud\/ajedrezeuropa\/wp-json\/wp\/v2\/users\/1"}],"replies":[{"embeddable":true,"href":"https:\/\/www.bfv.cloud\/ajedrezeuropa\/wp-json\/wp\/v2\/comments?post=1646"}],"version-history":[{"count":1,"href":"https:\/\/www.bfv.cloud\/ajedrezeuropa\/wp-json\/wp\/v2\/posts\/1646\/revisions"}],"predecessor-version":[{"id":1650,"href":"https:\/\/www.bfv.cloud\/ajedrezeuropa\/wp-json\/wp\/v2\/posts\/1646\/revisions\/1650"}],"wp:featuredmedia":[{"embeddable":true,"href":"https:\/\/www.bfv.cloud\/ajedrezeuropa\/wp-json\/wp\/v2\/media\/1647"}],"wp:attachment":[{"href":"https:\/\/www.bfv.cloud\/ajedrezeuropa\/wp-json\/wp\/v2\/media?parent=1646"}],"wp:term":[{"taxonomy":"category","embeddable":true,"href":"https:\/\/www.bfv.cloud\/ajedrezeuropa\/wp-json\/wp\/v2\/categories?post=1646"},{"taxonomy":"post_tag","embeddable":true,"href":"https:\/\/www.bfv.cloud\/ajedrezeuropa\/wp-json\/wp\/v2\/tags?post=1646"}],"curies":[{"name":"wp","href":"https:\/\/api.w.org\/{rel}","templated":true}]}}