{"id":1651,"date":"2011-05-31T23:17:00","date_gmt":"2011-05-31T23:17:00","guid":{"rendered":"https:\/\/www.bfv.cloud\/ajedrezeuropa\/index.php\/2011\/05\/31\/al-final-no-tuvimos-recompensa-en-el-regional-escolar\/"},"modified":"2025-11-20T10:36:20","modified_gmt":"2025-11-20T10:36:20","slug":"al-final-no-tuvimos-recompensa-en-el-regional-escolar","status":"publish","type":"post","link":"https:\/\/www.bfv.cloud\/ajedrezeuropa\/al-final-no-tuvimos-recompensa-en-el-regional-escolar\/","title":{"rendered":"AL FINAL NO TUVIMOS RECOMPENSA EN EL REGIONAL ESCOLAR"},"content":{"rendered":"<table cellpadding=\"0\" cellspacing=\"0\" class=\"tr-caption-container\" style=\"float: right;margin-left: 1em;text-align: right\">\n<tbody>\n<tr>\n<td style=\"text-align: center\"><a href=\"https:\/\/www.bfv.cloud\/ajedrezeuropa\/wp-content\/uploads\/2011\/05\/FOTOSREGIONALESCOLAR2011003.jpg\" style=\"clear: right;margin-bottom: 1em;margin-left: auto;margin-right: auto\"><img fetchpriority=\"high\" decoding=\"async\" border=\"0\" height=\"300\" src=\"https:\/\/blogger.googleusercontent.com\/img\/b\/R29vZ2xl\/AVvXsEjxvHo8uC3jekmniGXvR9EkQ2KYafGB2w0OiFbu2kULB0jNnoTa3-ybMr1WqZHo5Rx_-OcQm4awTkqOG1nkPLIJ_exabF9n3PciMaD7el8O2AhoHZeUBglZrbPePQNMmVF3Gqzba2nNKRI\/s400\/FOTOS+REGIONAL+ESCOLAR+2011+003.jpg\" width=\"400\" \/><\/a><\/td>\n<\/tr>\n<tr>\n<td class=\"tr-caption\" style=\"text-align: center\">Silvia, Leo, Daniel, Jorge y Santiago han sido nuestros<br \/>\njugadores en el Escolar Regional de Daimiel<\/td>\n<\/tr>\n<\/tbody>\n<\/table>\n<p><em><span style=\", serif\">A pesar de la tenaz lucha de nuestros jugadores en Daimiel hasta la ronda final, no ha habido ninguna recompensa para&nbsp;ellos traducida en alguna clasificaci\u00f3n para la fase nacional del Campeonato en Edad Escolar. En la categor\u00eda cadete masculina hemos rozado los 3 primeros puestos, pero tanto Jorge Sim\u00f3n, 4\u00ba clasificado con 4 puntos y empatado con el 2\u00ba y 3er. puesto, como Daniel P\u00edriz y Santiago Talavera, ambos con 3,5 puntos en la 5\u00aa y 6\u00aa posici\u00f3n,&nbsp;no podr\u00e1n representar a Castilla-La Mancha en Pamplona. De esta manera estos 3 chicos ponen fin a sus largos a\u00f1os de&nbsp;participaci\u00f3n en las distintas fases del Escolar, una l\u00e1stima que su brillante trayectoria ajedrec\u00edstica no se vea culminada como merecen en esta \u00faltima&nbsp;temporada, aunque el deporte es as\u00ed&nbsp;y aceptamos plenamente sus consecuencias, sin desdibujar los triunfos de nuestros rivales por&nbsp;la mala suerte&nbsp;u otras razones extradeportivas. En lo que respecta a las otras categor\u00edas donde tambi\u00e9n&nbsp;ten\u00edamos clasificados, hay que a\u00f1adir que Leo de Giorgi ha obtenido la 5\u00aa posici\u00f3n en el infantil masculino, despu\u00e9s de sumar 3,5 puntos,&nbsp;y que Silvia Toribio ha quedado 8\u00aa en la misma categor\u00eda femenina, habiendo logrado 3 puntos del total de 6 rondas disputadas. <\/span><\/em><br \/>\n<em><span style=\"font-family: Georgia\">En los pr\u00f3ximos meses la actual temporada cobrar\u00e1 una dimensi\u00f3n muy importante para nuestro proyecto. Por delante tenemos la celebraci\u00f3n del IV CAMPUS DE VERANO y&nbsp;un calendario muy exigente de competiciones para nuestros equipos sub-16, por citar las m\u00e1s importantes:&nbsp;torneo de ferias de Alc\u00e1zar, Campeonato Regional por Equipos sub-16 y Campeonato de Espa\u00f1a de Clubes sub-16. Estamos convencidos que ser\u00e1n estos campeonatos los que ofrecer\u00e1n la verdadera dimensi\u00f3n del trabajo realizado a lo largo de estos a\u00f1os.&nbsp;<\/span><\/em><\/p>\n","protected":false},"excerpt":{"rendered":"<p>Silvia, Leo, Daniel, Jorge y Santiago han sido nuestros jugadores en el Escolar Regional de Daimiel A pesar de la tenaz lucha de nuestros jugadores en Daimiel hasta la ronda final, no ha habido ninguna recompensa para&nbsp;ellos traducida en alguna clasificaci\u00f3n para la fase nacional del Campeonato en Edad Escolar. En la categor\u00eda cadete masculina [&hellip;]<\/p>\n","protected":false},"author":1,"featured_media":1652,"comment_status":"open","ping_status":"closed","sticky":false,"template":"","format":"standard","meta":{"footnotes":""},"categories":[1],"tags":[],"class_list":["post-1651","post","type-post","status-publish","format-standard","has-post-thumbnail","hentry","category-noticias"],"_links":{"self":[{"href":"https:\/\/www.bfv.cloud\/ajedrezeuropa\/wp-json\/wp\/v2\/posts\/1651","targetHints":{"allow":["GET"]}}],"collection":[{"href":"https:\/\/www.bfv.cloud\/ajedrezeuropa\/wp-json\/wp\/v2\/posts"}],"about":[{"href":"https:\/\/www.bfv.cloud\/ajedrezeuropa\/wp-json\/wp\/v2\/types\/post"}],"author":[{"embeddable":true,"href":"https:\/\/www.bfv.cloud\/ajedrezeuropa\/wp-json\/wp\/v2\/users\/1"}],"replies":[{"embeddable":true,"href":"https:\/\/www.bfv.cloud\/ajedrezeuropa\/wp-json\/wp\/v2\/comments?post=1651"}],"version-history":[{"count":1,"href":"https:\/\/www.bfv.cloud\/ajedrezeuropa\/wp-json\/wp\/v2\/posts\/1651\/revisions"}],"predecessor-version":[{"id":1653,"href":"https:\/\/www.bfv.cloud\/ajedrezeuropa\/wp-json\/wp\/v2\/posts\/1651\/revisions\/1653"}],"wp:featuredmedia":[{"embeddable":true,"href":"https:\/\/www.bfv.cloud\/ajedrezeuropa\/wp-json\/wp\/v2\/media\/1652"}],"wp:attachment":[{"href":"https:\/\/www.bfv.cloud\/ajedrezeuropa\/wp-json\/wp\/v2\/media?parent=1651"}],"wp:term":[{"taxonomy":"category","embeddable":true,"href":"https:\/\/www.bfv.cloud\/ajedrezeuropa\/wp-json\/wp\/v2\/categories?post=1651"},{"taxonomy":"post_tag","embeddable":true,"href":"https:\/\/www.bfv.cloud\/ajedrezeuropa\/wp-json\/wp\/v2\/tags?post=1651"}],"curies":[{"name":"wp","href":"https:\/\/api.w.org\/{rel}","templated":true}]}}