{"id":1654,"date":"2019-12-03T10:40:00","date_gmt":"2019-12-03T10:40:00","guid":{"rendered":"https:\/\/www.bfv.cloud\/ajedrezeuropa\/index.php\/2019\/12\/03\/subcampeones-de-toledo-en-1a-division-y-campeones-de-3a-con-el-equipo-infantil\/"},"modified":"2025-11-20T10:36:28","modified_gmt":"2025-11-20T10:36:28","slug":"subcampeones-de-toledo-en-1a-division-y-campeones-de-3a-con-el-equipo-infantil","status":"publish","type":"post","link":"https:\/\/www.bfv.cloud\/ajedrezeuropa\/subcampeones-de-toledo-en-1a-division-y-campeones-de-3a-con-el-equipo-infantil\/","title":{"rendered":"SUBCAMPEONES DE TOLEDO EN 1\u00aa DIVISI\u00d3N Y CAMPEONES DE 3\u00aa CON EL EQUIPO INFANTIL"},"content":{"rendered":"<table cellpadding=\"0\" cellspacing=\"0\" class=\"tr-caption-container\" style=\"float: left;margin-right: 1em;text-align: left\">\n<tbody>\n<tr>\n<td style=\"text-align: center\"><a href=\"https:\/\/www.bfv.cloud\/ajedrezeuropa\/wp-content\/uploads\/2019\/12\/EQUIPOS225C225AAY325C225AADIVISION.jpeg\" style=\"clear: left;margin-bottom: 1em;margin-left: auto;margin-right: auto\"><img fetchpriority=\"high\" decoding=\"async\" border=\"0\" data-original-height=\"1136\" data-original-width=\"1591\" height=\"282\" src=\"https:\/\/blogger.googleusercontent.com\/img\/b\/R29vZ2xl\/AVvXsEjWrXvNY_8kejDYr4LsNm-TDu-PH1xnRiFs1mcgrXHZJ0-Wef-dQnttwWzVTHldEaHNB7DG3uSTWY5gved7CjPmH4P5RFbYuQaNYLIAbRcJnJ1a6jw_JhT2COSDu1iSIdbkOh6nZs8Mbt4\/s400\/EQUIPOS+2%25C2%25AA+Y+3%25C2%25AA+DIVISION.jpeg\" width=\"400\" \/><\/a><\/td>\n<\/tr>\n<tr>\n<td class=\"tr-caption\" style=\"text-align: center\">Los ajedrecistas del equipo campe\u00f3n de Nuestro Ajedrez por la Igualdad<br \/>de 3\u00aa divisi\u00f3n junto a sus compa\u00f1eros de 2\u00aa<\/td>\n<\/tr>\n<\/tbody>\n<\/table>\n<p><span style=\", sans-serif;font-size: large\"><b>Finalizado el Campeonato por Equipos de Toledo valedero para la temporada 2019\/2020, los equipos del proyecto \u00abNuestro Ajedrez en Europa\u00bb saldaron su participaci\u00f3n con el t\u00edtulo de campeones provinciales en la categor\u00eda de 3\u00aa divisi\u00f3n y con el subcampeonato en la 1\u00aa. Los 38 ajedrecistas, desde el m\u00e1s peque\u00f1o de 7 a\u00f1os de edad al mayor de 53, integrantes de los equipos de Nuestro Ajedrez en Europa y de Nuestro Ajedrez por la Igualdad que han jugado esta competici\u00f3n anual, vivieron 4 jornadas de intensa emoci\u00f3n en la capital de Castilla-La Mancha. Estos son los resultados de los 6 equipos que representaron a Alc\u00e1zar de San Juan y Villafranca de los Caballeros.<\/b><\/span><\/p>\n<table align=\"center\" cellpadding=\"0\" cellspacing=\"0\" class=\"tr-caption-container\" style=\"margin-left: auto;margin-right: auto;text-align: center\">\n<tbody>\n<tr>\n<td style=\"text-align: center\"><a href=\"https:\/\/www.bfv.cloud\/ajedrezeuropa\/wp-content\/uploads\/2019\/12\/ELEQUIPODE125C225AADIVISIONSUBCAMPEONDETOLEDO.jpeg\" style=\"margin-left: auto;margin-right: auto\"><img decoding=\"async\" border=\"0\" data-original-height=\"1200\" data-original-width=\"1600\" height=\"480\" src=\"https:\/\/blogger.googleusercontent.com\/img\/b\/R29vZ2xl\/AVvXsEjAykqGcTkrji5Pofcj0DDiNS_CyB2LJ6NIeuAcqnHEeb8xT42qX7H7rSB8BcfU7V8i3rcA4bLPvjc2uSoCV8q6q51sFeBiVJbTl8zLNJU5C5FgxLoDPsDY06vN6hIFMmzDPhlMNx3xFe8\/s640\/EL+EQUIPO+DE+1%25C2%25AA+DIVISION+SUBCAMPEON+DE+TOLEDO.jpeg\" width=\"640\" \/><\/a><\/td>\n<\/tr>\n<tr>\n<td class=\"tr-caption\" style=\"text-align: center\">Jugadores de nuestros equipos de 1\u00aa divisi\u00f3n con el trofeo de subcampeones<\/td>\n<\/tr>\n<\/tbody>\n<\/table>\n<p><span style=\", sans-serif;font-size: large\"><b><i><u>Subcampeones de 1\u00aa divisi\u00f3n<\/u><\/i><\/b><\/span><\/p>\n<table cellpadding=\"0\" cellspacing=\"0\" class=\"tr-caption-container\" style=\"float: right;margin-left: 1em;text-align: right\">\n<tbody>\n<tr>\n<td style=\"text-align: center\"><a href=\"https:\/\/www.bfv.cloud\/ajedrezeuropa\/wp-content\/uploads\/2019\/12\/EUROPA-BvsEUROPA-A.jpg\" style=\"clear: right;margin-bottom: 1em;margin-left: auto;margin-right: auto\"><img decoding=\"async\" border=\"0\" data-original-height=\"691\" data-original-width=\"1095\" height=\"252\" src=\"https:\/\/blogger.googleusercontent.com\/img\/b\/R29vZ2xl\/AVvXsEgmDMEJrX6q1mN9iVxkHp_dVWMujh8bHG7bjG1H-Xi_CLLDNq7vQR2qGQo5ovTvGzTnV8lY4ovY_1awGasLkeKIxjhc_4XGvRD46yqPD0bPQTeG55mDFh5MftzrltPbh3DbEa6S4FIzr3g\/s400\/EUROPA-B+vs+EUROPA-A.jpg\" width=\"400\" \/><\/a><\/td>\n<\/tr>\n<tr>\n<td class=\"tr-caption\" style=\"text-align: center\">Una imagen del enfrentamiento entre Europa A y B<\/td>\n<\/tr>\n<\/tbody>\n<\/table>\n<p><span style=\", sans-serif;font-size: large\"><b>El conjunto de Nuestro Ajedrez en Europa-A revalid\u00f3 la 2\u00aa posici\u00f3n en la 1\u00aa divisi\u00f3n del ajedrez toledano. Un a\u00f1o m\u00e1s, la lucha por el t\u00edtulo provincial no se decidi\u00f3 hasta la \u00faltima partida de la jornada final, quedando empatados a 12 puntos con el primer clasificado. En un torneo con 10 equipos participantes, 3 de ellos del proyecto alcazare\u00f1o y villafranquero, nuestros jugadores mostraron su alto esp\u00edritu competitivo y la alta calidad que atesoran.&nbsp;<\/b><\/span><\/p>\n<table cellpadding=\"0\" cellspacing=\"0\" class=\"tr-caption-container\" style=\"float: left;margin-right: 1em;text-align: left\">\n<tbody>\n<tr>\n<td style=\"text-align: center\"><a href=\"https:\/\/www.bfv.cloud\/ajedrezeuropa\/wp-content\/uploads\/2019\/12\/IGUALDAD-A.jpg\" style=\"clear: left;margin-bottom: 1em;margin-left: auto;margin-right: auto\"><img loading=\"lazy\" decoding=\"async\" border=\"0\" data-original-height=\"651\" data-original-width=\"795\" height=\"327\" src=\"https:\/\/blogger.googleusercontent.com\/img\/b\/R29vZ2xl\/AVvXsEiTqtRaHCyaHs7lQT3cbyrYwLtPVH70RHG2tGPFgCLyjGa1F7WOK6kyd6Bj0CINvEFErvPriOCeiw0IXdZq_Ddpvm42oxXiriFAU7Kqqq0UFWUofkTP2T8QPyjBQXR-JIm0NRPVS4vhnn0\/s400\/IGUALDAD-A.jpg\" width=\"400\" \/><\/a><\/td>\n<\/tr>\n<tr>\n<td class=\"tr-caption\" style=\"text-align: center\">4 de los jugadores de la Igualdad B<\/td>\n<\/tr>\n<\/tbody>\n<\/table>\n<p><span style=\", sans-serif;font-size: large\"><b>El equipo B de Europa se situ\u00f3 en la 6\u00aa plaza, mejorando 2 puestos su ranking inicial. Mientras que la formaci\u00f3n de Nuestro Ajedrez por la Igualdad quedaba en la 8\u00aa posici\u00f3n, manteniendo la categor\u00eda para la pr\u00f3xima edici\u00f3n.<\/b><\/span><br \/>\n<span style=\", sans-serif;font-size: large\"><b><i><u>6\u00aa posici\u00f3n en 2\u00aa divisi\u00f3n<\/u><\/i><\/b><\/span><\/p>\n<table cellpadding=\"0\" cellspacing=\"0\" class=\"tr-caption-container\" style=\"float: right;margin-left: 1em;text-align: right\">\n<tbody>\n<tr>\n<td style=\"text-align: center\"><a href=\"https:\/\/www.bfv.cloud\/ajedrezeuropa\/wp-content\/uploads\/2019\/12\/IGUALDAD-B.jpg\" style=\"clear: right;margin-bottom: 1em;margin-left: auto;margin-right: auto\"><img loading=\"lazy\" decoding=\"async\" border=\"0\" data-original-height=\"1057\" data-original-width=\"1597\" height=\"263\" src=\"https:\/\/blogger.googleusercontent.com\/img\/b\/R29vZ2xl\/AVvXsEhWemp7fX00SFR_pKlvVpfhfLO5YrSQb33_zO6WFy0bfR7qJ84QjxWgyozz2Qr38cnalo6Wh-yLnB8ZsbPHNfPMbDmYDMCEh7DwwEKs9eb2LtgQZZJljZZ2Cmg3SjWfyyhj2gzKJkx3CR8\/s400\/IGUALDAD-B.jpg\" width=\"400\" \/><\/a><\/td>\n<\/tr>\n<tr>\n<td class=\"tr-caption\" style=\"text-align: center\">Nuestro Ajedrez por la Igualdad-B durante una ronda<\/td>\n<\/tr>\n<\/tbody>\n<\/table>\n<p><span style=\", sans-serif;font-size: large\"><b>El \u00abB\u00bb de Nuestro Ajedrez por la Igualdad obtuvo la 6\u00aa posici\u00f3n en la categor\u00eda con mayor n\u00famero de equipos participantes (16), situ\u00e1ndose muy cerca de los 3 primeros clasificados. Por calidad, los jugadores de este equipo tendr\u00e1n la oportunidad de luchar por subir a 1\u00aa divisi\u00f3n en la pr\u00f3xima temporada.<\/b><\/span><br \/>\n<span style=\"font-family: helvetica neue, arial, helvetica, sans-serif;font-size: large\"><b><i><u>En 3\u00aa divisi\u00f3n, una gran actuaci\u00f3n de nuestras promesas de menor edad<\/u><\/i><\/b><\/span><br \/>\n<span style=\"font-family: helvetica neue, arial, helvetica, sans-serif;font-size: large\"><b>La participaci\u00f3n de nuestros equipos en Toledo se complet\u00f3 con los sobresalientes resultados de las 2 formaciones m\u00e1s j\u00f3venes de todos los torneos disputados. De esta manera, Igualdad-C, consigui\u00f3 el oro con una diferencia de 4 puntos sobre el 2\u00ba clasificado. Por su parte, Europa-C, qued\u00f3 en la 4\u00aa plaza, a pesar de la falta de experiencia de algunos de sus jugadores.<\/p>\n<table align=\"center\" cellpadding=\"0\" cellspacing=\"0\" class=\"tr-caption-container\" style=\"margin-left: auto;margin-right: auto;text-align: center\">\n<tbody>\n<tr>\n<td style=\"text-align: center\"><a href=\"https:\/\/www.bfv.cloud\/ajedrezeuropa\/wp-content\/uploads\/2019\/12\/EUROPA-CvsIGUALDAD-C.jpg\" style=\"margin-left: auto;margin-right: auto\"><img loading=\"lazy\" decoding=\"async\" border=\"0\" data-original-height=\"1058\" data-original-width=\"1600\" height=\"422\" src=\"https:\/\/blogger.googleusercontent.com\/img\/b\/R29vZ2xl\/AVvXsEinNvNjW69PG06d7PrWI-tdzxhZnpiJDSSCepvc3JJMeFUbXGBt_Py0iYpPht1Ci4YkZwffD9bYfpldzx-ciRCL21o65D0G55AN4TeBC5RLRksDV6W7PH9oQWthk2VMo-z2U8lZ9dNqJTs\/s640\/EUROPA-C+vs+IGUALDAD-C.jpg\" width=\"640\" \/><\/a><\/td>\n<\/tr>\n<tr>\n<td class=\"tr-caption\" style=\"text-align: center\">Algunos de los peque\u00f1os jugadores de nuestros equipos en 3\u00aa divisi\u00f3n<\/td>\n<\/tr>\n<\/tbody>\n<\/table>\n<p><\/b><\/span><br \/>\n<span style=\"font-family: helvetica neue, arial, helvetica, sans-serif;font-size: large\"><b>Es un privilegio contar con esta cantera de jugadores.<\/b><\/span><br \/>\n<span style=\"font-family: helvetica neue, arial, helvetica, sans-serif;font-size: large\"><b>\u00a1\u00a1Enhorabuena a todos!!<\/b><\/span><br \/>\n<span style=\", sans-serif;font-size: large\"><b><i><u><br \/><\/u><\/i><\/b><\/span><\/p>\n","protected":false},"excerpt":{"rendered":"<p>Los ajedrecistas del equipo campe\u00f3n de Nuestro Ajedrez por la Igualdadde 3\u00aa divisi\u00f3n junto a sus compa\u00f1eros de 2\u00aa Finalizado el Campeonato por Equipos de Toledo valedero para la temporada 2019\/2020, los equipos del proyecto \u00abNuestro Ajedrez en Europa\u00bb saldaron su participaci\u00f3n con el t\u00edtulo de campeones provinciales en la categor\u00eda de 3\u00aa divisi\u00f3n y [&hellip;]<\/p>\n","protected":false},"author":1,"featured_media":1655,"comment_status":"open","ping_status":"closed","sticky":false,"template":"","format":"standard","meta":{"footnotes":""},"categories":[1],"tags":[],"class_list":["post-1654","post","type-post","status-publish","format-standard","has-post-thumbnail","hentry","category-noticias"],"_links":{"self":[{"href":"https:\/\/www.bfv.cloud\/ajedrezeuropa\/wp-json\/wp\/v2\/posts\/1654","targetHints":{"allow":["GET"]}}],"collection":[{"href":"https:\/\/www.bfv.cloud\/ajedrezeuropa\/wp-json\/wp\/v2\/posts"}],"about":[{"href":"https:\/\/www.bfv.cloud\/ajedrezeuropa\/wp-json\/wp\/v2\/types\/post"}],"author":[{"embeddable":true,"href":"https:\/\/www.bfv.cloud\/ajedrezeuropa\/wp-json\/wp\/v2\/users\/1"}],"replies":[{"embeddable":true,"href":"https:\/\/www.bfv.cloud\/ajedrezeuropa\/wp-json\/wp\/v2\/comments?post=1654"}],"version-history":[{"count":1,"href":"https:\/\/www.bfv.cloud\/ajedrezeuropa\/wp-json\/wp\/v2\/posts\/1654\/revisions"}],"predecessor-version":[{"id":1661,"href":"https:\/\/www.bfv.cloud\/ajedrezeuropa\/wp-json\/wp\/v2\/posts\/1654\/revisions\/1661"}],"wp:featuredmedia":[{"embeddable":true,"href":"https:\/\/www.bfv.cloud\/ajedrezeuropa\/wp-json\/wp\/v2\/media\/1655"}],"wp:attachment":[{"href":"https:\/\/www.bfv.cloud\/ajedrezeuropa\/wp-json\/wp\/v2\/media?parent=1654"}],"wp:term":[{"taxonomy":"category","embeddable":true,"href":"https:\/\/www.bfv.cloud\/ajedrezeuropa\/wp-json\/wp\/v2\/categories?post=1654"},{"taxonomy":"post_tag","embeddable":true,"href":"https:\/\/www.bfv.cloud\/ajedrezeuropa\/wp-json\/wp\/v2\/tags?post=1654"}],"curies":[{"name":"wp","href":"https:\/\/api.w.org\/{rel}","templated":true}]}}