{"id":1662,"date":"2023-08-06T11:24:00","date_gmt":"2023-08-06T11:24:00","guid":{"rendered":"https:\/\/www.bfv.cloud\/ajedrezeuropa\/index.php\/2023\/08\/06\/el-torneo-de-feria-de-alcazar-cumple-20-anos\/"},"modified":"2025-11-20T10:36:31","modified_gmt":"2025-11-20T10:36:31","slug":"el-torneo-de-feria-de-alcazar-cumple-20-anos","status":"publish","type":"post","link":"https:\/\/www.bfv.cloud\/ajedrezeuropa\/el-torneo-de-feria-de-alcazar-cumple-20-anos\/","title":{"rendered":"EL TORNEO DE FERIA DE ALC\u00c1ZAR CUMPLE 20 A\u00d1OS"},"content":{"rendered":"<\/p>\n<div class=\"separator\" style=\"clear: both;text-align: center\"><a href=\"https:\/\/www.bfv.cloud\/ajedrezeuropa\/wp-content\/uploads\/2023\/08\/CARTEL20XX20TORNEO20FERIA20ALCAZAR_001.jpg\" style=\"clear: left;float: left;margin-bottom: 1em;margin-right: 1em\"><img fetchpriority=\"high\" decoding=\"async\" border=\"0\" data-original-height=\"842\" data-original-width=\"595\" height=\"640\" src=\"https:\/\/blogger.googleusercontent.com\/img\/b\/R29vZ2xl\/AVvXsEhWiXxHNGbSlE_6iXNJ-C0pjkrryAlsGyAsR-TVr9Jq_xSH-pI7z31or96Nn_rF_NjFuYtpJiBFXPQuhAtrWxpxU5AtGcRBZLfKrNALPwco5Roz0kH4vLq6voirccTxt-jtyU20WLhM45OXhhg4m9XeUrJf6_NbaDc865Du24nkzf8WgZ3P1AObugyU274\/w452-h640\/CARTEL%20XX%20TORNEO%20FERIA%20ALCAZAR_001.jpg\" width=\"452\" \/><\/a><\/div>\n<p><span style=\"font-family: Open Sans;font-size: large\">El s\u00e1bado 26 de agosto por la ma\u00f1ana se celebrar\u00e1 la 20\u00aa edici\u00f3n del Torneo de Feria de Alc\u00e1zar de San Juan. Se mantienen los trofeos por equipos y se aumenta a 75 los recuerdos a los participantes. El periodo de inscripci\u00f3n comienza el jueves 17 de agosto y finaliza el 24 de agosto. Recordad que hay 2 formas de inscribirse: por correo electr\u00f3nico&nbsp;<a href=\"mailto:felixtoribio@nuestroajedrezeneuropa.com\" target=\"_blank\">felixtoribio@nuestroajedrezeneuropa.com<\/a>&nbsp;o mediante mensaje de WhastApp al 620946381&nbsp;<\/span><\/p>\n<p><span style=\"font-family: Open Sans;font-size: large\">Las bases del torneo absoluto y del juvenil son estas:<\/span><\/p>\n<\/p>\n<div class=\"separator\" style=\"clear: both;text-align: center\"><a href=\"https:\/\/www.bfv.cloud\/ajedrezeuropa\/wp-content\/uploads\/2023\/08\/BASES20DEL20XX20TORNEO20FERIA20202220VII20TORNEO20ABSOLUTO_001.jpg\" style=\"margin-left: 1em;margin-right: 1em\"><img decoding=\"async\" border=\"0\" data-original-height=\"842\" data-original-width=\"595\" height=\"640\" src=\"https:\/\/blogger.googleusercontent.com\/img\/b\/R29vZ2xl\/AVvXsEgAZ5ssC8HKOn7Xcl1tegjiMWiXG6e7di7lzTRAIBgR5uzln4ncEGlJiJhe3IuL9Rnlhak9NAJlIQehoFloFLE9xaiSYPZ1us0vs77J3rmGG2v5G6SW7Ja43B6P506sUVfh-dYnJjR9ic7Eae4pwcjFxAEwjIZWiCNXD0dEYoEecMovGS4A44EgzzT9sMo\/w452-h640\/BASES%20DEL%20XX%20TORNEO%20FERIA%202022%20(VII%20TORNEO%20ABSOLUTO)_001.jpg\" width=\"452\" \/><\/a><\/div>\n<p><\/p>\n<div class=\"separator\" style=\"clear: both;text-align: center\"><a href=\"https:\/\/www.bfv.cloud\/ajedrezeuropa\/wp-content\/uploads\/2023\/08\/BASES20DEL20XX20TORNEO20FERIA20202320XV20TORNEO20S-18_001.jpg\" style=\"margin-left: 1em;margin-right: 1em\"><img decoding=\"async\" border=\"0\" data-original-height=\"842\" data-original-width=\"595\" height=\"640\" src=\"https:\/\/blogger.googleusercontent.com\/img\/b\/R29vZ2xl\/AVvXsEigrE9txG7byN31pNTjKKnnC22LpcrxUArF6JMdKI3q0w2HqJwK6136gk8AvGwn6yGbBk5YCXC7tUpw3PwbYGFsT2IFEVPfX5W1Ui9vMiKA9X4b9a11VQfCHkzK012ovFqZFiYEb43X5fb11LWikZZDVyJubuiUmTTtjTp0evaGsRGr7Ppy1hxrtMoodMU\/w452-h640\/BASES%20DEL%20XX%20TORNEO%20FERIA%202023%20(XV%20TORNEO%20S-18)_001.jpg\" width=\"452\" \/><\/a><\/div>\n<p><span style=\"font-family: Open Sans;font-size: large\">\u00a1\u00a1Os esperamos en esta celebraci\u00f3n de los 20 a\u00f1os del torneo!!<br \/><\/span>&nbsp;<\/p>\n","protected":false},"excerpt":{"rendered":"<p>El s\u00e1bado 26 de agosto por la ma\u00f1ana se celebrar\u00e1 la 20\u00aa edici\u00f3n del Torneo de Feria de Alc\u00e1zar de San Juan. Se mantienen los trofeos por equipos y se aumenta a 75 los recuerdos a los participantes. El periodo de inscripci\u00f3n comienza el jueves 17 de agosto y finaliza el 24 de agosto. Recordad [&hellip;]<\/p>\n","protected":false},"author":1,"featured_media":1663,"comment_status":"open","ping_status":"closed","sticky":false,"template":"","format":"standard","meta":{"footnotes":""},"categories":[1],"tags":[],"class_list":["post-1662","post","type-post","status-publish","format-standard","has-post-thumbnail","hentry","category-noticias"],"_links":{"self":[{"href":"https:\/\/www.bfv.cloud\/ajedrezeuropa\/wp-json\/wp\/v2\/posts\/1662","targetHints":{"allow":["GET"]}}],"collection":[{"href":"https:\/\/www.bfv.cloud\/ajedrezeuropa\/wp-json\/wp\/v2\/posts"}],"about":[{"href":"https:\/\/www.bfv.cloud\/ajedrezeuropa\/wp-json\/wp\/v2\/types\/post"}],"author":[{"embeddable":true,"href":"https:\/\/www.bfv.cloud\/ajedrezeuropa\/wp-json\/wp\/v2\/users\/1"}],"replies":[{"embeddable":true,"href":"https:\/\/www.bfv.cloud\/ajedrezeuropa\/wp-json\/wp\/v2\/comments?post=1662"}],"version-history":[{"count":1,"href":"https:\/\/www.bfv.cloud\/ajedrezeuropa\/wp-json\/wp\/v2\/posts\/1662\/revisions"}],"predecessor-version":[{"id":1666,"href":"https:\/\/www.bfv.cloud\/ajedrezeuropa\/wp-json\/wp\/v2\/posts\/1662\/revisions\/1666"}],"wp:featuredmedia":[{"embeddable":true,"href":"https:\/\/www.bfv.cloud\/ajedrezeuropa\/wp-json\/wp\/v2\/media\/1663"}],"wp:attachment":[{"href":"https:\/\/www.bfv.cloud\/ajedrezeuropa\/wp-json\/wp\/v2\/media?parent=1662"}],"wp:term":[{"taxonomy":"category","embeddable":true,"href":"https:\/\/www.bfv.cloud\/ajedrezeuropa\/wp-json\/wp\/v2\/categories?post=1662"},{"taxonomy":"post_tag","embeddable":true,"href":"https:\/\/www.bfv.cloud\/ajedrezeuropa\/wp-json\/wp\/v2\/tags?post=1662"}],"curies":[{"name":"wp","href":"https:\/\/api.w.org\/{rel}","templated":true}]}}