{"id":1667,"date":"2014-01-21T22:04:00","date_gmt":"2014-01-21T22:04:00","guid":{"rendered":"https:\/\/www.bfv.cloud\/ajedrezeuropa\/index.php\/2014\/01\/21\/escolar-y-sub-18-de-toledo\/"},"modified":"2025-11-20T10:36:46","modified_gmt":"2025-11-20T10:36:46","slug":"escolar-y-sub-18-de-toledo","status":"publish","type":"post","link":"https:\/\/www.bfv.cloud\/ajedrezeuropa\/escolar-y-sub-18-de-toledo\/","title":{"rendered":"ESCOLAR Y SUB-18 DE TOLEDO"},"content":{"rendered":"<table cellpadding=\"0\" cellspacing=\"0\" class=\"tr-caption-container\" style=\"float: right;margin-left: 1em;text-align: right\">\n<tbody>\n<tr>\n<td style=\"text-align: center\"><a href=\"https:\/\/www.bfv.cloud\/ajedrezeuropa\/wp-content\/uploads\/2014\/01\/100_2991.jpg\" style=\"clear: right;margin-bottom: 1em;margin-left: auto;margin-right: auto\"><img fetchpriority=\"high\" decoding=\"async\" border=\"0\" src=\"https:\/\/www.bfv.cloud\/ajedrezeuropa\/wp-content\/uploads\/2014\/01\/100_2991.jpg\" height=\"229\" width=\"320\" \/><\/a><\/td>\n<\/tr>\n<tr>\n<td class=\"tr-caption\" style=\"text-align: center\">Iv\u00e1n Valencia<\/td>\n<\/tr>\n<\/tbody>\n<\/table>\n<h3>\n<span style=\"font-family: Verdana, sans-serif\"><b><u>Campeonato del Deporte en Edad Escolar de Toledo<\/u><\/b><\/span><\/h3>\n<div class=\"MsoNormal\" style=\"text-align: justify;text-indent: 35.4pt\">\n<span style=\"font-family: Verdana, sans-serif;text-indent: 35.4pt\">La casa de la cultura de Mora acog\u00eda<br \/>\nel pasado s\u00e1bado el inicio del CRDEE en la fase provincial de Toledo. La<br \/>\ntemporada de 2014 de este campeonato cuenta con la participaci\u00f3n de 12 escuelas<br \/>\nde ajedrez toledanas que desplazan a un total de 98 jugadores. Las dos categor\u00edas<br \/>\nen las que se divide el escolar cuentan con los siguientes<\/span><br \/>\n<span style=\"font-family: Verdana, sans-serif\"><br \/><\/span><span style=\"font-family: Verdana, sans-serif;text-indent: 35.4pt\"><\/p>\n<table cellpadding=\"0\" cellspacing=\"0\" class=\"tr-caption-container\" style=\"float: left;margin-right: 1em;text-align: left\">\n<tbody>\n<tr>\n<td style=\"text-align: center\"><a href=\"https:\/\/www.bfv.cloud\/ajedrezeuropa\/wp-content\/uploads\/2014\/01\/10151-1-2.jpg\" style=\"clear: left;margin-bottom: 1em;margin-left: auto;margin-right: auto\"><img decoding=\"async\" border=\"0\" src=\"https:\/\/www.bfv.cloud\/ajedrezeuropa\/wp-content\/uploads\/2014\/01\/10151-1-2.jpg\" height=\"240\" width=\"320\" \/><\/a><\/td>\n<\/tr>\n<tr>\n<td class=\"tr-caption\" style=\"text-align: center\">Mar\u00eda Oliver<\/td>\n<\/tr>\n<\/tbody>\n<\/table>\n<p>participantes: 19 en<br \/>\nla cadete, disputada por chicos y chicas nacidos en 1998 y 1999, y 79 en la<br \/>\ninfantil, destinada para ni\u00f1os y ni\u00f1as del a\u00f1o 2000 y posteriores. Por primera<br \/>\nvez en la \u00faltima d\u00e9cada la poblaci\u00f3n organizadora, esta vez Mora, dispone<br \/>\nde una escuela de ajedrez con muchos a\u00f1os de trabajo en la promoci\u00f3n de este<br \/>\ndeporte, aportando un n\u00famero significativo de ajedrecistas a la competici\u00f3n:<br \/>\n13. Con estos breves datos generales como referencia, pasamos a informar de los<br \/>\nresultados producidos en esta 1\u00aa jornada:<\/span><\/div>\n<div class=\"MsoNormal\" style=\"text-align: justify;text-indent: 35.4pt\">\n<u><span style=\"font-family: Verdana, sans-serif\"><b>Categor\u00eda Cadete:<\/b><\/span><\/u><br \/>\n<span style=\"font-family: Verdana, sans-serif\"><b><u><br \/><\/u><\/b><\/span><u><span style=\"font-family: Verdana, sans-serif\"><b><\/p>\n<table cellpadding=\"0\" cellspacing=\"0\" class=\"tr-caption-container\" style=\"float: left;margin-right: 1em;text-align: left\">\n<tbody>\n<tr>\n<td style=\"text-align: center\"><a href=\"https:\/\/www.bfv.cloud\/ajedrezeuropa\/wp-content\/uploads\/2014\/01\/10206-1.jpg\" style=\"clear: left;margin-bottom: 1em;margin-left: auto;margin-right: auto\"><img decoding=\"async\" border=\"0\" src=\"https:\/\/www.bfv.cloud\/ajedrezeuropa\/wp-content\/uploads\/2014\/01\/10206-1.jpg\" height=\"213\" width=\"320\" \/><\/a><\/td>\n<\/tr>\n<tr>\n<td class=\"tr-caption\" style=\"text-align: center\">Silvia Toribio<\/td>\n<\/tr>\n<\/tbody>\n<\/table>\n<p><\/b><\/span><\/u><\/div>\n<div class=\"MsoNormal\" style=\"text-align: justify;text-indent: 35.4pt\">\n<table cellpadding=\"0\" cellspacing=\"0\" class=\"tr-caption-container\" style=\"float: right;text-align: right\">\n<tbody>\n<tr>\n<td style=\"text-align: center\"><a href=\"https:\/\/www.bfv.cloud\/ajedrezeuropa\/wp-content\/uploads\/2014\/01\/10217-1.jpg\" style=\"clear: right;margin-bottom: 1em;margin-left: auto;margin-right: auto\"><img loading=\"lazy\" decoding=\"async\" border=\"0\" src=\"https:\/\/www.bfv.cloud\/ajedrezeuropa\/wp-content\/uploads\/2014\/01\/10217-1.jpg\" height=\"240\" width=\"320\" \/><\/a><\/td>\n<\/tr>\n<tr>\n<td class=\"tr-caption\" style=\"text-align: center\">Alba P\u00edriz<\/td>\n<\/tr>\n<\/tbody>\n<\/table>\n<p><span style=\"font-family: Verdana, sans-serif\">Dentro de esta categor\u00eda, la escuela de Villafranca<br \/>\nse encuentra representada por 2 chicas: Alba P\u00edriz y Silvia Toribio. La \u00fanica<br \/>\nronda celebrada depar\u00f3 la victoria de Silvia ante Diego Caparros y la derrota<br \/>\nde Alba frente a Daniel D\u00edaz-Roncero. El pr\u00f3ximo s\u00e1bado se disputar\u00e1n 2 rondas,<br \/>\nestando previstos los siguientes emparejamientos de nuestras jugadoras en la 2\u00aa<br \/>\nronda:<\/span><\/div>\n<div style=\"text-align: center\">\n<span style=\"font-family: Verdana, sans-serif;font-weight: normal\">Mesa 1: Samuel Bustos \u2013 Silvia Toribio<\/span><\/div>\n<div class=\"MsoNormal\" style=\"text-align: center\">\n<span style=\"font-family: Verdana, sans-serif\">Mesa 7: Luis Escudero \u2013 Alba P\u00edriz<\/span><span style=\"font-family: Tahoma, sans-serif;font-weight: bold\"><\/span><\/div>\n<div class=\"MsoNormal\" style=\"text-align: center\">\n<div style=\"text-align: left\">\n<b><span>&nbsp; &nbsp; &nbsp;&nbsp;<\/span><span style=\"font-family: Verdana, sans-serif\">&nbsp;&nbsp; <\/span><\/b><u><span style=\"font-family: Verdana, sans-serif\"><b>Categor\u00eda Infantil:<\/b><\/span><\/u><\/div>\n<\/div>\n<div class=\"MsoNormal\">\n<table cellpadding=\"0\" cellspacing=\"0\" class=\"tr-caption-container\" style=\"float: left;text-align: left\">\n<tbody>\n<tr>\n<td style=\"text-align: center\"><a href=\"https:\/\/www.bfv.cloud\/ajedrezeuropa\/wp-content\/uploads\/2014\/01\/100_2989.jpg\" style=\"clear: left;margin-bottom: 1em;margin-left: auto;margin-right: auto\"><img loading=\"lazy\" decoding=\"async\" border=\"0\" src=\"https:\/\/www.bfv.cloud\/ajedrezeuropa\/wp-content\/uploads\/2014\/01\/100_2989.jpg\" height=\"213\" width=\"320\" \/><\/a><\/td>\n<\/tr>\n<tr>\n<td class=\"tr-caption\" style=\"text-align: center\">\u00d3scar Roncero<\/td>\n<\/tr>\n<\/tbody>\n<\/table>\n<p>&nbsp; &nbsp; &nbsp; &nbsp; <span style=\"font-family: Verdana, sans-serif\">&nbsp;En el<br \/>\ninfantil son 6 chicos y 2 chicas los integrantes de nuestra escuela. Aqu\u00ed se<br \/>\njugaron 2 rondas del total de 8, figurando con 2 puntos: Irene Sim\u00f3n e Iv\u00e1n<br \/>\nValencia; con 1 \u00bd: Mar\u00eda Oliver; con 1: \u00d3scar Roncero, H\u00e9ctor Nieves, \u00c1lvaro<br \/>\nAlberca y Diego Carrero; y sin puntuar: Juan Francisco Mar\u00edn. Los<br \/>\nemparejamientos iniciales para la 3\u00aa ronda son:<\/span><\/div>\n<div align=\"center\" class=\"MsoBodyText2\" style=\"text-align: center\">\n<span style=\"font-family: Verdana, sans-serif\">Mesa 1: Marcos<br \/>\nIsabel \u2013 Irene Sim\u00f3n<\/span><\/div>\n<div align=\"center\" class=\"MsoBodyText2\" style=\"text-align: center\">\n<span style=\"font-family: Verdana, sans-serif\">Mesa 6: Iv\u00e1n<br \/>\nValencia \u2013 Alejandro D\u00edaz<\/span><\/div>\n<div align=\"center\" class=\"MsoBodyText2\" style=\"text-align: center\">\n<span style=\"font-family: Verdana, sans-serif\">Mesa 10: Sheng<br \/>\nYang \u2013 Mar\u00eda Oliver<\/span><\/div>\n<div align=\"center\" class=\"MsoBodyText2\" style=\"text-align: center\">\n<span style=\"font-family: Verdana, sans-serif\">Mesa 12: Rodrigo<br \/>\nDur\u00e1n \u2013 Diego Carrero<\/span><\/div>\n<div align=\"center\" class=\"MsoBodyText2\" style=\"text-align: center\">\n<span style=\"font-family: Verdana, sans-serif\">Mesa 17: Isabel<br \/>\nP\u00e9rez \u2013 H\u00e9ctor Nieves<\/span><\/div>\n<div align=\"center\" class=\"MsoBodyText2\" style=\"text-align: center\">\n<span style=\"font-family: Verdana, sans-serif\">Mesa 20: \u00d3scar<br \/>\nRoncero \u2013 Eric Alexander Villal\u00f3n<\/span><\/div>\n<div align=\"center\" class=\"MsoBodyText2\" style=\"text-align: center\">\n<span style=\"font-family: Verdana, sans-serif\">Mesa 26: \u00c1lvaro<br \/>\nAlberca \u2013 Luis S\u00e1nchez<\/span><\/div>\n<div align=\"center\" class=\"MsoBodyText2\" style=\"text-align: center\">\n<table cellpadding=\"0\" cellspacing=\"0\" class=\"tr-caption-container\" style=\"float: left;margin-right: 1em;text-align: left\">\n<tbody>\n<tr>\n<td style=\"text-align: center\"><a href=\"https:\/\/www.bfv.cloud\/ajedrezeuropa\/wp-content\/uploads\/2014\/01\/100_2986.jpg\" style=\"clear: left;margin-bottom: 1em;margin-left: auto;margin-right: auto\"><img loading=\"lazy\" decoding=\"async\" border=\"0\" src=\"https:\/\/www.bfv.cloud\/ajedrezeuropa\/wp-content\/uploads\/2014\/01\/100_2986.jpg\" height=\"213\" width=\"320\" \/><\/a><\/td>\n<\/tr>\n<tr>\n<td class=\"tr-caption\" style=\"text-align: center\">Irene Sim\u00f3n<\/td>\n<\/tr>\n<\/tbody>\n<\/table>\n<p><span style=\"font-family: Verdana, sans-serif\">Mesa 39: Juan<br \/>\nFrancisco Mar\u00edn \u2013 Enrique Ru\u00edz<\/span><\/div>\n<div class=\"MsoBodyText2\">\n<\/div>\n<table cellpadding=\"0\" cellspacing=\"0\" class=\"tr-caption-container\" style=\"float: right;margin-left: 1em;text-align: right\">\n<tbody>\n<tr>\n<td style=\"text-align: center\"><a href=\"https:\/\/www.bfv.cloud\/ajedrezeuropa\/wp-content\/uploads\/2014\/01\/100_2990.jpg\" style=\"clear: right;margin-bottom: 1em;margin-left: auto;margin-right: auto\"><img loading=\"lazy\" decoding=\"async\" border=\"0\" src=\"https:\/\/www.bfv.cloud\/ajedrezeuropa\/wp-content\/uploads\/2014\/01\/100_2990.jpg\" height=\"150\" width=\"200\" \/><\/a><\/td>\n<\/tr>\n<tr>\n<td class=\"tr-caption\" style=\"text-align: center\">Juanfran Mar\u00edn<\/td>\n<\/tr>\n<\/tbody>\n<\/table>\n<div class=\"MsoBodyText2\">\n<u><span style=\"font-size: 16pt\"><span style=\"font-family: Verdana, sans-serif\"><br \/><\/span><\/span><\/u><br \/>\n<u><span style=\"font-size: 16pt\"><span style=\"font-family: Verdana, sans-serif\"><br \/><\/span><\/span><\/u><br \/>\n<u><span style=\"font-size: 16pt\"><span style=\"font-family: Verdana, sans-serif\"><br \/><\/span><\/span><\/u><br \/>\n<u><span style=\"font-size: 16pt\"><span style=\"font-family: Verdana, sans-serif\"><br \/><\/span><\/span><\/u><br \/>\n<\/p>\n<table cellpadding=\"0\" cellspacing=\"0\" class=\"tr-caption-container\" style=\"float: left;margin-right: 1em;text-align: left\">\n<tbody>\n<tr>\n<td style=\"text-align: center\"><a href=\"https:\/\/www.bfv.cloud\/ajedrezeuropa\/wp-content\/uploads\/2014\/01\/100_2987.jpg\" style=\"clear: left;margin-bottom: 1em;margin-left: auto;margin-right: auto\"><img loading=\"lazy\" decoding=\"async\" border=\"0\" src=\"https:\/\/www.bfv.cloud\/ajedrezeuropa\/wp-content\/uploads\/2014\/01\/100_2987.jpg\" height=\"133\" width=\"200\" \/><\/a><\/td>\n<\/tr>\n<tr>\n<td class=\"tr-caption\" style=\"text-align: center\">Diego Carrero<\/td>\n<\/tr>\n<\/tbody>\n<\/table>\n<p><\/p>\n<table cellpadding=\"0\" cellspacing=\"0\" class=\"tr-caption-container\" style=\"float: right;text-align: right\">\n<tbody>\n<tr>\n<td style=\"text-align: center\"><a href=\"https:\/\/www.bfv.cloud\/ajedrezeuropa\/wp-content\/uploads\/2014\/01\/100_2993.jpg\" style=\"clear: right;margin-bottom: 1em;margin-left: auto;margin-right: auto\"><img loading=\"lazy\" decoding=\"async\" border=\"0\" src=\"https:\/\/www.bfv.cloud\/ajedrezeuropa\/wp-content\/uploads\/2014\/01\/100_2993.jpg\" height=\"150\" width=\"200\" \/><\/a><\/td>\n<\/tr>\n<tr>\n<td class=\"tr-caption\" style=\"text-align: center\">H\u00e9ctor Nieves<\/td>\n<\/tr>\n<\/tbody>\n<\/table>\n<p>\n<u><span style=\"font-size: 16pt\"><span style=\"font-family: Verdana, sans-serif\"><\/span><\/span><\/u><br \/>\n<u><span style=\"font-size: 16pt\"><span style=\"font-family: Verdana, sans-serif\"><\/span><\/span><\/u><br \/>\n<u><span style=\"font-size: 16pt\"><span style=\"font-family: Verdana, sans-serif\"><\/span><\/span><\/u><br \/>\n<u><span style=\"font-size: 16pt\"><span style=\"font-family: Verdana, sans-serif\"><\/span><\/span><\/u><br \/>\n<u><span style=\"font-size: 16pt\"><span style=\"font-family: Verdana, sans-serif\"><\/span><\/span><\/u><br \/>\n<u><span style=\"font-size: 16pt\"><span style=\"font-family: Verdana, sans-serif\"><\/span><\/span><\/u><br \/>\n<u><span style=\"font-size: 16pt\"><span style=\"font-family: Verdana, sans-serif\"><br \/><\/span><\/span><\/u><br \/>\n<u><span style=\"font-size: 16pt\"><span style=\"font-family: Verdana, sans-serif\"><br \/><\/span><\/span><\/u><br \/>\n<\/p>\n<table cellpadding=\"0\" cellspacing=\"0\" class=\"tr-caption-container\" style=\"float: left;text-align: center\">\n<tbody>\n<tr>\n<td style=\"text-align: center\"><a href=\"https:\/\/www.bfv.cloud\/ajedrezeuropa\/wp-content\/uploads\/2014\/01\/100_2988.jpg\" style=\"margin-left: auto;margin-right: auto\"><img loading=\"lazy\" decoding=\"async\" border=\"0\" src=\"https:\/\/www.bfv.cloud\/ajedrezeuropa\/wp-content\/uploads\/2014\/01\/100_2988.jpg\" height=\"150\" width=\"200\" \/><\/a><\/td>\n<\/tr>\n<tr>\n<td class=\"tr-caption\" style=\"text-align: center\">\u00c1lvaro Alberca<\/td>\n<\/tr>\n<\/tbody>\n<\/table>\n<p><u><span style=\"font-size: 16pt\"><span style=\"font-family: Verdana, sans-serif\"><br \/><\/span><\/span><\/u><br \/>\n<u><span style=\"font-size: 16pt\"><span style=\"font-family: Verdana, sans-serif\"><br \/><\/span><\/span><\/u><br \/>\n<u><span style=\"font-size: 16pt\"><span style=\"font-family: Verdana, sans-serif\"><br \/><\/span><\/span><\/u><br \/>\n<u><span style=\"font-size: 16pt\"><span style=\"font-family: Verdana, sans-serif\"><br \/><\/span><\/span><\/u><br \/>\n<u><span style=\"font-size: 16pt\"><span style=\"font-family: Verdana, sans-serif\"><br \/><\/span><\/span><\/u><br \/>\n<u><span style=\"font-size: 16pt\"><span style=\"font-family: Verdana, sans-serif\"><br \/><\/span><\/span><\/u><br \/>\n<u><span style=\"font-size: 16pt\"><span style=\"font-family: Verdana, sans-serif\"><br \/><\/span><\/span><\/u><u><span style=\"font-size: 16pt\"><span style=\"font-family: Verdana, sans-serif\"><br \/><\/span><\/span><\/u><br \/>\n<u><span style=\"font-size: 16pt\"><span style=\"font-family: Verdana, sans-serif\"><br \/><\/span><\/span><\/u><u><span style=\"font-size: 16pt\"><span style=\"font-family: Verdana, sans-serif\">Campeonato Provincial Sub-18<\/span><\/span><\/u><\/div>\n<div class=\"MsoBodyText2\">\n<\/div>\n<div class=\"MsoBodyText2\">\n<table cellpadding=\"0\" cellspacing=\"0\" class=\"tr-caption-container\" style=\"float: left;margin-right: 1em;text-align: left\">\n<tbody>\n<tr>\n<td style=\"text-align: center\"><a href=\"https:\/\/www.bfv.cloud\/ajedrezeuropa\/wp-content\/uploads\/2014\/01\/Bricio-Lozano.jpg\" style=\"clear: left;margin-bottom: 1em;margin-left: auto;margin-right: auto\"><img loading=\"lazy\" decoding=\"async\" border=\"0\" src=\"https:\/\/www.bfv.cloud\/ajedrezeuropa\/wp-content\/uploads\/2014\/01\/Bricio-Lozano.jpg\" height=\"400\" width=\"266\" \/><\/a><\/td>\n<\/tr>\n<tr>\n<td class=\"tr-caption\" style=\"text-align: center\">Ajedrez con humor &#8230; el duelo del siglo<\/td>\n<\/tr>\n<\/tbody>\n<\/table>\n<p>&nbsp;&nbsp;&nbsp;&nbsp;&nbsp;&nbsp;&nbsp;&nbsp; <span style=\"font-family: Verdana, sans-serif\">En cuanto a<br \/>\nla parte del deporte federado, arrancaba el provincial sub-18 para j\u00f3venes<br \/>\nnacidos en 1996 y 1997, con la asistencia de 8 jugadores, 2 de ellos<br \/>\npertenecientes a la escuela de Villafranca. En los primeros enfrentamientos:<br \/>\nIsaac Lozano se impuso a Emil Ghiurca y Jes\u00fas M\u00aa Bricio venci\u00f3 al n\u00ba 1 del<br \/>\nranking, la jugadora Mar\u00eda Alonso. Este s\u00e1bado ser\u00e1 la \u00fanica jornada con doble<br \/>\nronda en esta competici\u00f3n y el suizo ha dispuesto el emparejamiento en la 2\u00aa de<br \/>\nnuestros dos ajedrecistas, correspondiendo las piezas blancas a Jes\u00fas M\u00aa y las<br \/>\nnegras a Isaac.<\/span><br \/>\n<span style=\"font-family: Verdana, sans-serif\"><br \/><\/span><\/div>\n","protected":false},"excerpt":{"rendered":"<p>Iv\u00e1n Valencia Campeonato del Deporte en Edad Escolar de Toledo La casa de la cultura de Mora acog\u00eda el pasado s\u00e1bado el inicio del CRDEE en la fase provincial de Toledo. La temporada de 2014 de este campeonato cuenta con la participaci\u00f3n de 12 escuelas de ajedrez toledanas que desplazan a un total de 98 [&hellip;]<\/p>\n","protected":false},"author":1,"featured_media":1668,"comment_status":"open","ping_status":"closed","sticky":false,"template":"","format":"standard","meta":{"footnotes":""},"categories":[1],"tags":[],"class_list":["post-1667","post","type-post","status-publish","format-standard","has-post-thumbnail","hentry","category-noticias"],"_links":{"self":[{"href":"https:\/\/www.bfv.cloud\/ajedrezeuropa\/wp-json\/wp\/v2\/posts\/1667","targetHints":{"allow":["GET"]}}],"collection":[{"href":"https:\/\/www.bfv.cloud\/ajedrezeuropa\/wp-json\/wp\/v2\/posts"}],"about":[{"href":"https:\/\/www.bfv.cloud\/ajedrezeuropa\/wp-json\/wp\/v2\/types\/post"}],"author":[{"embeddable":true,"href":"https:\/\/www.bfv.cloud\/ajedrezeuropa\/wp-json\/wp\/v2\/users\/1"}],"replies":[{"embeddable":true,"href":"https:\/\/www.bfv.cloud\/ajedrezeuropa\/wp-json\/wp\/v2\/comments?post=1667"}],"version-history":[{"count":1,"href":"https:\/\/www.bfv.cloud\/ajedrezeuropa\/wp-json\/wp\/v2\/posts\/1667\/revisions"}],"predecessor-version":[{"id":1679,"href":"https:\/\/www.bfv.cloud\/ajedrezeuropa\/wp-json\/wp\/v2\/posts\/1667\/revisions\/1679"}],"wp:featuredmedia":[{"embeddable":true,"href":"https:\/\/www.bfv.cloud\/ajedrezeuropa\/wp-json\/wp\/v2\/media\/1668"}],"wp:attachment":[{"href":"https:\/\/www.bfv.cloud\/ajedrezeuropa\/wp-json\/wp\/v2\/media?parent=1667"}],"wp:term":[{"taxonomy":"category","embeddable":true,"href":"https:\/\/www.bfv.cloud\/ajedrezeuropa\/wp-json\/wp\/v2\/categories?post=1667"},{"taxonomy":"post_tag","embeddable":true,"href":"https:\/\/www.bfv.cloud\/ajedrezeuropa\/wp-json\/wp\/v2\/tags?post=1667"}],"curies":[{"name":"wp","href":"https:\/\/api.w.org\/{rel}","templated":true}]}}