{"id":1680,"date":"2017-01-26T14:22:00","date_gmt":"2017-01-26T14:22:00","guid":{"rendered":"https:\/\/www.bfv.cloud\/ajedrezeuropa\/index.php\/2017\/01\/26\/ya-estan-en-juego-nuestras-dos-escuelas-en-los-escolares-de-toledo-y-ciudad-real\/"},"modified":"2025-11-20T10:36:53","modified_gmt":"2025-11-20T10:36:53","slug":"ya-estan-en-juego-nuestras-dos-escuelas-en-los-escolares-de-toledo-y-ciudad-real","status":"publish","type":"post","link":"https:\/\/www.bfv.cloud\/ajedrezeuropa\/ya-estan-en-juego-nuestras-dos-escuelas-en-los-escolares-de-toledo-y-ciudad-real\/","title":{"rendered":"YA EST\u00c1N EN JUEGO NUESTRAS DOS ESCUELAS EN LOS ESCOLARES DE TOLEDO Y CIUDAD REAL"},"content":{"rendered":"<table cellpadding=\"0\" cellspacing=\"0\" class=\"tr-caption-container\" style=\"float: right;margin-left: 1em;text-align: right\">\n<tbody>\n<tr>\n<td style=\"text-align: center\"><a href=\"https:\/\/www.bfv.cloud\/ajedrezeuropa\/wp-content\/uploads\/2017\/01\/IMG_20170122_175800.jpg\" style=\"clear: right;margin-bottom: 1em;margin-left: auto;margin-right: auto\"><img fetchpriority=\"high\" decoding=\"async\" border=\"0\" height=\"222\" src=\"https:\/\/blogger.googleusercontent.com\/img\/b\/R29vZ2xl\/AVvXsEicZF9KVRDCP4HbIjbnXOYmxxdCIqGlWdk5I4h-CFC4YxYW2bpof16zzEFcuntA2LjNiTQmCVtRgyFC19VgDqhOBPSHJOBPE3QLiXCh_Fg9CmRZ4Amb5GDgutlL1wgU34-CNT2Db8n1dKI\/s400\/IMG_20170122_175800.jpg\" width=\"400\" \/><\/a><\/td>\n<\/tr>\n<tr>\n<td class=\"tr-caption\" style=\"text-align: center\">Mar\u00eda Oliver y Aurora Corrales al comienzo de la partida que las<br \/>\nenfrent\u00f3<\/td>\n<\/tr>\n<\/tbody>\n<\/table>\n<p><span style=\", sans-serif;font-size: large\">El pasado fin de semana fue intenso en cuanto a la participaci\u00f3n de nuestros alumn@s en las competiciones de ajedrez del Deporte en Edad Escolar. Ciudad Real con la segunda jornada y Toledo en la inaugural avanzaron en sus respectivas fases provinciales clasificatorias para el CRDEE (Campeonato Regional del Deporte en Edad Escolar).&nbsp;<\/span><br \/>\n<span style=\", sans-serif;font-size: large\"><br \/><\/span><\/p>\n<div style=\"text-align: center\">\n<span style=\"font-family: trebuchet ms, sans-serif;font-size: large\"><b><u>CRDEE Fase Provincial de Ciudad Real<\/u><\/b><\/span><\/div>\n<table align=\"center\" cellpadding=\"0\" cellspacing=\"0\" class=\"tr-caption-container\" style=\"float: left;margin-right: 1em;text-align: left\">\n<tbody>\n<tr>\n<td style=\"text-align: center\"><a href=\"https:\/\/www.bfv.cloud\/ajedrezeuropa\/wp-content\/uploads\/2017\/01\/IMG_20170115_101312.jpg\" style=\"clear: right;margin-bottom: 1em;margin-left: auto;margin-right: auto\"><img decoding=\"async\" border=\"0\" height=\"225\" src=\"https:\/\/blogger.googleusercontent.com\/img\/b\/R29vZ2xl\/AVvXsEh5fG9ufgeQUPS_OSBQYGDHM8KRorKr0VKlD56PC6wu5c5AFJ4tknLZ-fDPshUTSJQ9d5r6jj6uU7LF1Saa9m0TO_D2HnCuhJUD9MSS_iawAyVXzo3srXn6cExd69ao2QaueOMRIA6ZKQw\/s400\/IMG_20170115_101312.jpg\" width=\"400\" \/><\/a><\/td>\n<\/tr>\n<tr>\n<td class=\"tr-caption\" style=\"text-align: center\">Clara Vela en el Infantil de Ciudad Real<\/td>\n<\/tr>\n<\/tbody>\n<\/table>\n<p><span style=\"font-family: trebuchet ms, sans-serif;font-size: large\">Mediado el Escolar de Ciudad Real, nuestros jugadores ocupan destacadas posiciones tanto en cadete como en infantil. En la categor\u00eda de hasta 16 a\u00f1os (cadete), <b>Julio M\u00e9rida<\/b>, comparte el liderato con otros 3 chicos, todos con 2,5 puntos. Por su parte, <b>Isabel Marcos-Alberca<\/b>, lidera la clasificaci\u00f3n femenina. <b>Enrique Velasco<\/b> se sit\u00faa 7\u00ba con 2 puntos, mientras que <b>Pablo Vela<\/b> est\u00e1 12\u00ba con 1 punto.<\/span><br \/>\n<span style=\"font-family: trebuchet ms, sans-serif;font-size: large\">En la categor\u00eda infantil (chic@s de 10 a 14 a\u00f1os de edad), <b>Nuria Lozano<\/b>, encabeza el femenino con 3 puntos. Con esta misma puntuaci\u00f3n est\u00e1n:<b> Daniel Climent<\/b> (14\u00ba), <b>Roberto Yeghiazaryan<\/b> (19\u00ba), <b>Arsenio L\u00f3pez<\/b> (22\u00ba); con 2,5 puntos y 7\u00aa femenina, <b>Clara Vela<\/b>; en el grupo de 2 puntos, <b>Adri\u00e1n Alhambra<\/b>, <b>Rafael Carrasco<\/b> y <b>Marta Vela<\/b>; con 1 punto,<b> \u00c1ngel Carrasco<\/b>; por \u00faltimo,<b> Daniel \u00dabeda<\/b>, todav\u00eda no ha podido puntuar.&nbsp;<\/span><\/p>\n<div style=\"text-align: center\">\n<span style=\"font-family: trebuchet ms, sans-serif;font-size: large\"><br \/><\/span><\/div>\n<p><b style=\", sans-serif;font-size: x-large;text-align: center\"><u>CRDEE Fase Provincial de Toledo<\/u><\/b><br \/>\n<span style=\", sans-serif;font-size: large;text-align: center\">La primera jornada del escolar de Toledo se compuso de una ronda en el cadete y dos en el infantil, a falta del inicio del sub-18 donde competir\u00e1 nuestra jugadora <b>Irene Sim\u00f3n<\/b>.<\/span><\/p>\n<table align=\"center\" cellpadding=\"0\" cellspacing=\"0\" class=\"tr-caption-container\" style=\"float: left;margin-right: 1em;text-align: left\">\n<tbody>\n<tr>\n<td style=\"text-align: center\"><a href=\"https:\/\/www.bfv.cloud\/ajedrezeuropa\/wp-content\/uploads\/2017\/01\/IMG_20170121_104813.jpg\" style=\"clear: right;margin-bottom: 1em;margin-left: auto;margin-right: auto\"><img decoding=\"async\" border=\"0\" height=\"257\" src=\"https:\/\/blogger.googleusercontent.com\/img\/b\/R29vZ2xl\/AVvXsEil7lSd2EQUaoL_NnXwMtJ9K01r-3hO6PVIvG7R9FFl2J7tAIuw3Ch3bYM4baxKPFmuGxFYC15tpDvlLi4C295RhETZgY1YaTcOqnQn2QqRVf1CXajn91Hr9Xz8xvLOCr6iokHSUW3Oaoc\/s400\/IMG_20170121_104813.jpg\" width=\"400\" \/><\/a><\/td>\n<\/tr>\n<tr>\n<td class=\"tr-caption\" style=\"text-align: center\">Manuel Alberca en su primera partida frente a Carlos P\u00e9rez<\/td>\n<\/tr>\n<\/tbody>\n<\/table>\n<table align=\"center\" cellpadding=\"0\" cellspacing=\"0\" class=\"tr-caption-container\" style=\"float: right;margin-left: 1em;text-align: right\">\n<tbody>\n<tr>\n<td style=\"text-align: center\"><a href=\"https:\/\/www.bfv.cloud\/ajedrezeuropa\/wp-content\/uploads\/2017\/01\/IMG_20170121_104624.jpg\" style=\"margin-left: auto;margin-right: auto\"><img loading=\"lazy\" decoding=\"async\" border=\"0\" height=\"320\" src=\"https:\/\/blogger.googleusercontent.com\/img\/b\/R29vZ2xl\/AVvXsEio6HN3XAXw_AcUx4UcnFzd0xowe7zn1n2SPC5cpDNwJstKLq776anhG8r7TGbWPPzSnG8SMj6QxOpywohWQKGvGizGV1VIpR36JJA2-3yMAxgUxbFTPdGnnWdb_RVSssN8mv_uvvQwAPI\/s320\/IMG_20170121_104624.jpg\" width=\"299\" \/><\/a><\/td>\n<\/tr>\n<tr>\n<td class=\"tr-caption\" style=\"text-align: center\">Gabriel Amador ante el tablero<\/td>\n<\/tr>\n<\/tbody>\n<\/table>\n<p><span style=\", sans-serif;font-size: large;text-align: center\"><b>Roberto L\u00f3pez<\/b> sum\u00f3 el punto en su partida del cadete, categor\u00eda en la que es nuestro \u00fanico representante. En el infantil vencieron en sus dos enfrentamientos: <b>Alfredo Amador, Alonso L\u00f3pez, Gabriel Amador <\/b>y<b> Mar\u00eda Oliver<\/b>. Con una victoria y unas tablas qued\u00f3 <b>\u00c1lvaro Alberca<\/b>. <b>Aurora <\/b>y<b> Nicol\u00e1s Corrales, M\u00f3nica Monreal, Julio Oliver, \u00c1ngel Javier Pozos<\/b> e<b> Ignacio Roncero<\/b>, sumaron una victoria cada uno. Por otro lado, algunos de nuestros jugadores debutantes se quedaron sin puntuar en esta primera jornada, como es el caso de: <b>Crist\u00f3bal Corrales, Manuel Alberca<\/b> y<b> Roberto Fern\u00e1ndez-Marambroz.<\/b><\/span><br \/>\n<span style=\", sans-serif;font-size: large;text-align: center\"><b><br \/><\/b><\/span><\/p>\n<table cellpadding=\"0\" cellspacing=\"0\" class=\"tr-caption-container\" style=\"float: left;text-align: center\">\n<tbody>\n<tr>\n<td style=\"text-align: center\"><a href=\"https:\/\/www.bfv.cloud\/ajedrezeuropa\/wp-content\/uploads\/2017\/01\/IMG_20170121_104558.jpg\" style=\"margin-left: auto;margin-right: auto\"><img loading=\"lazy\" decoding=\"async\" border=\"0\" height=\"320\" src=\"https:\/\/blogger.googleusercontent.com\/img\/b\/R29vZ2xl\/AVvXsEi0gunKhBvp_-be-g5aHYkJtPFAJ8dhIiiMJzlwVv5PzBly96Z6sk9Sd4PVrbgjMJxEEoKJsssU_AT5qOLSKb4x28UbrSG22xzR8rKMqKheHp_2XScfqETZIrNTyoYY2HerSocPXC2ySjQ\/s320\/IMG_20170121_104558.jpg\" width=\"224\" \/><\/a><\/td>\n<\/tr>\n<tr>\n<td class=\"tr-caption\" style=\"text-align: center\">Alonso L\u00f3pez antes del comienzo<\/td>\n<\/tr>\n<\/tbody>\n<\/table>\n<p><span style=\"color: blue;font-family: Georgia, Times New Roman, serif;font-size: large\"><span style=\"text-align: center\"><b><\/b><\/span>Este fin de semana, de nuevo, jornada doble en los campeonatos escolares de Ciudad Real y Toledo.&nbsp;<\/span><br \/>\n<span style=\"color: blue;font-family: Georgia, Times New Roman, serif;font-size: large\">\u00a1\u00a1Buen juego a todos!!<\/span><\/p>\n<table cellpadding=\"0\" cellspacing=\"0\" class=\"tr-caption-container\" style=\"float: right;margin-left: 1em;text-align: right\">\n<tbody>\n<tr>\n<td style=\"text-align: center\"><a href=\"https:\/\/www.bfv.cloud\/ajedrezeuropa\/wp-content\/uploads\/2017\/01\/IMG_20170121_104537.jpg\" style=\"clear: right;margin-bottom: 1em;margin-left: auto;margin-right: auto\"><img loading=\"lazy\" decoding=\"async\" border=\"0\" height=\"187\" src=\"https:\/\/blogger.googleusercontent.com\/img\/b\/R29vZ2xl\/AVvXsEigXhsyBIZZQoYEIlQpzfEs75Pe8YllRbd2pgbWZvIaxwzPq9L6oNsrgw-j69ozrAX6hQAaZ6jZqG18JIHWcUnVYO2G-ZJuCQlzGBDUlcT1aMplDPdl3QUdlBZxLJ_7NxNHTTt3Jxay8fk\/s320\/IMG_20170121_104537.jpg\" width=\"320\" \/><\/a><\/td>\n<\/tr>\n<tr>\n<td class=\"tr-caption\" style=\"text-align: center\">\u00c1lvaro y M\u00f3nica disputaron su primera partida de<br \/>competici\u00f3n oficial juntos<\/td>\n<\/tr>\n<\/tbody>\n<\/table>\n<p><\/p>\n","protected":false},"excerpt":{"rendered":"<p>Mar\u00eda Oliver y Aurora Corrales al comienzo de la partida que las enfrent\u00f3 El pasado fin de semana fue intenso en cuanto a la participaci\u00f3n de nuestros alumn@s en las competiciones de ajedrez del Deporte en Edad Escolar. Ciudad Real con la segunda jornada y Toledo en la inaugural avanzaron en sus respectivas fases provinciales [&hellip;]<\/p>\n","protected":false},"author":1,"featured_media":1681,"comment_status":"open","ping_status":"closed","sticky":false,"template":"","format":"standard","meta":{"footnotes":""},"categories":[1],"tags":[],"class_list":["post-1680","post","type-post","status-publish","format-standard","has-post-thumbnail","hentry","category-noticias"],"_links":{"self":[{"href":"https:\/\/www.bfv.cloud\/ajedrezeuropa\/wp-json\/wp\/v2\/posts\/1680","targetHints":{"allow":["GET"]}}],"collection":[{"href":"https:\/\/www.bfv.cloud\/ajedrezeuropa\/wp-json\/wp\/v2\/posts"}],"about":[{"href":"https:\/\/www.bfv.cloud\/ajedrezeuropa\/wp-json\/wp\/v2\/types\/post"}],"author":[{"embeddable":true,"href":"https:\/\/www.bfv.cloud\/ajedrezeuropa\/wp-json\/wp\/v2\/users\/1"}],"replies":[{"embeddable":true,"href":"https:\/\/www.bfv.cloud\/ajedrezeuropa\/wp-json\/wp\/v2\/comments?post=1680"}],"version-history":[{"count":1,"href":"https:\/\/www.bfv.cloud\/ajedrezeuropa\/wp-json\/wp\/v2\/posts\/1680\/revisions"}],"predecessor-version":[{"id":1687,"href":"https:\/\/www.bfv.cloud\/ajedrezeuropa\/wp-json\/wp\/v2\/posts\/1680\/revisions\/1687"}],"wp:featuredmedia":[{"embeddable":true,"href":"https:\/\/www.bfv.cloud\/ajedrezeuropa\/wp-json\/wp\/v2\/media\/1681"}],"wp:attachment":[{"href":"https:\/\/www.bfv.cloud\/ajedrezeuropa\/wp-json\/wp\/v2\/media?parent=1680"}],"wp:term":[{"taxonomy":"category","embeddable":true,"href":"https:\/\/www.bfv.cloud\/ajedrezeuropa\/wp-json\/wp\/v2\/categories?post=1680"},{"taxonomy":"post_tag","embeddable":true,"href":"https:\/\/www.bfv.cloud\/ajedrezeuropa\/wp-json\/wp\/v2\/tags?post=1680"}],"curies":[{"name":"wp","href":"https:\/\/api.w.org\/{rel}","templated":true}]}}