{"id":1688,"date":"2013-10-16T21:22:00","date_gmt":"2013-10-16T21:22:00","guid":{"rendered":"https:\/\/www.bfv.cloud\/ajedrezeuropa\/index.php\/2013\/10\/16\/agradecimientos-actividades-y-competiciones\/"},"modified":"2025-11-20T10:36:55","modified_gmt":"2025-11-20T10:36:55","slug":"agradecimientos-actividades-y-competiciones","status":"publish","type":"post","link":"https:\/\/www.bfv.cloud\/ajedrezeuropa\/agradecimientos-actividades-y-competiciones\/","title":{"rendered":"AGRADECIMIENTOS, ACTIVIDADES Y COMPETICIONES"},"content":{"rendered":"<p><\/p>\n<div style=\"clear: right;float: right;margin-bottom: 1em;margin-left: 1em\">\n<\/div>\n<p><\/p>\n<h3 style=\"text-align: center\">\n<span style=\"font-family: Trebuchet MS, sans-serif\"><b>GRACIAS POR SEGUIRNOS<\/b><\/span><\/h3>\n<div class=\"separator\" style=\"clear: both;text-align: center\">\n<a href=\"https:\/\/www.bfv.cloud\/ajedrezeuropa\/wp-content\/uploads\/2013\/10\/ttl4.jpg\" style=\"clear: left;float: left;margin-bottom: 1em;margin-right: 1em\"><img fetchpriority=\"high\" decoding=\"async\" border=\"0\" src=\"https:\/\/www.bfv.cloud\/ajedrezeuropa\/wp-content\/uploads\/2013\/10\/ttl4.jpg\" height=\"200\" width=\"320\" \/><\/a><\/div>\n<p><span style=\"font-family: Trebuchet MS, sans-serif\"><b>Queremos saludar a todos nuestros seguidores, a la vez que agradecer su fidelidad con este blog. Ya son cerca de 50.000 las visitas que Google tiene en sus estad\u00edsticas, al menos desde 2011 que nos proporciona un seguimiento de estos datos. Esta p\u00e1gina sigue siendo vista a diario por aficionados de los 5 continentes, manteniendo una media de 1.762 visitas al mes durante el \u00faltimo a\u00f1o. Con el dise\u00f1o de la nueva p\u00e1gina, la que vemos desde hace unos meses, tambi\u00e9n lleg\u00f3 la posibilidad de seguirnos desde las redes sociales twitter y facebook. A d\u00eda de hoy, son 610 los amigos que nos siguen en facebook. Gracias a todos por compartir nuestras actividades y seguir las noticias y comentarios que escribimos.<\/b><\/span><\/p>\n<h3>\n<div style=\"text-align: center\">\n<b style=\"font-family: 'Trebuchet MS', sans-serif\">COMIENZA LA PREPARACI\u00d3N PARA LAS COMPETICIONES<\/b><\/div>\n<p><span style=\"font-family: Trebuchet MS, sans-serif\"><\/p>\n<div style=\"text-align: center\">\n<b>POR EQUIPOS DE NOVIEMBRE Y DICIEMBRE<\/b><\/div>\n<p><\/span><\/h3>\n<div class=\"separator\" style=\"clear: both;text-align: center\">\n<a href=\"https:\/\/www.bfv.cloud\/ajedrezeuropa\/wp-content\/uploads\/2013\/10\/P4020146_920x650.jpg\" style=\"margin-left: 1em;margin-right: 1em\"><img decoding=\"async\" border=\"0\" height=\"282\" src=\"https:\/\/blogger.googleusercontent.com\/img\/b\/R29vZ2xl\/AVvXsEjwP21fTVtCN4MR_S7-zibutfIczcDr_g3N30T1ssc9smz3OljNVpAEDJ3JxkXOC7Rxmbp1hRnOu-w672LHIe4qjnOR-sjesVNrZbnLs9QE1VUrYKVKa4XDQuyHrHzGrEfTBnXmm39dYRWL\/s400\/P4020146_920x650.jpg\" width=\"400\" \/><\/a><\/div>\n<p><span style=\"font-family: Trebuchet MS, sans-serif\"><b><br \/><\/b><\/span><br \/>\n<span style=\"font-family: Trebuchet MS, sans-serif\"><b>En los pr\u00f3ximos d\u00edas un total de 20 alumnos y alumnas de las escuelas de Alc\u00e1zar y Villafranca empezar\u00e1n a recibir los ejercicios y entrenamientos del gm Herminio Herr\u00e1iz, con el objetivo de preparar las 2 competiciones por equipos que van a celebrarse en los meses de noviembre y diciembre. Estos grupos de preparaci\u00f3n se han visto ampliados sobre los de otros a\u00f1os con la finalidad de que los chicos y chicas sub-16, que est\u00e1n participando o lo van a hacer en la pr\u00f3xima temporada en los equipos de esta categor\u00eda de nuestros 2 clubes, reciban un entrenamiento espec\u00edfico adaptado a su nivel de juego y enfocado a ampliar sus conocimientos estrat\u00e9gicos y t\u00e1cticos.<\/b><\/span><\/p>\n<h3 style=\"text-align: center\">\n<span style=\"font-family: Trebuchet MS, sans-serif\"><b>CALENDARIO DE COMPETICIONES<\/b><\/span><\/h3>\n<p><span style=\"font-family: Trebuchet MS, sans-serif\"><b>Recordamos, en orden cronol\u00f3gico, las fechas fijadas para los distintos campeonatos en los que vamos a participar durante los meses finales de 2013 e iniciales de 2014:<\/b><\/span><br \/>\n<span style=\"font-family: Trebuchet MS, sans-serif\"><b><br \/><\/b><\/span><\/p>\n<div style=\"text-align: center\">\n<span style=\"color: #cc0000;font-family: Trebuchet MS, sans-serif\"><b><u>CAMPEONATO PROVINCIAL DE TOLEDO POR EQUIPOS ABSOLUTO<\/u><\/b><\/span><\/div>\n<div style=\"text-align: center\">\n<span style=\"color: #cc0000;font-family: Trebuchet MS, sans-serif\"><b><u>Valedero para la temporada 2014<\/u><\/b><\/span><\/div>\n<div style=\"text-align: center\">\n<span style=\"color: #cc0000;font-family: Trebuchet MS, sans-serif\"><b>En jornadas de ma\u00f1ana y tarde a doble ronda: 10, 17 y 24 de noviembre de 2013<\/b><\/span><\/div>\n<div style=\"text-align: center\">\n<span style=\"color: #cc0000;font-family: Trebuchet MS, sans-serif\"><b>\u00daltima ronda en jornada de ma\u00f1ana: 1 de diciembre de 2013<\/b><\/span><\/div>\n<div style=\"text-align: center\">\n<span style=\"color: #cc0000;font-family: Trebuchet MS, sans-serif\"><b>Lugar de juego: Toledo<\/b><\/span><\/div>\n<div style=\"text-align: center\">\n<span style=\"color: #cc0000;font-family: Trebuchet MS, sans-serif\"><b>Local de juego: centro social del pol\u00edgono<\/b><\/span><\/div>\n<div style=\"text-align: center\">\n<span style=\"font-family: Trebuchet MS, sans-serif\"><b><br \/><\/b><\/span><\/div>\n<div style=\"text-align: center\">\n<span style=\"color: #38761d;font-family: Trebuchet MS, sans-serif\"><b><u>CAMPEONATO DE ESPA\u00d1A POR EQUIPOS DE CLUB SUB-16<\/u><\/b><\/span><\/div>\n<div style=\"text-align: center\">\n<span style=\"color: #38761d;font-family: Trebuchet MS, sans-serif\"><b><u>(CECLUB SUB-16 Fase Final)<\/u><\/b><\/span><\/div>\n<div style=\"text-align: center\">\n<span style=\"color: #38761d;font-family: Trebuchet MS, sans-serif\"><b><u>Temporada 2013<\/u><\/b><\/span><\/div>\n<div style=\"text-align: center\">\n<span style=\"color: #38761d;font-family: Trebuchet MS, sans-serif\"><b>Del 5 al 8 de diciembre de 2013<\/b><\/span><\/div>\n<div style=\"text-align: center\">\n<span style=\"color: #38761d;font-family: Trebuchet MS, sans-serif\"><b>Lugar de juego: Hotel Bali de Benidorm<\/b><\/span><\/div>\n<div style=\"text-align: center\">\n<span style=\"color: #38761d;font-family: Trebuchet MS, sans-serif\"><b><br \/><\/b><\/span><\/div>\n<div style=\"text-align: center\">\n<span style=\"color: blue;font-family: Trebuchet MS, sans-serif\"><b><u>CAMPEONATO DEL DEPORTE EN EDAD ESCOLAR<\/u><\/b><\/span><\/div>\n<div style=\"text-align: center\">\n<span style=\"color: blue;font-family: Trebuchet MS, sans-serif\"><b><u>(FASE PROVINCIAL DE TOLEDO)<\/u><\/b><\/span><\/div>\n<div style=\"text-align: center\">\n<span style=\"color: blue;font-family: Trebuchet MS, sans-serif\"><b><u>Temporada 2014<\/u><\/b><\/span><\/div>\n<div style=\"text-align: center\">\n<span style=\"color: blue;font-family: Trebuchet MS, sans-serif\"><b>En jornadas de ma\u00f1ana: 18 y 25 de enero; 1 y 15 de febrero<\/b><\/span><\/div>\n<div style=\"text-align: center\">\n<span style=\"color: blue;font-family: Trebuchet MS, sans-serif\"><b>Lugar de juego: A determinar por la Consejer\u00eda de Educaci\u00f3n<\/b><\/span><\/div>\n<div style=\"text-align: center\">\n<span style=\"color: blue;font-family: Trebuchet MS, sans-serif\"><b>(SE HA PROPUESTO MORA)<\/b><\/span><\/div>\n<div style=\"text-align: center\">\n<span style=\"color: blue;font-family: Trebuchet MS, sans-serif\"><b><br \/><\/b><\/span><\/div>\n<div style=\"text-align: center\">\n<span style=\"color: #4c1130;font-family: Trebuchet MS, sans-serif\"><b><u>CAMPEONATO DEL DEPORTE EN EDAD ESCOLAR<\/u><\/b><\/span><\/div>\n<div style=\"text-align: center\">\n<span style=\"color: #4c1130;font-family: Trebuchet MS, sans-serif\"><b><u>(FASE PROVINCIAL DE CIUDAD REAL)<\/u><\/b><\/span><\/div>\n<div style=\"text-align: center\">\n<span style=\"color: #4c1130;font-family: Trebuchet MS, sans-serif\"><b><u>Temporada 2014<\/u><\/b><\/span><\/div>\n<div style=\"text-align: center\">\n<span style=\"color: #4c1130;font-family: Trebuchet MS, sans-serif\"><b>En jornadas de ma\u00f1ana: 19 y 26 de enero; 2 y 9 de febrero<\/b><\/span><\/div>\n<div style=\"text-align: center\">\n<span style=\"color: #4c1130;font-family: Trebuchet MS, sans-serif\"><b>Lugar de juego: Miguelturra<\/b><\/span><\/div>\n<div style=\"text-align: center\">\n<span style=\"color: #4c1130;font-family: Trebuchet MS, sans-serif\"><b><br \/><\/b><\/span><\/div>\n<div style=\"text-align: center\">\n<span style=\"font-family: Trebuchet MS, sans-serif\"><b><u>CAMPEONATO PROVINCIAL POR EDADES DE CIUDAD REAL<\/u><\/b><\/span><\/div>\n<div style=\"text-align: center\">\n<span style=\"font-family: Trebuchet MS, sans-serif\"><b><u>Temporada 2014<\/u><\/b><\/span><\/div>\n<div style=\"text-align: center\">\n<span style=\"font-family: Trebuchet MS, sans-serif\"><b>En jornadas de ma\u00f1ana: 16, 22 y 23 de marzo<\/b><\/span><\/div>\n<div style=\"text-align: center\">\n<span style=\"font-family: Trebuchet MS, sans-serif\"><b>Lugar de juego: Ciudad Real<\/b><\/span><\/div>\n","protected":false},"excerpt":{"rendered":"<p>GRACIAS POR SEGUIRNOS Queremos saludar a todos nuestros seguidores, a la vez que agradecer su fidelidad con este blog. Ya son cerca de 50.000 las visitas que Google tiene en sus estad\u00edsticas, al menos desde 2011 que nos proporciona un seguimiento de estos datos. Esta p\u00e1gina sigue siendo vista a diario por aficionados de los [&hellip;]<\/p>\n","protected":false},"author":1,"featured_media":1689,"comment_status":"open","ping_status":"closed","sticky":false,"template":"","format":"standard","meta":{"footnotes":""},"categories":[1],"tags":[],"class_list":["post-1688","post","type-post","status-publish","format-standard","has-post-thumbnail","hentry","category-noticias"],"_links":{"self":[{"href":"https:\/\/www.bfv.cloud\/ajedrezeuropa\/wp-json\/wp\/v2\/posts\/1688","targetHints":{"allow":["GET"]}}],"collection":[{"href":"https:\/\/www.bfv.cloud\/ajedrezeuropa\/wp-json\/wp\/v2\/posts"}],"about":[{"href":"https:\/\/www.bfv.cloud\/ajedrezeuropa\/wp-json\/wp\/v2\/types\/post"}],"author":[{"embeddable":true,"href":"https:\/\/www.bfv.cloud\/ajedrezeuropa\/wp-json\/wp\/v2\/users\/1"}],"replies":[{"embeddable":true,"href":"https:\/\/www.bfv.cloud\/ajedrezeuropa\/wp-json\/wp\/v2\/comments?post=1688"}],"version-history":[{"count":1,"href":"https:\/\/www.bfv.cloud\/ajedrezeuropa\/wp-json\/wp\/v2\/posts\/1688\/revisions"}],"predecessor-version":[{"id":1691,"href":"https:\/\/www.bfv.cloud\/ajedrezeuropa\/wp-json\/wp\/v2\/posts\/1688\/revisions\/1691"}],"wp:featuredmedia":[{"embeddable":true,"href":"https:\/\/www.bfv.cloud\/ajedrezeuropa\/wp-json\/wp\/v2\/media\/1689"}],"wp:attachment":[{"href":"https:\/\/www.bfv.cloud\/ajedrezeuropa\/wp-json\/wp\/v2\/media?parent=1688"}],"wp:term":[{"taxonomy":"category","embeddable":true,"href":"https:\/\/www.bfv.cloud\/ajedrezeuropa\/wp-json\/wp\/v2\/categories?post=1688"},{"taxonomy":"post_tag","embeddable":true,"href":"https:\/\/www.bfv.cloud\/ajedrezeuropa\/wp-json\/wp\/v2\/tags?post=1688"}],"curies":[{"name":"wp","href":"https:\/\/api.w.org\/{rel}","templated":true}]}}