{"id":1692,"date":"2017-10-20T11:11:00","date_gmt":"2017-10-20T11:11:00","guid":{"rendered":"https:\/\/www.bfv.cloud\/ajedrezeuropa\/index.php\/2017\/10\/20\/noticia-del-premio-al-tratamiento-en-tdah-en-manchacentro-tv\/"},"modified":"2025-11-20T10:36:56","modified_gmt":"2025-11-20T10:36:56","slug":"noticia-del-premio-al-tratamiento-en-tdah-en-manchacentro-tv","status":"publish","type":"post","link":"https:\/\/www.bfv.cloud\/ajedrezeuropa\/noticia-del-premio-al-tratamiento-en-tdah-en-manchacentro-tv\/","title":{"rendered":"NOTICIA DEL PREMIO AL TRATAMIENTO EN TDAH EN MANCHACENTRO TV"},"content":{"rendered":"<div class=\"separator\" style=\"clear: both;text-align: center\">\n<iframe width=\"320\" height=\"266\" class=\"YOUTUBE-iframe-video\" src=\"https:\/\/www.youtube.com\/embed\/sJNtk5vTPiQ?feature=player_embedded\" frameborder=\"0\" allowfullscreen><\/iframe><span style=\"font-family: Arial, Helvetica, sans-serif;font-size: large\"><b>&nbsp;<\/b><\/span><\/div>\n<div class=\"separator\" style=\"clear: both;text-align: center\">\n<span style=\"font-family: Arial, Helvetica, sans-serif;font-size: large\"><b>ManchaCentro TV ha dado a conocer la noticia del premio concedido a nuestro proyecto por la Asociaci\u00f3n TDAH de Toledo con este v\u00eddeo.&nbsp;<\/b><\/span><\/div>\n<div class=\"separator\" style=\"clear: both;text-align: center\">\n<span style=\"font-family: Arial, Helvetica, sans-serif;font-size: large\"><b>Gracias a la gran cantidad de medios que se han hecho eco de estos premios podemos mejorar en la concienciaci\u00f3n social que requieren trastornos como el d\u00e9ficit de atenci\u00f3n, la hiperactividad o el autismo, que afectan a miles de ni\u00f1os, ni\u00f1as, j\u00f3venes y adultos.<\/b><\/span><\/div>\n<p><\/p>\n","protected":false},"excerpt":{"rendered":"<p>&nbsp; ManchaCentro TV ha dado a conocer la noticia del premio concedido a nuestro proyecto por la Asociaci\u00f3n TDAH de Toledo con este v\u00eddeo.&nbsp; Gracias a la gran cantidad de medios que se han hecho eco de estos premios podemos mejorar en la concienciaci\u00f3n social que requieren trastornos como el d\u00e9ficit de atenci\u00f3n, la hiperactividad [&hellip;]<\/p>\n","protected":false},"author":1,"featured_media":0,"comment_status":"open","ping_status":"closed","sticky":false,"template":"","format":"standard","meta":{"footnotes":""},"categories":[1],"tags":[],"class_list":["post-1692","post","type-post","status-publish","format-standard","hentry","category-noticias"],"_links":{"self":[{"href":"https:\/\/www.bfv.cloud\/ajedrezeuropa\/wp-json\/wp\/v2\/posts\/1692","targetHints":{"allow":["GET"]}}],"collection":[{"href":"https:\/\/www.bfv.cloud\/ajedrezeuropa\/wp-json\/wp\/v2\/posts"}],"about":[{"href":"https:\/\/www.bfv.cloud\/ajedrezeuropa\/wp-json\/wp\/v2\/types\/post"}],"author":[{"embeddable":true,"href":"https:\/\/www.bfv.cloud\/ajedrezeuropa\/wp-json\/wp\/v2\/users\/1"}],"replies":[{"embeddable":true,"href":"https:\/\/www.bfv.cloud\/ajedrezeuropa\/wp-json\/wp\/v2\/comments?post=1692"}],"version-history":[{"count":1,"href":"https:\/\/www.bfv.cloud\/ajedrezeuropa\/wp-json\/wp\/v2\/posts\/1692\/revisions"}],"predecessor-version":[{"id":1693,"href":"https:\/\/www.bfv.cloud\/ajedrezeuropa\/wp-json\/wp\/v2\/posts\/1692\/revisions\/1693"}],"wp:attachment":[{"href":"https:\/\/www.bfv.cloud\/ajedrezeuropa\/wp-json\/wp\/v2\/media?parent=1692"}],"wp:term":[{"taxonomy":"category","embeddable":true,"href":"https:\/\/www.bfv.cloud\/ajedrezeuropa\/wp-json\/wp\/v2\/categories?post=1692"},{"taxonomy":"post_tag","embeddable":true,"href":"https:\/\/www.bfv.cloud\/ajedrezeuropa\/wp-json\/wp\/v2\/tags?post=1692"}],"curies":[{"name":"wp","href":"https:\/\/api.w.org\/{rel}","templated":true}]}}