{"id":1697,"date":"2014-03-12T22:07:00","date_gmt":"2014-03-12T22:07:00","guid":{"rendered":"https:\/\/www.bfv.cloud\/ajedrezeuropa\/index.php\/2014\/03\/12\/el-regional-por-edades-se-jugara-en-horche\/"},"modified":"2025-11-20T10:36:58","modified_gmt":"2025-11-20T10:36:58","slug":"el-regional-por-edades-se-jugara-en-horche","status":"publish","type":"post","link":"https:\/\/www.bfv.cloud\/ajedrezeuropa\/el-regional-por-edades-se-jugara-en-horche\/","title":{"rendered":"EL REGIONAL POR EDADES SE JUGAR\u00c1 EN HORCHE"},"content":{"rendered":"<table cellpadding=\"0\" cellspacing=\"0\" class=\"tr-caption-container\" style=\"float: right;margin-left: 1em;text-align: right\">\n<tbody>\n<tr>\n<td style=\"text-align: center\"><a href=\"https:\/\/www.bfv.cloud\/ajedrezeuropa\/wp-content\/uploads\/2014\/03\/CAMPEONATOREGIONALEDADES2013057.jpg\" style=\"clear: right;margin-bottom: 1em;margin-left: auto;margin-right: auto\"><img fetchpriority=\"high\" decoding=\"async\" border=\"0\" src=\"https:\/\/www.bfv.cloud\/ajedrezeuropa\/wp-content\/uploads\/2014\/03\/CAMPEONATOREGIONALEDADES2013057.jpg\" height=\"230\" width=\"400\" \/><\/a><\/td>\n<\/tr>\n<tr>\n<td class=\"tr-caption\" style=\"text-align: center\">Nuestro grupo de jugadores en Tomelloso 2013<\/td>\n<\/tr>\n<\/tbody>\n<\/table>\n<div class=\"MsoBodyText\">\n<span style=\"font-size: 12.0pt\"><b>La<br \/>\nlocalidad de Horche en Guadalajara ser\u00e1 la sede del Campeonato de Castilla-La<br \/>\nMancha por Edades que se celebrar\u00e1 del 11 al 14 de abril. Es la segunda<br \/>\nocasi\u00f3n, en los \u00faltimos 5 a\u00f1os, que el hotel La Ca\u00f1ada de Horche acoger\u00e1 este<br \/>\ncampeonato regional, gracias al esfuerzo que la Asociaci\u00f3n de Ajedrez de<br \/>\nGuadalajara est\u00e1 realizando en la promoci\u00f3n deportiva dentro de su provincia.<br \/>\nHoy mismo se han publicado las condiciones para el alojamiento en el hotel de<br \/>\njuego, con unos precios de 40 \u20ac\/d\u00eda en r\u00e9gimen de pensi\u00f3n completa para los<br \/>\nparticipantes open y acompa\u00f1antes, y de 25 \u20ac\/d\u00eda para los campeones<br \/>\nprovinciales de las categor\u00edas masculina y femenina. Tambi\u00e9n se han conocido<br \/>\nlas bases de la competici\u00f3n para las distintas categor\u00edas:<\/b><\/span><\/div>\n<div class=\"MsoBodyText\">\n<span style=\"font-size: 12.0pt\"><b><br \/><\/b><\/span><\/div>\n<div class=\"MsoBodyText\" style=\"margin-left: 36.0pt;text-indent: -18.0pt\">\n<!--[if !supportLists]--><b><span style=\"font-family: Wingdings;font-size: 12.0pt\">v<span style=\"font-family: 'Times New Roman';font-size: 7pt\">&nbsp; <\/span><\/span><!--[endif]--><span style=\"font-size: 12.0pt\">Para sub-8 y sub-10,<br \/>\nse jugar\u00e1n 9 rondas a un ritmo de 65 minutos por jugador.<\/span><\/b><\/div>\n<div class=\"MsoBodyText\" style=\"margin-left: 36.0pt;text-indent: -18.0pt\">\n<!--[if !supportLists]--><b><span style=\"font-family: Wingdings;font-size: 12.0pt\">v<span style=\"font-family: 'Times New Roman';font-size: 7pt\">&nbsp; <\/span><\/span><!--[endif]--><span style=\"font-size: 12.0pt\">Para el resto de<br \/>\ncategor\u00edas, sub-12, sub-14, sub-16 y sub-18, se disputar\u00e1n 6 rondas a un ritmo<br \/>\nde 90 minutos por jugador con un incremento de 30 segundos por jugada, siendo<br \/>\nevaluables para elo FIDE y FEDA.<\/span><\/b><\/div>\n<div class=\"MsoBodyText\">\n<\/div>\n<div class=\"MsoBodyText\" style=\"text-indent: 35.4pt\">\n<span style=\"font-size: 12.0pt\"><b>La acreditaci\u00f3n de participantes se<br \/>\nrealizar\u00e1 a las 16 horas del 11 de abril y a las 17 horas comenzar\u00e1 la 1\u00aa ronda<br \/>\nen todas las categor\u00edas. Seg\u00fan las bases esta primera jornada ser\u00e1 de ronda<br \/>\n\u00fanica, mientras que el s\u00e1bado y el domingo, los sub-8 y sub-10, jugar\u00e1n 2<br \/>\nrondas por la ma\u00f1ana y una por la tarde, para finalizar el lunes 14 disputando<br \/>\nlas 2 finales; el resto de categor\u00edas jugar\u00e1n una ronda en las ma\u00f1anas del<br \/>\ns\u00e1bado, domingo y lunes, y otra por la tarde en las 2 jornadas del fin de<br \/>\nsemana. La clausura y entrega de trofeos est\u00e1 prevista para las 14,30 horas del<br \/>\nlunes 11 de abril.<\/b><\/span><\/div>\n<p><\/p>\n<div class=\"MsoBodyText\" style=\"text-indent: 35.4pt\">\n<span style=\"font-size: 12.0pt\"><b>A pesar del largo desplazamiento a Horche,<br \/>\nesta sigue siendo una competici\u00f3n prioritaria en el calendario anual para todos<br \/>\nnosotros, por lo que volvemos a animar a los j\u00f3venes ajedrecistas de las<br \/>\nescuelas y clubes del proyecto a su participaci\u00f3n. Al igual que la pasada<br \/>\ntemporada en Tomelloso, confiamos en volver a tener la representaci\u00f3n m\u00e1s<br \/>\nnumerosa y cualificada de Castilla-La Mancha.&nbsp;&nbsp;<\/b><\/span><\/div>\n","protected":false},"excerpt":{"rendered":"<p>Nuestro grupo de jugadores en Tomelloso 2013 La localidad de Horche en Guadalajara ser\u00e1 la sede del Campeonato de Castilla-La Mancha por Edades que se celebrar\u00e1 del 11 al 14 de abril. Es la segunda ocasi\u00f3n, en los \u00faltimos 5 a\u00f1os, que el hotel La Ca\u00f1ada de Horche acoger\u00e1 este campeonato regional, gracias al esfuerzo [&hellip;]<\/p>\n","protected":false},"author":1,"featured_media":1698,"comment_status":"open","ping_status":"closed","sticky":false,"template":"","format":"standard","meta":{"footnotes":""},"categories":[1],"tags":[],"class_list":["post-1697","post","type-post","status-publish","format-standard","has-post-thumbnail","hentry","category-noticias"],"_links":{"self":[{"href":"https:\/\/www.bfv.cloud\/ajedrezeuropa\/wp-json\/wp\/v2\/posts\/1697","targetHints":{"allow":["GET"]}}],"collection":[{"href":"https:\/\/www.bfv.cloud\/ajedrezeuropa\/wp-json\/wp\/v2\/posts"}],"about":[{"href":"https:\/\/www.bfv.cloud\/ajedrezeuropa\/wp-json\/wp\/v2\/types\/post"}],"author":[{"embeddable":true,"href":"https:\/\/www.bfv.cloud\/ajedrezeuropa\/wp-json\/wp\/v2\/users\/1"}],"replies":[{"embeddable":true,"href":"https:\/\/www.bfv.cloud\/ajedrezeuropa\/wp-json\/wp\/v2\/comments?post=1697"}],"version-history":[{"count":1,"href":"https:\/\/www.bfv.cloud\/ajedrezeuropa\/wp-json\/wp\/v2\/posts\/1697\/revisions"}],"predecessor-version":[{"id":1699,"href":"https:\/\/www.bfv.cloud\/ajedrezeuropa\/wp-json\/wp\/v2\/posts\/1697\/revisions\/1699"}],"wp:featuredmedia":[{"embeddable":true,"href":"https:\/\/www.bfv.cloud\/ajedrezeuropa\/wp-json\/wp\/v2\/media\/1698"}],"wp:attachment":[{"href":"https:\/\/www.bfv.cloud\/ajedrezeuropa\/wp-json\/wp\/v2\/media?parent=1697"}],"wp:term":[{"taxonomy":"category","embeddable":true,"href":"https:\/\/www.bfv.cloud\/ajedrezeuropa\/wp-json\/wp\/v2\/categories?post=1697"},{"taxonomy":"post_tag","embeddable":true,"href":"https:\/\/www.bfv.cloud\/ajedrezeuropa\/wp-json\/wp\/v2\/tags?post=1697"}],"curies":[{"name":"wp","href":"https:\/\/api.w.org\/{rel}","templated":true}]}}