{"id":1700,"date":"2016-12-28T10:44:00","date_gmt":"2016-12-28T10:44:00","guid":{"rendered":"https:\/\/www.bfv.cloud\/ajedrezeuropa\/index.php\/2016\/12\/28\/33-alumns-de-nuestras-escuelas-en-la-concentracion-de-navidad\/"},"modified":"2025-11-20T10:37:08","modified_gmt":"2025-11-20T10:37:08","slug":"33-alumns-de-nuestras-escuelas-en-la-concentracion-de-navidad","status":"publish","type":"post","link":"https:\/\/www.bfv.cloud\/ajedrezeuropa\/33-alumns-de-nuestras-escuelas-en-la-concentracion-de-navidad\/","title":{"rendered":"33 ALUMN@S DE NUESTRAS ESCUELAS EN LA CONCENTRACI\u00d3N DE NAVIDAD"},"content":{"rendered":"<table cellpadding=\"0\" cellspacing=\"0\" class=\"tr-caption-container\" style=\"float: right;margin-left: 1em;text-align: right\">\n<tbody>\n<tr>\n<td style=\"text-align: center\"><a href=\"https:\/\/www.bfv.cloud\/ajedrezeuropa\/wp-content\/uploads\/2016\/12\/IMG_20161226_162202_hdr.jpg\" style=\"clear: right;margin-bottom: 1em;margin-left: auto;margin-right: auto\"><img fetchpriority=\"high\" decoding=\"async\" border=\"0\" height=\"223\" src=\"https:\/\/blogger.googleusercontent.com\/img\/b\/R29vZ2xl\/AVvXsEjgXQCf3xQ5azreeSVGJwL7Szdwcxj2WNs-lgAO4SdPTINSjpEnuskqkFwrjOkoTWKPzR7CsTm-OmqoqHktrjrpMdDMYKoMW8q-glId_L4FEUWNxF3MT-9M6UjauAp_FNEZ16x1awIYtLk\/s400\/IMG_20161226_162202_hdr.jpg\" width=\"400\" \/><\/a><\/td>\n<\/tr>\n<tr>\n<td class=\"tr-caption\" style=\"text-align: center\">El Maestro FIDE albacete\u00f1o, Jos\u00e9 Vicente Jim\u00e9nez, se ha incorporado<br \/>este a\u00f1o a las clases de la Concentraci\u00f3n<\/td>\n<\/tr>\n<\/tbody>\n<\/table>\n<p><span style=\"font-family: Arial, Helvetica, sans-serif;font-size: large\">Durante estos d\u00edas, la casa de la cultura de Villafranca de los Caballeros, re\u00fane a 33 alumn@s de nuestras escuelas de ajedrez en la que es una de las principales citas anuales del proyecto en el campo de la preparaci\u00f3n deportiva. Son 3 d\u00edas muy intensivos de formaci\u00f3n en clases de ma\u00f1ana y tarde.<\/span><\/p>\n<table cellpadding=\"0\" cellspacing=\"0\" class=\"tr-caption-container\" style=\"float: left;margin-right: 1em;text-align: left\">\n<tbody>\n<tr>\n<td style=\"text-align: center\"><a href=\"https:\/\/www.bfv.cloud\/ajedrezeuropa\/wp-content\/uploads\/2016\/12\/SAM_3257.jpg\" style=\"clear: left;margin-bottom: 1em;margin-left: auto;margin-right: auto\"><img decoding=\"async\" border=\"0\" height=\"280\" src=\"https:\/\/blogger.googleusercontent.com\/img\/b\/R29vZ2xl\/AVvXsEhMABUTAsMwm6RNq9p6H0-exqXdUSuSpV72v5CrOFcSWb7mmiQcYX8Yfuw8mu680T0tfEPCbSehiGc3kLuD2VdcDM6stapQKZanWo43yx4CBCxnVcyh3H7s-ad1s_YtGnFevGnY3CRpjJk\/s400\/SAM_3257.JPG\" width=\"400\" \/><\/a><\/td>\n<\/tr>\n<tr>\n<td class=\"tr-caption\" style=\"text-align: center\">Ana Isabel Gonz\u00e1lez y Silvia Toribio trabajando en grupo<\/td>\n<\/tr>\n<\/tbody>\n<\/table>\n<p>&nbsp;<span style=\"font-family: Arial, Helvetica, sans-serif;font-size: large\">La Concentraci\u00f3n presenta algunas novedades con respecto a otros a\u00f1os. Por un lado, la incorporaci\u00f3n del Maestro FIDE, Jos\u00e9 Vicente Jim\u00e9nez, en el trabajo con los grupos de tecnificaci\u00f3n junto a Ana Isabel Gonz\u00e1lez.<\/span><\/p>\n<table cellpadding=\"0\" cellspacing=\"0\" class=\"tr-caption-container\" style=\"float: left;margin-right: 1em;text-align: left\">\n<tbody>\n<tr>\n<td style=\"text-align: center\"><a href=\"https:\/\/www.bfv.cloud\/ajedrezeuropa\/wp-content\/uploads\/2016\/12\/SAM_3264.jpg\" style=\"clear: left;margin-bottom: 1em;margin-left: auto;margin-right: auto\"><img decoding=\"async\" border=\"0\" height=\"300\" src=\"https:\/\/blogger.googleusercontent.com\/img\/b\/R29vZ2xl\/AVvXsEia9eMp5hl2NUPz67oSg1wu6DGFLRX3CMqiVcpuhsYyTJTExB2WC3DkImUanhxTQJx8plijc2lgxzxhlHJsdo5ECw7bqJrBx3zkn3rx4FhsVLGoEa50tsEHUGQXAOX3xoyIU7_T6WFr9M0\/s400\/SAM_3264.JPG\" width=\"400\" \/><\/a><\/td>\n<\/tr>\n<tr>\n<td class=\"tr-caption\" style=\"text-align: center\">Javier Hern\u00e1ndez ha tenido su primer contacto con chicos<br \/>de nuestras escuelas<\/td>\n<\/tr>\n<\/tbody>\n<\/table>\n<p><span style=\"font-family: Arial, Helvetica, sans-serif;font-size: large\">Por otro, en lo que se refiere a los grupos de perfeccionamiento, tenemos que destacar las incorporaciones de Silvia Toribio y Javier Hern\u00e1ndez, que han compartido clases y grupos con Antonio Albo y Luismi Monreal.&nbsp;<\/span><\/p>\n<table cellpadding=\"0\" cellspacing=\"0\" class=\"tr-caption-container\" style=\"float: right;margin-left: 1em;text-align: right\">\n<tbody>\n<tr>\n<td style=\"text-align: center\"><a href=\"https:\/\/www.bfv.cloud\/ajedrezeuropa\/wp-content\/uploads\/2016\/12\/SAM_3258.jpg\" style=\"clear: right;margin-bottom: 1em;margin-left: auto;margin-right: auto\"><img loading=\"lazy\" decoding=\"async\" border=\"0\" height=\"238\" src=\"https:\/\/blogger.googleusercontent.com\/img\/b\/R29vZ2xl\/AVvXsEjUDcLzFjKHBAEVMqhzcMC3b3D609-fYaFWiwYtl-XkkeOuR3QrsmPOkSLxFzvXVGaVHC5IzXNvA5cRKQDgbeAymKR33zPrODyKFHnQsESrm8uzS8UuVGsYKOVSFuZPbgUIGTM0rN1hIuA\/s400\/SAM_3258.JPG\" width=\"400\" \/><\/a><\/td>\n<\/tr>\n<tr>\n<td class=\"tr-caption\" style=\"text-align: center\">El grupo de alumn@s de tecnificaci\u00f3n durante una de las clases<\/td>\n<\/tr>\n<\/tbody>\n<\/table>\n<p><span style=\"font-family: Arial, Helvetica, sans-serif;font-size: large\">Despu\u00e9s de un a\u00f1o de intensa actividad en las escuelas de Alc\u00e1zar y Villafranca, el periodo navide\u00f1o sirve para seguir completando los conocimientos t\u00e9cnicos de nuestros jugadores y jugadoras. Esta tarde tendr\u00e1 lugar la clausura de esta edici\u00f3n, en un acto que reunir\u00e1 a instituciones y familias con los responsables y t\u00e9cnicos de Nuestro Ajedrez en Europa.&nbsp;<\/span><\/p>\n<table align=\"center\" cellpadding=\"0\" cellspacing=\"0\" class=\"tr-caption-container\" style=\"margin-left: auto;margin-right: auto;text-align: center\">\n<tbody>\n<tr>\n<td style=\"text-align: center\"><a href=\"https:\/\/www.bfv.cloud\/ajedrezeuropa\/wp-content\/uploads\/2016\/12\/SAM_3262.jpg\" style=\"margin-left: auto;margin-right: auto\"><img loading=\"lazy\" decoding=\"async\" border=\"0\" height=\"268\" src=\"https:\/\/blogger.googleusercontent.com\/img\/b\/R29vZ2xl\/AVvXsEjdcJoBxrB0fRIgbAaQmm1Wwl-m4kvTwqYD2EOhCbbadCdaJrI8xXX0o-uNjJLcU0-GRnMHH8bgQEdiY2c-ssseu1GpcSI2REuXb-gOSlsPlMDLdYtGTNGouC0WfJGd2fWtKxf1EZceyW4\/s640\/SAM_3262.JPG\" width=\"640\" \/><\/a><\/td>\n<\/tr>\n<tr>\n<td class=\"tr-caption\" style=\"text-align: center\">La Concentraci\u00f3n cuenta con 3 grupos de perfeccionamiento<\/td>\n<\/tr>\n<\/tbody>\n<\/table>\n<table align=\"center\" cellpadding=\"0\" cellspacing=\"0\" class=\"tr-caption-container\" style=\"margin-left: auto;margin-right: auto;text-align: center\">\n<tbody>\n<tr>\n<td style=\"text-align: center\"><a href=\"https:\/\/www.bfv.cloud\/ajedrezeuropa\/wp-content\/uploads\/2016\/12\/SAM_3254.jpg\" style=\"margin-left: auto;margin-right: auto\"><img loading=\"lazy\" decoding=\"async\" border=\"0\" height=\"480\" src=\"https:\/\/blogger.googleusercontent.com\/img\/b\/R29vZ2xl\/AVvXsEgozX4hifEqM3cUTJb2JMHOsDj30Sf9YloqahJIy2-R-ytdyKphafDK4GZWAGJDaRVeQr_GUB2sYRgTXMuDItOa0uurrrayPmz0fLnJhzbXVH24KB7jjK0BZdQNK6q3TriH5vflDwJGkbQ\/s640\/SAM_3254.JPG\" width=\"640\" \/><\/a><\/td>\n<\/tr>\n<tr>\n<td class=\"tr-caption\" style=\"text-align: center\">Demostrando lo que hemos aprendido<\/td>\n<\/tr>\n<\/tbody>\n<\/table>\n<table align=\"center\" cellpadding=\"0\" cellspacing=\"0\" class=\"tr-caption-container\" style=\"margin-left: auto;margin-right: auto;text-align: center\">\n<tbody>\n<tr>\n<td style=\"text-align: center\"><a href=\"https:\/\/www.bfv.cloud\/ajedrezeuropa\/wp-content\/uploads\/2016\/12\/IMG_20161226_162126_hdr.jpg\" style=\"clear: right;margin-bottom: 1em;margin-left: auto;margin-right: auto\"><img loading=\"lazy\" decoding=\"async\" border=\"0\" height=\"356\" src=\"https:\/\/blogger.googleusercontent.com\/img\/b\/R29vZ2xl\/AVvXsEgt9JJ5ElD8M_bernm3rG4xxuSC2hRJfS7NDQp_zIHruX866XUXhvybuYKM0c-L4SIsTelR3ZtYgwAbgcgJ5_IylsNNFSpcgJPaiRO1yHYRAootd-qYGMjDDTAAuj70pcfC3EX84o-Z0e8\/s640\/IMG_20161226_162126_hdr.jpg\" width=\"640\" \/><\/a><\/td>\n<\/tr>\n<tr>\n<td class=\"tr-caption\" style=\"text-align: center\">En el segundo grupo de tecnificaci\u00f3n participan 9 chic@s<\/td>\n<\/tr>\n<\/tbody>\n<\/table>\n<p><\/p>\n<div class=\"separator\" style=\"clear: both;text-align: center\">\n<\/div>\n","protected":false},"excerpt":{"rendered":"<p>El Maestro FIDE albacete\u00f1o, Jos\u00e9 Vicente Jim\u00e9nez, se ha incorporadoeste a\u00f1o a las clases de la Concentraci\u00f3n Durante estos d\u00edas, la casa de la cultura de Villafranca de los Caballeros, re\u00fane a 33 alumn@s de nuestras escuelas de ajedrez en la que es una de las principales citas anuales del proyecto en el campo de [&hellip;]<\/p>\n","protected":false},"author":1,"featured_media":1701,"comment_status":"open","ping_status":"closed","sticky":false,"template":"","format":"standard","meta":{"footnotes":""},"categories":[1],"tags":[],"class_list":["post-1700","post","type-post","status-publish","format-standard","has-post-thumbnail","hentry","category-noticias"],"_links":{"self":[{"href":"https:\/\/www.bfv.cloud\/ajedrezeuropa\/wp-json\/wp\/v2\/posts\/1700","targetHints":{"allow":["GET"]}}],"collection":[{"href":"https:\/\/www.bfv.cloud\/ajedrezeuropa\/wp-json\/wp\/v2\/posts"}],"about":[{"href":"https:\/\/www.bfv.cloud\/ajedrezeuropa\/wp-json\/wp\/v2\/types\/post"}],"author":[{"embeddable":true,"href":"https:\/\/www.bfv.cloud\/ajedrezeuropa\/wp-json\/wp\/v2\/users\/1"}],"replies":[{"embeddable":true,"href":"https:\/\/www.bfv.cloud\/ajedrezeuropa\/wp-json\/wp\/v2\/comments?post=1700"}],"version-history":[{"count":1,"href":"https:\/\/www.bfv.cloud\/ajedrezeuropa\/wp-json\/wp\/v2\/posts\/1700\/revisions"}],"predecessor-version":[{"id":1708,"href":"https:\/\/www.bfv.cloud\/ajedrezeuropa\/wp-json\/wp\/v2\/posts\/1700\/revisions\/1708"}],"wp:featuredmedia":[{"embeddable":true,"href":"https:\/\/www.bfv.cloud\/ajedrezeuropa\/wp-json\/wp\/v2\/media\/1701"}],"wp:attachment":[{"href":"https:\/\/www.bfv.cloud\/ajedrezeuropa\/wp-json\/wp\/v2\/media?parent=1700"}],"wp:term":[{"taxonomy":"category","embeddable":true,"href":"https:\/\/www.bfv.cloud\/ajedrezeuropa\/wp-json\/wp\/v2\/categories?post=1700"},{"taxonomy":"post_tag","embeddable":true,"href":"https:\/\/www.bfv.cloud\/ajedrezeuropa\/wp-json\/wp\/v2\/tags?post=1700"}],"curies":[{"name":"wp","href":"https:\/\/api.w.org\/{rel}","templated":true}]}}