{"id":1709,"date":"2015-01-21T15:01:00","date_gmt":"2015-01-21T15:01:00","guid":{"rendered":"https:\/\/www.bfv.cloud\/ajedrezeuropa\/index.php\/2015\/01\/21\/29-alumnos-de-nuestras-escuelas-inician-los-campeonatos-en-toledo-y-ciudad-real\/"},"modified":"2025-11-20T10:37:21","modified_gmt":"2025-11-20T10:37:21","slug":"29-alumnos-de-nuestras-escuelas-inician-los-campeonatos-en-toledo-y-ciudad-real","status":"publish","type":"post","link":"https:\/\/www.bfv.cloud\/ajedrezeuropa\/29-alumnos-de-nuestras-escuelas-inician-los-campeonatos-en-toledo-y-ciudad-real\/","title":{"rendered":"29 ALUMNOS DE NUESTRAS ESCUELAS INICIAN LOS CAMPEONATOS EN TOLEDO Y CIUDAD REAL"},"content":{"rendered":"<table cellpadding=\"0\" cellspacing=\"0\" class=\"tr-caption-container\" style=\"float: right;margin-left: 1em;text-align: right\">\n<tbody>\n<tr>\n<td style=\"text-align: center\"><a href=\"https:\/\/www.bfv.cloud\/ajedrezeuropa\/wp-content\/uploads\/2015\/01\/0255.jpg\" style=\"clear: right;margin-bottom: 1em;margin-left: auto;margin-right: auto\"><img fetchpriority=\"high\" decoding=\"async\" border=\"0\" src=\"https:\/\/www.bfv.cloud\/ajedrezeuropa\/wp-content\/uploads\/2015\/01\/0255.jpg\" height=\"310\" width=\"400\" \/><\/a><\/td>\n<\/tr>\n<tr>\n<td class=\"tr-caption\" style=\"text-align: center\">Alfredo y Gabriel Amador, detr\u00e1s Roberto y Alonso L\u00f3pez, y al<br \/>\nfondo a la izqda Juanfran Mar\u00edn, en la 2\u00aa ronda del Escolar toledano<\/td>\n<\/tr>\n<\/tbody>\n<\/table>\n<p><span style=\"font-family: Helvetica Neue, Arial, Helvetica, sans-serif\"><b>Este fin de semana han comenzado los provinciales del CRDEE en Toledo y Ciudad Real. Un total de 29 ajedrecistas, 15 en Toledo y 14 en Ciudad Real, de las escuelas de Villafranca y Alc\u00e1zar han participado en la 1\u00aa jornada celebrada en Mora el pasado s\u00e1bado y en Miguelturra el domingo. Con los m\u00e1s de 30 jugadores inscritos entre ambas provincias volvemos a mejorar sustancialmente la presencia de nuestras escuelas con respecto al a\u00f1o 2014 en el que fueron 24.&nbsp;<\/b><\/span><\/p>\n<table align=\"center\" cellpadding=\"0\" cellspacing=\"0\" class=\"tr-caption-container\" style=\"margin-left: auto;margin-right: auto;text-align: center\">\n<tbody>\n<tr>\n<td style=\"text-align: center\"><a href=\"https:\/\/www.bfv.cloud\/ajedrezeuropa\/wp-content\/uploads\/2015\/01\/SAM_1396.jpg\" style=\"margin-left: auto;margin-right: auto\"><img decoding=\"async\" border=\"0\" src=\"https:\/\/www.bfv.cloud\/ajedrezeuropa\/wp-content\/uploads\/2015\/01\/SAM_1396.jpg\" height=\"426\" width=\"640\" \/><\/a><\/td>\n<\/tr>\n<tr>\n<td class=\"tr-caption\" style=\"text-align: center\">Imagen de la sala de juego en el CERE de Miguelturra (C. Real)<\/td>\n<\/tr>\n<\/tbody>\n<\/table>\n<div class=\"separator\" style=\"clear: both;text-align: center\">\n<span style=\"font-family: Helvetica Neue, Arial, Helvetica, sans-serif\"><b><\/b><\/span><\/div>\n<h4>\n<b style=\"font-family: 'Helvetica Neue', Arial, Helvetica, sans-serif\">&nbsp;<\/b><i style=\"font-family: 'Helvetica Neue', Arial, Helvetica, sans-serif\"><u>EL ESCOLAR Y FEDERADO SUB-18 DE TOLEDO<\/u><\/i><\/h4>\n<table cellpadding=\"0\" cellspacing=\"0\" class=\"tr-caption-container\" style=\"float: left;margin-right: 1em;text-align: left\">\n<tbody>\n<tr>\n<td style=\"text-align: center\"><a href=\"https:\/\/www.bfv.cloud\/ajedrezeuropa\/wp-content\/uploads\/2015\/01\/025.jpg\" style=\"clear: left;margin-bottom: 1em;margin-left: auto;margin-right: auto\"><img decoding=\"async\" border=\"0\" src=\"https:\/\/www.bfv.cloud\/ajedrezeuropa\/wp-content\/uploads\/2015\/01\/025.jpg\" height=\"218\" width=\"400\" \/><\/a><\/td>\n<\/tr>\n<tr>\n<td class=\"tr-caption\" style=\"text-align: center\">Julia Meza y Mar\u00eda Oliver se juegan su clasificaci\u00f3n para la<br \/>\nfase regional del CRDEE<\/td>\n<\/tr>\n<\/tbody>\n<\/table>\n<table cellpadding=\"0\" cellspacing=\"0\" class=\"tr-caption-container\" style=\"float: right;text-align: right\">\n<tbody>\n<tr>\n<td style=\"text-align: center\"><a href=\"https:\/\/www.bfv.cloud\/ajedrezeuropa\/wp-content\/uploads\/2015\/01\/SAM_1390.jpg\" style=\"clear: right;margin-bottom: 1em;margin-left: auto;margin-right: auto\"><img loading=\"lazy\" decoding=\"async\" border=\"0\" src=\"https:\/\/www.bfv.cloud\/ajedrezeuropa\/wp-content\/uploads\/2015\/01\/SAM_1390.jpg\" height=\"246\" width=\"400\" \/><\/a><\/td>\n<\/tr>\n<tr>\n<td class=\"tr-caption\" style=\"text-align: center\">En primer plano, Isabel &nbsp;Marcos-Alberca vs Sergio Arias; <br \/>\nen segundo plano a la izqda, Nuria Lozano, y al fondo<br \/>\nDaniel Climent frente a Enrique Velasco<\/td>\n<\/tr>\n<\/tbody>\n<\/table>\n<p><span style=\"font-family: Helvetica Neue, Arial, Helvetica, sans-serif\"><b>Seg\u00fan los datos oficiales que facilita la organizaci\u00f3n son 108 los participantes en el Deporte en Edad Escolar de Toledo, sumados los 97 de la categor\u00eda Infantil y los 11 del cadete. Por su parte, el provincial sub-18, aporta otros 11 jugadores entre los que se encuentran los 2 pertenecientes a la escuela de ajedrez de Villafranca. Con estas cifras de 2015 se rompe la preocupante tendencia a la baja en la que durante las \u00faltimas temporadas hab\u00edan entrado estas competiciones oficiales para ni\u00f1os y j\u00f3venes. Hay varios factores que influyen en el leve aumento de participaci\u00f3n producido este a\u00f1o, uno de ellos , y quiz\u00e1s el m\u00e1s importante, es la elecci\u00f3n de la poblaci\u00f3n de Mora como sede por 2\u00ba a\u00f1o consecutivo. Revisando los datos es m\u00e1s que evidente que, de entre todos los lugares elegidos en los \u00faltimos a\u00f1os para jugar estos provinciales, Mora es la que mayor esfuerzo realiza para sumar chicos y chicas a la cifra global de los 3 campeonatos. Aunque tambi\u00e9n es cierto que la promoci\u00f3n del ajedrez se mantiene en la provincia de Toledo gracias al trabajo de poco m\u00e1s de 6 escuelas, un n\u00famero muy escaso si tenemos en cuenta las m\u00e1s de 25 que exist\u00edan 8 a\u00f1os atr\u00e1s.<\/b><\/span><\/p>\n<div style=\"margin-bottom: .0001pt;margin: 0cm\">\n<i><u><span style=\"font-size: 16pt\"><span style=\"font-family: Helvetica Neue, Arial, Helvetica, sans-serif\"><br \/><\/span><\/span><\/u><\/i><\/div>\n<div style=\"margin-bottom: .0001pt;margin: 0cm\">\n<i><u><span style=\"font-size: 16pt\"><span style=\"font-family: Helvetica Neue, Arial, Helvetica, sans-serif\">La<br \/>\nescuela de Villafranca<\/p>\n<table cellpadding=\"0\" cellspacing=\"0\" class=\"tr-caption-container\" style=\"float: right;margin-left: 1em;text-align: right\">\n<tbody>\n<tr>\n<td style=\"text-align: center\"><a href=\"https:\/\/www.bfv.cloud\/ajedrezeuropa\/wp-content\/uploads\/2015\/01\/escolaryfederadotoledo008.jpg\" style=\"clear: right;margin-bottom: 1em;margin-left: auto;margin-right: auto\"><img loading=\"lazy\" decoding=\"async\" border=\"0\" src=\"https:\/\/www.bfv.cloud\/ajedrezeuropa\/wp-content\/uploads\/2015\/01\/escolaryfederadotoledo008.jpg\" height=\"240\" width=\"320\" \/><\/a><\/td>\n<\/tr>\n<tr>\n<td class=\"tr-caption\" style=\"text-align: center\">\u00d3scar Roncero saluda a su rival<\/td>\n<\/tr>\n<\/tbody>\n<\/table>\n<p><\/span><\/span><\/u><\/i><\/div>\n<div style=\"margin-bottom: .0001pt;margin: 0cm\">\n<span style=\"font-size: 13.5pt\"><span style=\"font-family: Helvetica Neue, Arial, Helvetica, sans-serif\">Con 13 jugadores inscritos en la<br \/>\ncategor\u00eda infantil, 2 en cadete y 2 en el sub-18, son 17 los participantes que<br \/>\npresentamos en la provincia de Toledo, situ\u00e1ndonos entre las 3 escuelas m\u00e1s<br \/>\nnumerosas. Es un buen dato el que sigamos creciendo en cantidad, pero tambi\u00e9n<br \/>\nlo es el avance gradual que vamos teniendo en la representatividad de los<br \/>\npueblos que componen la provincia. En 2015 son 8 los distintos pueblos y<br \/>\nciudades a los que la escuela de Villafranca representa.<b><\/b><\/span><\/span><\/div>\n<div style=\"margin-bottom: .0001pt;margin: 0cm\">\n<i><u><span style=\"font-size: 16pt\"><span style=\"font-family: Helvetica Neue, Arial, Helvetica, sans-serif\">Con<br \/>\nbuenos resultados<\/span><\/span><\/u><\/i><\/div>\n<div align=\"center\" style=\"margin-bottom: .0001pt;margin: 0cm;text-align: center\">\n<u><span style=\"font-size: 13.5pt\"><span style=\"font-family: Helvetica Neue, Arial, Helvetica, sans-serif\">Deporte<br \/>\nen Edad Escolar \u2013 categor\u00eda Infantil<\/span><\/span><\/u><\/div>\n<div style=\"margin-bottom: .0001pt;margin: 0cm\">\n<span style=\"font-size: 13.5pt\"><span style=\"font-family: Helvetica Neue, Arial, Helvetica, sans-serif\">Con 2 rondas celebradas las<br \/>\npuntuaciones de nuestros jugadores son:<\/span><\/span><\/div>\n<div style=\"margin-bottom: .0001pt;margin: 0cm\">\n<span style=\"font-size: 13.5pt\"><span style=\"font-family: Helvetica Neue, Arial, Helvetica, sans-serif\">Con 2 puntos: Iv\u00e1n Valencia,<br \/>\nAlfredo Amador, Roberto L\u00f3pez, Mar\u00eda Oliver y Juanfran Mar\u00edn.<\/span><\/span><\/div>\n<div style=\"margin-bottom: .0001pt;margin: 0cm\">\n<span style=\"font-size: 13.5pt\"><span style=\"font-family: Helvetica Neue, Arial, Helvetica, sans-serif\">Con 1,5 puntos: Julia Meza.<\/span><\/span><\/div>\n<div style=\"margin-bottom: .0001pt;margin: 0cm\">\n<span style=\"font-size: 13.5pt\"><span style=\"font-family: Helvetica Neue, Arial, Helvetica, sans-serif\">Con 1 punto: Alonso L\u00f3pez, Daniel<br \/>\nSalas, Ra\u00fal Valverde, \u00d3scar Roncero, Gabriel Amador y Luis Rodr\u00edguez.<\/span><\/span><\/div>\n<div style=\"margin-bottom: .0001pt;margin: 0cm\">\n<span style=\"font-size: 13.5pt\"><span style=\"font-family: Helvetica Neue, Arial, Helvetica, sans-serif\">Con 0 puntos: \u00c1lvaro Alberca (Sin<br \/>\nparticipaci\u00f3n en la 1\u00aa jornada)<\/span><\/span><\/div>\n<div style=\"margin-bottom: .0001pt;margin: 0cm\">\n<span style=\"font-size: 13.5pt\"><span style=\"font-family: Helvetica Neue, Arial, Helvetica, sans-serif\">El emparejamiento de la 3\u00aa ronda<br \/>\nque se jugar\u00e1 a las 10 del pr\u00f3ximo s\u00e1bado 24 de enero es el siguiente:<\/span><\/span><\/div>\n<div style=\"margin-bottom: .0001pt;margin: 0cm\">\n<span style=\"font-family: Helvetica Neue, Arial, Helvetica, sans-serif\"><span style=\"font-size: 18px\"><br \/><\/span><\/span><span style=\"font-size: 13.5pt\"><span style=\"font-family: Helvetica Neue, Arial, Helvetica, sans-serif\"><\/span><\/span><\/div>\n<div class=\"separator\" style=\"clear: both;text-align: center\">\n<span style=\"font-family: Helvetica Neue, Arial, Helvetica, sans-serif\"><a href=\"https:\/\/www.bfv.cloud\/ajedrezeuropa\/wp-content\/uploads\/2015\/01\/INFANTILR-3.jpg\" style=\"margin-left: 1em;margin-right: 1em\"><img loading=\"lazy\" decoding=\"async\" border=\"0\" src=\"https:\/\/www.bfv.cloud\/ajedrezeuropa\/wp-content\/uploads\/2015\/01\/INFANTILR-3.jpg\" height=\"507\" width=\"640\" \/><\/a><\/span><\/div>\n<p><span style=\"font-family: Arial, sans-serif\"><\/span><\/p>\n<div style=\"margin-bottom: .0001pt;margin: 0cm\">\n<\/div>\n<div align=\"center\" class=\"MsoNormal\" style=\"text-align: center\">\n<u><span style=\"font-size: 13.5pt\"><span style=\"font-family: Helvetica Neue, Arial, Helvetica, sans-serif\">Deporte<br \/>\nen Edad Escolar \u2013 categor\u00eda Cadete<\/span><span style=\"font-family: Arial, sans-serif\"><\/span><\/span><\/u><\/div>\n<div class=\"MsoBodyText\">\n<span style=\"font-family: Helvetica Neue, Arial, Helvetica, sans-serif\"><b>Con 1 punto logrado en la \u00fanica ronda jugada est\u00e1 Irene<br \/>\nSim\u00f3n, mientras que nuestra otra representante, Alba P\u00edriz, no pudo acudir por<br \/>\nenfermedad.<\/b><\/span><\/div>\n<div class=\"MsoBodyText\">\n<span style=\"font-family: Helvetica Neue, Arial, Helvetica, sans-serif\"><b>El pr\u00f3ximo s\u00e1bado esta categor\u00eda celebrar\u00e1 la 2\u00aa y la 3\u00aa<br \/>\nronda en un torneo programado a 5. El emparejamiento de la 2\u00aa ronda que se<br \/>\ndisputar\u00e1 a las 10 de la ma\u00f1ana es:<\/b><\/span><\/div>\n<div class=\"MsoBodyText\">\n<span style=\"font-family: Helvetica Neue, Arial, Helvetica, sans-serif\"><b><br \/><\/b><\/span><\/div>\n<div class=\"separator\" style=\"clear: both;text-align: center\">\n<span style=\"font-family: Helvetica Neue, Arial, Helvetica, sans-serif\"><b><a href=\"https:\/\/www.bfv.cloud\/ajedrezeuropa\/wp-content\/uploads\/2015\/01\/CADETER-2.jpg\" style=\"margin-left: 1em;margin-right: 1em\"><img loading=\"lazy\" decoding=\"async\" border=\"0\" src=\"https:\/\/www.bfv.cloud\/ajedrezeuropa\/wp-content\/uploads\/2015\/01\/CADETER-2.jpg\" height=\"190\" width=\"640\" \/><\/a><\/b><\/span><\/div>\n<p><\/p>\n<div class=\"MsoBodyText\">\n<\/div>\n<div align=\"center\" class=\"MsoBodyText\" style=\"text-align: center\">\n<u><span style=\"font-family: Helvetica Neue, Arial, Helvetica, sans-serif\"><b>Campeonato<br \/>\nProvincial Juvenil Sub-18<\/b><\/span><\/u><\/div>\n<div class=\"MsoBodyText\">\n<span style=\"font-family: Helvetica Neue, Arial, Helvetica, sans-serif\"><b>En la \u00fanica categor\u00eda federada que se juega con<br \/>\nindependencia del Escolar, tambi\u00e9n son 2 los ajedrecistas de la escuela de<br \/>\nVillafranca que iniciaron la competici\u00f3n el s\u00e1bado pasado. Tanto Isaac Lozano<br \/>\ncomo Silvia Toribio consiguieron ganar sus respectivas partidas, sumando 1<br \/>\npunto cada uno. Este Sub-18 tambi\u00e9n se disputa a un total de 5 rondas,<br \/>\njug\u00e1ndose la 2\u00aa y la 3\u00aa el mismo s\u00e1bado 24.<\/b><\/span><\/div>\n<div class=\"MsoBodyText\">\n<span style=\"font-family: Helvetica Neue, Arial, Helvetica, sans-serif\"><b>La ronda 2 ha quedado as\u00ed:<\/b><\/span><\/div>\n<div class=\"MsoBodyText\">\n<span style=\"font-family: Helvetica Neue, Arial, Helvetica, sans-serif\"><b><br \/><\/b><\/span><\/div>\n<div class=\"separator\" style=\"clear: both;text-align: center\">\n<a href=\"https:\/\/www.bfv.cloud\/ajedrezeuropa\/wp-content\/uploads\/2015\/01\/SUB-18R-2.jpg\" style=\"margin-left: 1em;margin-right: 1em\"><img loading=\"lazy\" decoding=\"async\" border=\"0\" src=\"https:\/\/www.bfv.cloud\/ajedrezeuropa\/wp-content\/uploads\/2015\/01\/SUB-18R-2.jpg\" height=\"200\" width=\"640\" \/><\/a><\/div>\n<div class=\"MsoBodyText\">\n<\/div>\n<div class=\"MsoBodyText\">\n<div class=\"MsoBodyText\">\n<i><u><span style=\"font-size: 16.0pt\"><span style=\"font-family: Helvetica Neue, Arial, Helvetica, sans-serif\">EL ESCOLAR DE CIUDAD REAL Y LA ESCUELA DE ALC\u00c1ZAR<\/span><\/span><\/u><\/i><\/div>\n<div class=\"MsoBodyText\">\n<\/div>\n<table cellpadding=\"0\" cellspacing=\"0\" class=\"tr-caption-container\" style=\"float: left;margin-right: 1em;text-align: left\">\n<tbody>\n<tr>\n<td style=\"text-align: center\"><a href=\"https:\/\/www.bfv.cloud\/ajedrezeuropa\/wp-content\/uploads\/2015\/01\/SAM_1392.jpg\" style=\"clear: left;margin-bottom: 1em;margin-left: auto;margin-right: auto\"><img loading=\"lazy\" decoding=\"async\" border=\"0\" src=\"https:\/\/www.bfv.cloud\/ajedrezeuropa\/wp-content\/uploads\/2015\/01\/SAM_1392.jpg\" height=\"288\" width=\"320\" \/><\/a><\/td>\n<\/tr>\n<tr>\n<td class=\"tr-caption\" style=\"text-align: center\">Clara Vela en su primer Escolar<\/td>\n<\/tr>\n<\/tbody>\n<\/table>\n<div class=\"MsoBodyText\">\n<b><span style=\"font-family: Helvetica Neue, Arial, Helvetica, sans-serif\">El pasado domingo 18 de enero tambi\u00e9n comenzaba la fase<br \/>\nprovincial de Ciudad Real del Deporte en Edad Escolar en el CERE de<br \/>\nMiguelturra. La escuela de ajedrez de Alc\u00e1zar presentaba a 14 de sus 15<br \/>\njugadores inscritos, 13 en la categor\u00eda Infantil y 2 en el Cadete, lo que<br \/>\nsupone nuestra mayor representaci\u00f3n desde que la Diputaci\u00f3n&nbsp;de Ciudad Real<br \/>\ndecidi\u00f3 elevar la edad de los participantes a 10 a\u00f1os. Este l\u00edmite de edad,<br \/>\nnada habitual en cualquier competici\u00f3n de ajedrez nacional, est\u00e1<br \/>\nperjudicando&nbsp; la supervivencia de algunas<br \/>\nescuelas que se inician con ni\u00f1os y ni\u00f1as de corta edad. El condicionante es<br \/>\ntan absurdo que ni siquiera se da en el resto de provincias de Castilla-La<br \/>\nMancha, adem\u00e1s de provocar la deserci\u00f3n del ajedrez de algunos chicos y chicas<br \/>\na los que les gustar\u00eda adquirir su primer contacto con el principal campeonato<br \/>\nde promoci\u00f3n deportiva mucho antes.<\/span><\/b><\/div>\n<div class=\"MsoBodyText\">\n<b><span style=\"font-family: Helvetica Neue, Arial, Helvetica, sans-serif\"><br \/><\/span><\/b><\/div>\n<div style=\"margin-bottom: .0001pt;margin: 0cm\">\n<i><u><span style=\"font-size: 16pt\"><span style=\"font-family: Helvetica Neue, Arial, Helvetica, sans-serif\">Un<br \/>\ncomienzo bueno para nuestros alumnos<\/span><\/span><\/u><\/i><\/div>\n<div align=\"center\" class=\"MsoBodyText\" style=\"text-align: center\">\n<u><span style=\"font-family: Helvetica Neue, Arial, Helvetica, sans-serif\"><b>Deporte en Edad<br \/>\nEscolar \u2013 categor\u00eda Infantil<\/b><\/span><\/u><\/div>\n<table cellpadding=\"0\" cellspacing=\"0\" class=\"tr-caption-container\" style=\"float: right;margin-left: 1em;text-align: right\">\n<tbody>\n<tr>\n<td style=\"text-align: center\"><a href=\"https:\/\/www.bfv.cloud\/ajedrezeuropa\/wp-content\/uploads\/2015\/01\/SAM_1391.jpg\" style=\"clear: right;margin-bottom: 1em;margin-left: auto;margin-right: auto\"><img loading=\"lazy\" decoding=\"async\" border=\"0\" src=\"https:\/\/www.bfv.cloud\/ajedrezeuropa\/wp-content\/uploads\/2015\/01\/SAM_1391.jpg\" height=\"290\" width=\"320\" \/><\/a><\/td>\n<\/tr>\n<tr>\n<td class=\"tr-caption\" style=\"text-align: center\">Arse en su primera partida oficial<\/td>\n<\/tr>\n<\/tbody>\n<\/table>\n<p><\/p>\n<table cellpadding=\"0\" cellspacing=\"0\" class=\"tr-caption-container\" style=\"float: right;margin-left: 1em;text-align: right\">\n<tbody>\n<tr>\n<td style=\"text-align: center\"><a href=\"https:\/\/www.bfv.cloud\/ajedrezeuropa\/wp-content\/uploads\/2015\/01\/SAM_1394.jpg\" style=\"clear: right;margin-bottom: 1em;margin-left: auto;margin-right: auto\"><img loading=\"lazy\" decoding=\"async\" border=\"0\" src=\"https:\/\/www.bfv.cloud\/ajedrezeuropa\/wp-content\/uploads\/2015\/01\/SAM_1394.jpg\" height=\"249\" width=\"320\" \/><\/a><\/td>\n<\/tr>\n<tr>\n<td class=\"tr-caption\" style=\"text-align: center\">Roc\u00edo tambi\u00e9n tiene su primera competici\u00f3n&nbsp;<\/td>\n<\/tr>\n<\/tbody>\n<\/table>\n<div class=\"MsoBodyText\">\n<span style=\"font-family: Helvetica Neue, Arial, Helvetica, sans-serif\"><b>Tras las 2 rondas disputadas 5 jugadores de la escuela de<br \/>\nAlc\u00e1zar suman 2 puntos: Arturo Mate, Isabel Marcos-Alberca, Nuria Lozano,<br \/>\nEnrique Velasco y Julio M\u00e9rida.<\/b><\/span><\/div>\n<div class=\"MsoBodyText\">\n<span style=\"font-family: Helvetica Neue, Arial, Helvetica, sans-serif\"><b>Con 1 punto: Rub\u00e9n Monge, Sergio Arias, Daniel Climent,<br \/>\nArsenio L\u00f3pez y Clara Vela.<\/b><\/span><\/div>\n<div class=\"MsoBodyText\">\n<span style=\"font-family: Helvetica Neue, Arial, Helvetica, sans-serif\"><b>Con 0 puntos: Rafael Carrasco, Roc\u00edo Arias y Pablo Vela<br \/>\n(que no jug\u00f3 la 1\u00aa jornada por enfermedad)<\/b><\/span><\/div>\n<div align=\"center\" class=\"MsoBodyText\" style=\"text-align: center\">\n<u><span style=\"font-family: Helvetica Neue, Arial, Helvetica, sans-serif\"><b>Deporte en Edad<br \/>\nEscolar \u2013 categor\u00eda Cadete<\/b><\/span><\/u><\/div>\n<div class=\"MsoBodyText\">\n<span style=\"font-family: Helvetica Neue, Arial, Helvetica, sans-serif\"><b>En el Cadete de Ciudad Real tenemos a 2 participantes tras<br \/>\njugarse las 2 primeras rondas: Javier Valdepe\u00f1as con 2 puntos y Marta Espinosa<br \/>\ncon 0.<\/b><\/span><\/div>\n<div class=\"MsoBodyText\">\n<\/div>\n<div class=\"MsoBodyText\">\n<b><span style=\"font-family: Helvetica Neue, Arial, Helvetica, sans-serif\">Como es costumbre en el Escolar de Ciudad Real, no se<br \/>\nhan realizado los emparejamientos de la siguiente ronda, cosa que suceder\u00e1<br \/>\ncuando est\u00e9n presentes todos los participantes en la sala de juego. De esta<br \/>\nmanera, ser\u00e1 el pr\u00f3ximo domingo por la ma\u00f1ana cuando conoceremos los rivales de<br \/>\nnuestros jugadores.<\/span><\/b><b><span style=\"font-family: Helvetica Neue, Arial, Helvetica, sans-serif\">&nbsp;<\/span><\/b><\/div>\n<p><\/p>\n<div class=\"MsoBodyText\">\n<b><span style=\"font-family: Helvetica Neue, Arial, Helvetica, sans-serif\">\u00a1\u00a1Buen juego a todos para las pr\u00f3ximas partidas!!<\/span><\/b><\/div>\n<\/div>\n","protected":false},"excerpt":{"rendered":"<p>Alfredo y Gabriel Amador, detr\u00e1s Roberto y Alonso L\u00f3pez, y al fondo a la izqda Juanfran Mar\u00edn, en la 2\u00aa ronda del Escolar toledano Este fin de semana han comenzado los provinciales del CRDEE en Toledo y Ciudad Real. Un total de 29 ajedrecistas, 15 en Toledo y 14 en Ciudad Real, de las escuelas [&hellip;]<\/p>\n","protected":false},"author":1,"featured_media":1710,"comment_status":"open","ping_status":"closed","sticky":false,"template":"","format":"standard","meta":{"footnotes":""},"categories":[1],"tags":[],"class_list":["post-1709","post","type-post","status-publish","format-standard","has-post-thumbnail","hentry","category-noticias"],"_links":{"self":[{"href":"https:\/\/www.bfv.cloud\/ajedrezeuropa\/wp-json\/wp\/v2\/posts\/1709","targetHints":{"allow":["GET"]}}],"collection":[{"href":"https:\/\/www.bfv.cloud\/ajedrezeuropa\/wp-json\/wp\/v2\/posts"}],"about":[{"href":"https:\/\/www.bfv.cloud\/ajedrezeuropa\/wp-json\/wp\/v2\/types\/post"}],"author":[{"embeddable":true,"href":"https:\/\/www.bfv.cloud\/ajedrezeuropa\/wp-json\/wp\/v2\/users\/1"}],"replies":[{"embeddable":true,"href":"https:\/\/www.bfv.cloud\/ajedrezeuropa\/wp-json\/wp\/v2\/comments?post=1709"}],"version-history":[{"count":1,"href":"https:\/\/www.bfv.cloud\/ajedrezeuropa\/wp-json\/wp\/v2\/posts\/1709\/revisions"}],"predecessor-version":[{"id":1721,"href":"https:\/\/www.bfv.cloud\/ajedrezeuropa\/wp-json\/wp\/v2\/posts\/1709\/revisions\/1721"}],"wp:featuredmedia":[{"embeddable":true,"href":"https:\/\/www.bfv.cloud\/ajedrezeuropa\/wp-json\/wp\/v2\/media\/1710"}],"wp:attachment":[{"href":"https:\/\/www.bfv.cloud\/ajedrezeuropa\/wp-json\/wp\/v2\/media?parent=1709"}],"wp:term":[{"taxonomy":"category","embeddable":true,"href":"https:\/\/www.bfv.cloud\/ajedrezeuropa\/wp-json\/wp\/v2\/categories?post=1709"},{"taxonomy":"post_tag","embeddable":true,"href":"https:\/\/www.bfv.cloud\/ajedrezeuropa\/wp-json\/wp\/v2\/tags?post=1709"}],"curies":[{"name":"wp","href":"https:\/\/api.w.org\/{rel}","templated":true}]}}