{"id":1724,"date":"2010-09-20T13:51:00","date_gmt":"2010-09-20T13:51:00","guid":{"rendered":"https:\/\/www.bfv.cloud\/ajedrezeuropa\/index.php\/2010\/09\/20\/xiv-torneo-de-ferias-de-villafranca-inicio-de-la-temporada-en-las-escuelas-de-alcazar-y-villafranca\/"},"modified":"2025-11-20T10:37:26","modified_gmt":"2025-11-20T10:37:26","slug":"xiv-torneo-de-ferias-de-villafranca-inicio-de-la-temporada-en-las-escuelas-de-alcazar-y-villafranca","status":"publish","type":"post","link":"https:\/\/www.bfv.cloud\/ajedrezeuropa\/xiv-torneo-de-ferias-de-villafranca-inicio-de-la-temporada-en-las-escuelas-de-alcazar-y-villafranca\/","title":{"rendered":"XIV TORNEO DE FERIAS DE VILLAFRANCA. INICIO DE LA TEMPORADA EN LAS ESCUELAS DE ALC\u00c1ZAR Y VILLAFRANCA"},"content":{"rendered":"<div class=\"separator\" style=\"clear: both;text-align: center\"><a href=\"https:\/\/www.bfv.cloud\/ajedrezeuropa\/wp-content\/uploads\/2010\/09\/SALADEJUEGO2.jpg\" style=\"clear: left;float: left;margin-bottom: 1em;margin-right: 1em\"><img decoding=\"async\" border=\"0\" src=\"https:\/\/blogger.googleusercontent.com\/img\/b\/R29vZ2xl\/AVvXsEhZm07dqnoys5oODYKVgAoNtw30PNpHeaYAoWzQoW6jaE8A3jIk-P2qqSzCZyAnmInu1WAlxzp9iPjtasONlsMAbXGOGyM5NJsBNo5do1Yf2xxdtUw1beGYK6FB_uoaW17AogFKmvUxv28\/s320\/SALA+DE+JUEGO+2.jpg\" \/><\/a><\/div>\n<p><span style=\"font-family: Verdana, sans-serif;font-size: x-small\">El s\u00e1bado 18 de septiembre, se disput\u00f3 la decimocuarta edici\u00f3n del \u00abAbierto de Villafranca\u00bb con la asistencia de jugadores llegados desde Alcal\u00e1 de Henares, Villafranca del Castillo, Mota del Cuervo,&nbsp;Villa de Don Fadrique, Villaca\u00f1as, Santa Cruz de la Zarza, Quero, Los Y\u00e9benes, Alc\u00e1zar de San Juan y Villafranca de los Caballeros.<\/span><br \/>\n<span style=\"font-family: Verdana, sans-serif;font-size: x-small\">En la foto vemos un momento de una de las rondas.<\/span><br \/>\n<span style=\"font-family: Verdana, sans-serif\"><br \/>\n<\/span><br \/>\n<span style=\"font-family: Verdana, sans-serif\"><br \/>\n<\/span><br \/>\n<span style=\"font-family: Verdana, sans-serif\"><br \/>\n<\/span><br \/>\n<a href=\"https:\/\/www.bfv.cloud\/ajedrezeuropa\/wp-content\/uploads\/2010\/09\/AUTORIDADESYREINASENLAENTREGADETROF.jpg\" style=\"clear: left;float: left;margin-bottom: 1em;margin-right: 1em\"><span style=\"font-family: Verdana, sans-serif\"><img decoding=\"async\" border=\"0\" src=\"https:\/\/blogger.googleusercontent.com\/img\/b\/R29vZ2xl\/AVvXsEjDX1WjNrRJeMZinGpomTOkie5gdvvWyc5mF9UI7YT8fd8Zk4sJHh8YC0jm4w3BbxIau2K0UD90Qo5kBk59K4cMjrNRGd1Vb97VgjkM2QLTbd450xl4_kghvZ9kALHCivxviji-34QruuE\/s320\/AUTORIDADES+Y+REINAS+EN+LA+ENTREGA+DE+TROF.jpg\" \/><\/span><\/a><br \/>\n<span style=\"font-family: Verdana, sans-serif;font-size: x-small\">Al acto de entrega de premios asistieron: Antonio Gal\u00e1n, alcalde de Villafranca, y Emiliano \u00c1vila, concejal de deportes, en representaci\u00f3n del consistorio municipal, adem\u00e1s de&nbsp;las cuatro reinas de las fiestas, Clara, Cristina, Miriam y M\u00aa Cristina, acompa\u00f1adas del mister de las ferias, Enrique.<\/span><\/p>\n<p><a href=\"https:\/\/www.bfv.cloud\/ajedrezeuropa\/wp-content\/uploads\/2010\/09\/SALADEJUEGO3.jpg\" style=\"clear: left;float: left;margin-bottom: 1em;margin-right: 1em\"><img decoding=\"async\" border=\"0\" src=\"https:\/\/blogger.googleusercontent.com\/img\/b\/R29vZ2xl\/AVvXsEiYOFVK7lcmLOBJQwHkMRMyoBhRn8pKpCh6avGj9kpVRaRRnTB91JypqHUxQfbi9gyOj_IxKISR-fkSlNbtGIGc17dC-imdcEd6jNVGO33dkFPG7gVEvi23ASc71c3DyhMp1hFVrnts7CM\/s320\/SALA+DE+JUEGO+3.jpg\" \/><\/a><span style=\"font-family: Verdana, sans-serif;font-size: x-small\">Tambi\u00e9n queremos informaros de que el pr\u00f3ximo s\u00e1bado, 25 de septiembre, se dar\u00e1 inicio a la temporada 2010\/2011 en las escuelas de ajedrez de Alc\u00e1zar y Villafranca. En Alc\u00e1zar, comenzar\u00e1n a las 10,30 de la ma\u00f1ana con el grupo de iniciaci\u00f3n y se extender\u00e1n hasta las 14 horas en que finalizar\u00e1 el grupo avanzado. Mientras, en Villafranca, se comenzar\u00e1 a las 16,30 horas y acabar\u00e1n a las 20 horas, aproximadamente, con el reparto de tiempo acostumbrado para los distintos niveles diferenciados de conocimientos de ajedrez.<\/span><\/p>\n<div class=\"separator\" style=\"clear: both;text-align: center\">\n<\/div>\n<div class=\"separator\" style=\"clear: both;text-align: center\">\n<\/div>\n","protected":false},"excerpt":{"rendered":"<p>El s\u00e1bado 18 de septiembre, se disput\u00f3 la decimocuarta edici\u00f3n del \u00abAbierto de Villafranca\u00bb con la asistencia de jugadores llegados desde Alcal\u00e1 de Henares, Villafranca del Castillo, Mota del Cuervo,&nbsp;Villa de Don Fadrique, Villaca\u00f1as, Santa Cruz de la Zarza, Quero, Los Y\u00e9benes, Alc\u00e1zar de San Juan y Villafranca de los Caballeros. En la foto vemos [&hellip;]<\/p>\n","protected":false},"author":1,"featured_media":1725,"comment_status":"open","ping_status":"closed","sticky":false,"template":"","format":"standard","meta":{"footnotes":""},"categories":[1],"tags":[],"class_list":["post-1724","post","type-post","status-publish","format-standard","has-post-thumbnail","hentry","category-noticias"],"_links":{"self":[{"href":"https:\/\/www.bfv.cloud\/ajedrezeuropa\/wp-json\/wp\/v2\/posts\/1724","targetHints":{"allow":["GET"]}}],"collection":[{"href":"https:\/\/www.bfv.cloud\/ajedrezeuropa\/wp-json\/wp\/v2\/posts"}],"about":[{"href":"https:\/\/www.bfv.cloud\/ajedrezeuropa\/wp-json\/wp\/v2\/types\/post"}],"author":[{"embeddable":true,"href":"https:\/\/www.bfv.cloud\/ajedrezeuropa\/wp-json\/wp\/v2\/users\/1"}],"replies":[{"embeddable":true,"href":"https:\/\/www.bfv.cloud\/ajedrezeuropa\/wp-json\/wp\/v2\/comments?post=1724"}],"version-history":[{"count":1,"href":"https:\/\/www.bfv.cloud\/ajedrezeuropa\/wp-json\/wp\/v2\/posts\/1724\/revisions"}],"predecessor-version":[{"id":1728,"href":"https:\/\/www.bfv.cloud\/ajedrezeuropa\/wp-json\/wp\/v2\/posts\/1724\/revisions\/1728"}],"wp:featuredmedia":[{"embeddable":true,"href":"https:\/\/www.bfv.cloud\/ajedrezeuropa\/wp-json\/wp\/v2\/media\/1725"}],"wp:attachment":[{"href":"https:\/\/www.bfv.cloud\/ajedrezeuropa\/wp-json\/wp\/v2\/media?parent=1724"}],"wp:term":[{"taxonomy":"category","embeddable":true,"href":"https:\/\/www.bfv.cloud\/ajedrezeuropa\/wp-json\/wp\/v2\/categories?post=1724"},{"taxonomy":"post_tag","embeddable":true,"href":"https:\/\/www.bfv.cloud\/ajedrezeuropa\/wp-json\/wp\/v2\/tags?post=1724"}],"curies":[{"name":"wp","href":"https:\/\/api.w.org\/{rel}","templated":true}]}}