{"id":1729,"date":"2022-07-21T20:53:00","date_gmt":"2022-07-21T20:53:00","guid":{"rendered":"https:\/\/www.bfv.cloud\/ajedrezeuropa\/index.php\/2022\/07\/21\/marta-elena-jimenez-carrazoni-campeona-de-espana-sub12\/"},"modified":"2025-11-20T10:37:29","modified_gmt":"2025-11-20T10:37:29","slug":"marta-elena-jimenez-carrazoni-campeona-de-espana-sub12","status":"publish","type":"post","link":"https:\/\/www.bfv.cloud\/ajedrezeuropa\/marta-elena-jimenez-carrazoni-campeona-de-espana-sub12\/","title":{"rendered":"MARTA ELENA JIM\u00c9NEZ CARRAZONI, CAMPEONA DE ESPA\u00d1A SUB12"},"content":{"rendered":"<table align=\"center\" cellpadding=\"0\" cellspacing=\"0\" class=\"tr-caption-container\" style=\"margin-left: auto;margin-right: auto\">\n<tbody>\n<tr>\n<td style=\"text-align: center\"><a href=\"https:\/\/www.bfv.cloud\/ajedrezeuropa\/wp-content\/uploads\/2022\/07\/PODIO20DEL20CE20SUB1220FEMENINO.jpeg\" style=\"margin-left: auto;margin-right: auto\"><img fetchpriority=\"high\" decoding=\"async\" border=\"0\" data-original-height=\"969\" data-original-width=\"791\" height=\"640\" src=\"https:\/\/blogger.googleusercontent.com\/img\/b\/R29vZ2xl\/AVvXsEg8SollgVzx9bE07JBQj0-2c-bwDpup3LIms4sjVbpUqFO8GDkEcG001UvSZeorkseY5gSDU__3EFkG-jjmDcDdEnPl40H-p4HXyrM6gEQLVqTbj5F9qWDCqW6pVn6NIhyejqSolpHZcOjNc0X9NqO26D8a14NwDeXlkml3nq6FAZPxwjftIejc0_Vl\/w522-h640\/PODIO%20DEL%20CE%20SUB12%20FEMENINO.jpeg\" width=\"522\" \/><\/a><\/td>\n<\/tr>\n<tr>\n<td class=\"tr-caption\" style=\"text-align: center\">Marta en la entrega de premios del Campeonato de Espa\u00f1a sub12<\/td>\n<\/tr>\n<\/tbody>\n<\/table>\n<p class=\"MsoNormal\" style=\"text-align: justify\"><span style=\"line-height: 107%\"><b><span style=\"font-family: verdana\"><\/p>\n<table cellpadding=\"0\" cellspacing=\"0\" class=\"tr-caption-container\" style=\"float: right;margin-left: 1em;text-align: right\">\n<tbody>\n<tr>\n<td style=\"text-align: center\"><a href=\"https:\/\/www.bfv.cloud\/ajedrezeuropa\/wp-content\/uploads\/2022\/07\/MARTA20VISITANDO20LA20FINAL20DE20CANDIDATOS.jpeg\" style=\"clear: left;margin-bottom: 1em;margin-left: auto;margin-right: auto\"><img decoding=\"async\" border=\"0\" data-original-height=\"2048\" data-original-width=\"945\" height=\"640\" src=\"https:\/\/blogger.googleusercontent.com\/img\/b\/R29vZ2xl\/AVvXsEgt5ccsr_g67SqRWW09cRkwc-mCnHsH6nqzsssUk-2x5K9zlq3asr6a2_HHWvjsmBpvFjtny6HKknrPBbfnU9T9Wy6-w2G2lBcu4fFrB4BKXYk45TVMH2twPgiYuKJeWdsCsXZRBovFdIC44k99vptuF_iPUG0fpnDFA1B575t1flWmPq5Z493xSQAI\/w296-h640\/MARTA%20VISITANDO%20LA%20FINAL%20DE%20CANDIDATOS.jpeg\" width=\"296\" \/><\/a><\/td>\n<\/tr>\n<tr>\n<td class=\"tr-caption\" style=\"text-align: center\">Marta visitando el Torneo de<br \/>Candidatos en Madrid<\/td>\n<\/tr>\n<\/tbody>\n<\/table>\n<p>El pasado fin de semana finaliz\u00f3 en Salobre\u00f1a (Granada) el<br \/>\nCampeonato de Espa\u00f1a sub12, con la participaci\u00f3n de 165 chicos y chicas. Entre<br \/>\nlas jugadoras que han disputado esta competici\u00f3n nacional ha estado: Marta<br \/>\nElena Jim\u00e9nez Carrazoni, perteneciente al Club de Ajedrez de M\u00f3stoles (Madrid),<br \/>\naunque vinculada al proyecto Nuestro Ajedrez en Europa desde que en 2020<br \/>\nparticipara, junto a su hermano Javier, en el campus de verano. El a\u00f1o pasado<br \/>\nambos, adem\u00e1s de volver a estar en nuestro campus, fueron miembros de los<br \/>\nequipos de nuestros clubes en el Campeonato de Castilla-La Mancha por Clubes,<br \/>\nlogrando Javier el subcampeonato regional con sus compa\u00f1eros del equipo juvenil<br \/>\nde Nuestro Ajedrez en Europa, mientras que Marta consigui\u00f3 alzarse con el<br \/>\npremio al mejor primer tablero representando al equipo sub12 de Nuestro Ajedrez<br \/>\npor la Igualdad.<br \/><\/span><\/b><\/span><\/p>\n<p class=\"MsoNormal\" style=\"text-align: justify\"><b><span style=\"font-family: verdana\"><a name=\"_gjdgxs\"><\/a><\/span><\/b><span style=\"line-height: 107%\"><b><span style=\"font-family: verdana\">La participaci\u00f3n de Marta en el<br \/>\nCampeonato de Espa\u00f1a sub12 ha sido muy destacada, sumando 6 puntos del total de<br \/>\n9 posibles, que le ha permitido proclamarse campeona de Espa\u00f1a, dentro de un<br \/>\ntorneo de ajedrez de car\u00e1cter mixto verdaderamente exigente. La trayectoria de<br \/>\nMarta en el ajedrez es de matr\u00edcula de honor, campeona de Madrid sub12 y<br \/>\nsubcampeona sub18, adem\u00e1s de conseguir la medalla de oro como mejor tablero en<br \/>\nel campeonato de selecciones auton\u00f3micas sub14, gracias al esfuerzo e inter\u00e9s<br \/>\nque demuestra d\u00eda a d\u00eda. Tenerla al lado de nuestros alumnos y alumnas es un<br \/>\nincentivo para todos, incluso para sus entrenadores. En este 2022, tanto Marta<br \/>\ncomo Javier, seguir\u00e1n form\u00e1ndose presencialmente en el pr\u00f3ximo campus de verano<br \/>\ny luchar\u00e1n junto a nuestros ajedrecistas en las competiciones por equipos de<br \/>\n\u00e1mbito regional y nacional que se celebrar\u00e1n entre septiembre y diciembre.<\/span><\/b><span style=\"font-size: 16pt\"><\/span><\/span><\/p>\n","protected":false},"excerpt":{"rendered":"<p>Marta en la entrega de premios del Campeonato de Espa\u00f1a sub12 Marta visitando el Torneo deCandidatos en Madrid El pasado fin de semana finaliz\u00f3 en Salobre\u00f1a (Granada) el Campeonato de Espa\u00f1a sub12, con la participaci\u00f3n de 165 chicos y chicas. Entre las jugadoras que han disputado esta competici\u00f3n nacional ha estado: Marta Elena Jim\u00e9nez Carrazoni, [&hellip;]<\/p>\n","protected":false},"author":1,"featured_media":1730,"comment_status":"open","ping_status":"closed","sticky":false,"template":"","format":"standard","meta":{"footnotes":""},"categories":[1],"tags":[],"class_list":["post-1729","post","type-post","status-publish","format-standard","has-post-thumbnail","hentry","category-noticias"],"_links":{"self":[{"href":"https:\/\/www.bfv.cloud\/ajedrezeuropa\/wp-json\/wp\/v2\/posts\/1729","targetHints":{"allow":["GET"]}}],"collection":[{"href":"https:\/\/www.bfv.cloud\/ajedrezeuropa\/wp-json\/wp\/v2\/posts"}],"about":[{"href":"https:\/\/www.bfv.cloud\/ajedrezeuropa\/wp-json\/wp\/v2\/types\/post"}],"author":[{"embeddable":true,"href":"https:\/\/www.bfv.cloud\/ajedrezeuropa\/wp-json\/wp\/v2\/users\/1"}],"replies":[{"embeddable":true,"href":"https:\/\/www.bfv.cloud\/ajedrezeuropa\/wp-json\/wp\/v2\/comments?post=1729"}],"version-history":[{"count":1,"href":"https:\/\/www.bfv.cloud\/ajedrezeuropa\/wp-json\/wp\/v2\/posts\/1729\/revisions"}],"predecessor-version":[{"id":1732,"href":"https:\/\/www.bfv.cloud\/ajedrezeuropa\/wp-json\/wp\/v2\/posts\/1729\/revisions\/1732"}],"wp:featuredmedia":[{"embeddable":true,"href":"https:\/\/www.bfv.cloud\/ajedrezeuropa\/wp-json\/wp\/v2\/media\/1730"}],"wp:attachment":[{"href":"https:\/\/www.bfv.cloud\/ajedrezeuropa\/wp-json\/wp\/v2\/media?parent=1729"}],"wp:term":[{"taxonomy":"category","embeddable":true,"href":"https:\/\/www.bfv.cloud\/ajedrezeuropa\/wp-json\/wp\/v2\/categories?post=1729"},{"taxonomy":"post_tag","embeddable":true,"href":"https:\/\/www.bfv.cloud\/ajedrezeuropa\/wp-json\/wp\/v2\/tags?post=1729"}],"curies":[{"name":"wp","href":"https:\/\/api.w.org\/{rel}","templated":true}]}}