{"id":1733,"date":"2014-11-16T23:07:00","date_gmt":"2014-11-16T23:07:00","guid":{"rendered":"https:\/\/www.bfv.cloud\/ajedrezeuropa\/index.php\/2014\/11\/16\/el-torneo-del-aceite-de-mora-reune-a-63-participantes\/"},"modified":"2025-11-20T10:37:36","modified_gmt":"2025-11-20T10:37:36","slug":"el-torneo-del-aceite-de-mora-reune-a-63-participantes","status":"publish","type":"post","link":"https:\/\/www.bfv.cloud\/ajedrezeuropa\/el-torneo-del-aceite-de-mora-reune-a-63-participantes\/","title":{"rendered":"EL \u00abTORNEO DEL ACEITE\u00bb DE MORA RE\u00daNE A 63 PARTICIPANTES"},"content":{"rendered":"<table cellpadding=\"0\" cellspacing=\"0\" class=\"tr-caption-container\" style=\"float: left;text-align: left\">\n<tbody>\n<tr>\n<td style=\"text-align: center\"><a href=\"https:\/\/www.bfv.cloud\/ajedrezeuropa\/wp-content\/uploads\/2014\/11\/SAM_1182.jpg\" style=\"margin-left: auto;margin-right: auto\"><img fetchpriority=\"high\" decoding=\"async\" border=\"0\" src=\"https:\/\/www.bfv.cloud\/ajedrezeuropa\/wp-content\/uploads\/2014\/11\/SAM_1182.jpg\" height=\"480\" width=\"640\" \/><\/a><\/td>\n<\/tr>\n<tr>\n<td class=\"tr-caption\" style=\"text-align: center\">Una panor\u00e1mica de la sala de juego&nbsp;<\/td>\n<\/tr>\n<\/tbody>\n<\/table>\n<table align=\"center\" cellpadding=\"0\" cellspacing=\"0\" class=\"tr-caption-container\" style=\"float: left;margin-right: 1em;text-align: left\">\n<tbody>\n<tr>\n<td style=\"text-align: center\"><a href=\"https:\/\/www.bfv.cloud\/ajedrezeuropa\/wp-content\/uploads\/2014\/11\/SAM_1210.jpg\" style=\"clear: right;margin-bottom: 1em;margin-left: auto;margin-right: auto\"><img decoding=\"async\" border=\"0\" src=\"https:\/\/www.bfv.cloud\/ajedrezeuropa\/wp-content\/uploads\/2014\/11\/SAM_1210.jpg\" height=\"351\" width=\"400\" \/><\/a><\/td>\n<\/tr>\n<tr>\n<td class=\"tr-caption\" style=\"text-align: center\">Alonso L\u00f3pez y Agust\u00edn Zamora recibieron unos recuerdos<br \/>\ndonados por el nuevo club de ajedrez Universitario de Alcal\u00e1 de Henares<\/p>\n<\/td>\n<\/tr>\n<\/tbody>\n<\/table>\n<table cellpadding=\"0\" cellspacing=\"0\" class=\"tr-caption-container\" style=\"float: right;margin-left: 1em;text-align: right\">\n<tbody>\n<tr>\n<td style=\"text-align: center\"><a href=\"https:\/\/www.bfv.cloud\/ajedrezeuropa\/wp-content\/uploads\/2014\/11\/SAM_1208.jpg\" style=\"clear: right;margin-bottom: 1em;margin-left: auto;margin-right: auto\"><img decoding=\"async\" border=\"0\" src=\"https:\/\/www.bfv.cloud\/ajedrezeuropa\/wp-content\/uploads\/2014\/11\/SAM_1208.jpg\" height=\"300\" width=\"400\" \/><\/a><\/td>\n<\/tr>\n<tr>\n<td class=\"tr-caption\" style=\"text-align: center\">Alfredo Amador, campe\u00f3n local absoluto con 11 a\u00f1os de edad<\/td>\n<\/tr>\n<\/tbody>\n<\/table>\n<table align=\"center\" cellpadding=\"0\" cellspacing=\"0\" class=\"tr-caption-container\" style=\"float: left;margin-right: 1em;text-align: left\">\n<tbody>\n<tr>\n<td style=\"text-align: center\"><a href=\"https:\/\/www.bfv.cloud\/ajedrezeuropa\/wp-content\/uploads\/2014\/11\/SAM_1187.jpg\" style=\"margin-left: auto;margin-right: auto\"><img loading=\"lazy\" decoding=\"async\" border=\"0\" src=\"https:\/\/www.bfv.cloud\/ajedrezeuropa\/wp-content\/uploads\/2014\/11\/SAM_1187.jpg\" height=\"240\" width=\"320\" \/><\/a><\/td>\n<\/tr>\n<tr>\n<td class=\"tr-caption\" style=\"text-align: center\">La mesa de trofeos y premios<\/td>\n<\/tr>\n<\/tbody>\n<\/table>\n<p>&nbsp;<span style=\"font-family: Helvetica Neue, Arial, Helvetica, sans-serif\">El s\u00e1bado pasado se celebraba la 13\u00aa edici\u00f3n del \u00abTORNEO DEL ACEITE\u00bb de Mora, con la organizaci\u00f3n del PDM y de su club de ajedrez. Como siempre ha sido fundamental el apoyo de las cooperativas y de las almazaras de la localidad para aportar los premios en aceite que han recibido los ganadores de las distintas categor\u00edas.A pesar del cambio en las fechas habituales de celebraci\u00f3n, todo el \u00e1nimo y voluntad puesto por los miembros del CLUB DE AJEDREZ DE MORA en su organizaci\u00f3n ha obtenido un resultado m\u00e1s que notable al contar con 63 participantes, 20 de ellos con valoraci\u00f3n internacional y un maestro FIDE.<\/span><\/p>\n<div>\n<span style=\"font-family: Helvetica Neue, Arial, Helvetica, sans-serif\">Aqu\u00ed os dejamos unas fotos y la clasificaci\u00f3n final del torneo.&nbsp;<\/span><\/div>\n<p>&nbsp;<\/p>\n<div>\n<a href=\"https:\/\/www.bfv.cloud\/ajedrezeuropa\/wp-content\/uploads\/2014\/11\/image-1.jpg\" style=\"clear: right;margin-bottom: 1em;margin-left: 1em;text-align: center\"><img loading=\"lazy\" decoding=\"async\" border=\"0\" src=\"https:\/\/www.bfv.cloud\/ajedrezeuropa\/wp-content\/uploads\/2014\/11\/image-1.jpg\" height=\"433\" width=\"640\" \/><\/a><\/p>\n<div class=\"separator\" style=\"clear: both;text-align: center\">\n<img loading=\"lazy\" decoding=\"async\" border=\"0\" src=\"https:\/\/www.bfv.cloud\/ajedrezeuropa\/wp-content\/uploads\/2014\/11\/image-2.jpg\" height=\"356\" width=\"640\" \/><\/div>\n<p><\/div>\n","protected":false},"excerpt":{"rendered":"<p>Una panor\u00e1mica de la sala de juego&nbsp; Alonso L\u00f3pez y Agust\u00edn Zamora recibieron unos recuerdos donados por el nuevo club de ajedrez Universitario de Alcal\u00e1 de Henares Alfredo Amador, campe\u00f3n local absoluto con 11 a\u00f1os de edad La mesa de trofeos y premios &nbsp;El s\u00e1bado pasado se celebraba la 13\u00aa edici\u00f3n del \u00abTORNEO DEL ACEITE\u00bb [&hellip;]<\/p>\n","protected":false},"author":1,"featured_media":1734,"comment_status":"open","ping_status":"closed","sticky":false,"template":"","format":"standard","meta":{"footnotes":""},"categories":[1],"tags":[],"class_list":["post-1733","post","type-post","status-publish","format-standard","has-post-thumbnail","hentry","category-noticias"],"_links":{"self":[{"href":"https:\/\/www.bfv.cloud\/ajedrezeuropa\/wp-json\/wp\/v2\/posts\/1733","targetHints":{"allow":["GET"]}}],"collection":[{"href":"https:\/\/www.bfv.cloud\/ajedrezeuropa\/wp-json\/wp\/v2\/posts"}],"about":[{"href":"https:\/\/www.bfv.cloud\/ajedrezeuropa\/wp-json\/wp\/v2\/types\/post"}],"author":[{"embeddable":true,"href":"https:\/\/www.bfv.cloud\/ajedrezeuropa\/wp-json\/wp\/v2\/users\/1"}],"replies":[{"embeddable":true,"href":"https:\/\/www.bfv.cloud\/ajedrezeuropa\/wp-json\/wp\/v2\/comments?post=1733"}],"version-history":[{"count":1,"href":"https:\/\/www.bfv.cloud\/ajedrezeuropa\/wp-json\/wp\/v2\/posts\/1733\/revisions"}],"predecessor-version":[{"id":1740,"href":"https:\/\/www.bfv.cloud\/ajedrezeuropa\/wp-json\/wp\/v2\/posts\/1733\/revisions\/1740"}],"wp:featuredmedia":[{"embeddable":true,"href":"https:\/\/www.bfv.cloud\/ajedrezeuropa\/wp-json\/wp\/v2\/media\/1734"}],"wp:attachment":[{"href":"https:\/\/www.bfv.cloud\/ajedrezeuropa\/wp-json\/wp\/v2\/media?parent=1733"}],"wp:term":[{"taxonomy":"category","embeddable":true,"href":"https:\/\/www.bfv.cloud\/ajedrezeuropa\/wp-json\/wp\/v2\/categories?post=1733"},{"taxonomy":"post_tag","embeddable":true,"href":"https:\/\/www.bfv.cloud\/ajedrezeuropa\/wp-json\/wp\/v2\/tags?post=1733"}],"curies":[{"name":"wp","href":"https:\/\/api.w.org\/{rel}","templated":true}]}}