{"id":1741,"date":"2019-07-31T08:38:00","date_gmt":"2019-07-31T08:38:00","guid":{"rendered":"https:\/\/www.bfv.cloud\/ajedrezeuropa\/index.php\/2019\/07\/31\/nuestro-campus-es-noticia-en-manchamedia\/"},"modified":"2025-11-20T10:37:37","modified_gmt":"2025-11-20T10:37:37","slug":"nuestro-campus-es-noticia-en-manchamedia","status":"publish","type":"post","link":"https:\/\/www.bfv.cloud\/ajedrezeuropa\/nuestro-campus-es-noticia-en-manchamedia\/","title":{"rendered":"NUESTRO CAMPUS ES NOTICIA EN MANCHAMEDIA"},"content":{"rendered":"<p><iframe allowfullscreen=\"\" frameborder=\"0\" height=\"270\" src=\"https:\/\/www.youtube.com\/embed\/nPOKzvQJ1IE\" width=\"480\"><\/iframe><\/p>\n<div style=\"text-align: left\">\n<span style=\"font-size: large\"><b>Aqu\u00ed ten\u00e9is el v\u00eddeo que ha editado ManchaMedia sobre la 12\u00aa edici\u00f3n de nuestro campus de ajedrez inaugurado el lunes pasado en el CIJ Covadonga de Alc\u00e1zar de San Juan por la alcaldesa de la localidad, Rosa Melchor, y por el alcalde de Villafranca de los Caballeros, Juli\u00e1n Bola\u00f1os.<\/b><\/span><\/div>\n<div style=\"text-align: left\">\n<span style=\"font-size: large\"><b>Gracias a participantes, familias y representantes de las instituciones que colaboran con el proyecto Nuestro Ajedrez en Europa por acompa\u00f1arnos en estos 12 a\u00f1os de andadura.<\/b><\/span><\/div>\n","protected":false},"excerpt":{"rendered":"<p>Aqu\u00ed ten\u00e9is el v\u00eddeo que ha editado ManchaMedia sobre la 12\u00aa edici\u00f3n de nuestro campus de ajedrez inaugurado el lunes pasado en el CIJ Covadonga de Alc\u00e1zar de San Juan por la alcaldesa de la localidad, Rosa Melchor, y por el alcalde de Villafranca de los Caballeros, Juli\u00e1n Bola\u00f1os. Gracias a participantes, familias y representantes [&hellip;]<\/p>\n","protected":false},"author":1,"featured_media":0,"comment_status":"open","ping_status":"closed","sticky":false,"template":"","format":"standard","meta":{"footnotes":""},"categories":[1],"tags":[],"class_list":["post-1741","post","type-post","status-publish","format-standard","hentry","category-noticias"],"_links":{"self":[{"href":"https:\/\/www.bfv.cloud\/ajedrezeuropa\/wp-json\/wp\/v2\/posts\/1741","targetHints":{"allow":["GET"]}}],"collection":[{"href":"https:\/\/www.bfv.cloud\/ajedrezeuropa\/wp-json\/wp\/v2\/posts"}],"about":[{"href":"https:\/\/www.bfv.cloud\/ajedrezeuropa\/wp-json\/wp\/v2\/types\/post"}],"author":[{"embeddable":true,"href":"https:\/\/www.bfv.cloud\/ajedrezeuropa\/wp-json\/wp\/v2\/users\/1"}],"replies":[{"embeddable":true,"href":"https:\/\/www.bfv.cloud\/ajedrezeuropa\/wp-json\/wp\/v2\/comments?post=1741"}],"version-history":[{"count":1,"href":"https:\/\/www.bfv.cloud\/ajedrezeuropa\/wp-json\/wp\/v2\/posts\/1741\/revisions"}],"predecessor-version":[{"id":1742,"href":"https:\/\/www.bfv.cloud\/ajedrezeuropa\/wp-json\/wp\/v2\/posts\/1741\/revisions\/1742"}],"wp:attachment":[{"href":"https:\/\/www.bfv.cloud\/ajedrezeuropa\/wp-json\/wp\/v2\/media?parent=1741"}],"wp:term":[{"taxonomy":"category","embeddable":true,"href":"https:\/\/www.bfv.cloud\/ajedrezeuropa\/wp-json\/wp\/v2\/categories?post=1741"},{"taxonomy":"post_tag","embeddable":true,"href":"https:\/\/www.bfv.cloud\/ajedrezeuropa\/wp-json\/wp\/v2\/tags?post=1741"}],"curies":[{"name":"wp","href":"https:\/\/api.w.org\/{rel}","templated":true}]}}