{"id":1743,"date":"2011-11-24T17:01:00","date_gmt":"2011-11-24T17:01:00","guid":{"rendered":"https:\/\/www.bfv.cloud\/ajedrezeuropa\/index.php\/2011\/11\/24\/este-sabado-26-de-noviembre-el-canal-de-tv-manchacentro-grabara-un-nuevo-reportaje-sobre-nuestra-escuela-de-alcazar\/"},"modified":"2025-11-20T10:37:37","modified_gmt":"2025-11-20T10:37:37","slug":"este-sabado-26-de-noviembre-el-canal-de-tv-manchacentro-grabara-un-nuevo-reportaje-sobre-nuestra-escuela-de-alcazar","status":"publish","type":"post","link":"https:\/\/www.bfv.cloud\/ajedrezeuropa\/este-sabado-26-de-noviembre-el-canal-de-tv-manchacentro-grabara-un-nuevo-reportaje-sobre-nuestra-escuela-de-alcazar\/","title":{"rendered":"ESTE S\u00c1BADO 26 DE NOVIEMBRE EL CANAL DE TV MANCHACENTRO GRABAR\u00c1 UN NUEVO REPORTAJE SOBRE NUESTRA ESCUELA DE ALC\u00c1ZAR"},"content":{"rendered":"<div class=\"separator\" style=\"clear: both;text-align: center\"><a href=\"https:\/\/www.bfv.cloud\/ajedrezeuropa\/wp-content\/uploads\/2011\/11\/manchacentro_tv.jpg\" style=\"clear: left;float: left;margin-bottom: 1em;margin-right: 1em\"><img decoding=\"async\" border=\"0\" height=\"186px\" src=\"https:\/\/blogger.googleusercontent.com\/img\/b\/R29vZ2xl\/AVvXsEhX_b2viQSFy3Hxtsf3yI3dGtpT9zIt2fkhm4WP1SKxIsu5thUy-O1wFNpjmeGL9YSOQdIdJx69qyXxVLwWXqkw1B9Z5hvq62Nd3AiKTOh4D0jxxlKu9NvBPaazJUJ9b3oVRvYNEB_RiaI\/s200\/manchacentro_tv.jpg\" width=\"200px\" \/><\/a><\/div>\n<p><strong><span style=\", sans-serif\">A las 12 de la ma\u00f1ana de este s\u00e1bado 26 de noviembre, el programa deportivo \u00abPista a Pista\u00bb de MANCHACENTRO TV grabar\u00e1 un nuevo reportaje dedicado a nuestro proyecto. En esta ocasi\u00f3n ser\u00e1 protagonista la Escuela Deportiva Municipal de Alc\u00e1zar de San Juan que, en su d\u00e9cima temporada de existencia, ha alcanzado su mayor n\u00famero de alumnos con 30 chicos y chicas de edades comprendidas entre los 5 y los 17 a\u00f1os.<\/span><\/strong><br \/>\n<strong><span style=\", sans-serif\">Adem\u00e1s,&nbsp;nuestra escuela alcazare\u00f1a, ha conseguido situarse entre las m\u00e1s destacadas de nuestra regi\u00f3n, no s\u00f3lo por n\u00famero de ajedrecistas&nbsp;sino tambi\u00e9n por su calidad,&nbsp;aportando en estos momentos a 4&nbsp;de los integrantes de los 2 equipos que representar\u00e1n a nuestro proyecto en el IV CAMPEONATO DE ESPA\u00d1A POR EQUIPOS DE CLUB SUB-16. Tambi\u00e9n&nbsp;queremos informar&nbsp;de que la presencia de nuestros 2 clubes&nbsp;en esta importante competici\u00f3n nacional por 2\u00ba a\u00f1o consecutivo, ha provocado el inter\u00e9s del propio canal MANCHACENTRO TV y del peri\u00f3dico \u00abEL SEMANAL DE LA MANCHA\u00bb,&nbsp;encontr\u00e1ndose ambos con los preparativos para cubrir la informaci\u00f3n desde&nbsp;la propia sede del campeonato, el&nbsp;Hotel Bali de Benidorm. <\/span><\/strong><br \/>\n<strong><span style=\", sans-serif\">Queremos transmitir nuestro agradecimiento a estos periodistas y a los medios de comunicaci\u00f3n a los que representan por interesarse por el mundo del ajedrez, realizando una labor de divulgaci\u00f3n y difusi\u00f3n impagable para nuestro deporte.<\/span><\/strong><\/p>\n","protected":false},"excerpt":{"rendered":"<p>A las 12 de la ma\u00f1ana de este s\u00e1bado 26 de noviembre, el programa deportivo \u00abPista a Pista\u00bb de MANCHACENTRO TV grabar\u00e1 un nuevo reportaje dedicado a nuestro proyecto. En esta ocasi\u00f3n ser\u00e1 protagonista la Escuela Deportiva Municipal de Alc\u00e1zar de San Juan que, en su d\u00e9cima temporada de existencia, ha alcanzado su mayor n\u00famero [&hellip;]<\/p>\n","protected":false},"author":1,"featured_media":1744,"comment_status":"open","ping_status":"closed","sticky":false,"template":"","format":"standard","meta":{"footnotes":""},"categories":[1],"tags":[],"class_list":["post-1743","post","type-post","status-publish","format-standard","has-post-thumbnail","hentry","category-noticias"],"_links":{"self":[{"href":"https:\/\/www.bfv.cloud\/ajedrezeuropa\/wp-json\/wp\/v2\/posts\/1743","targetHints":{"allow":["GET"]}}],"collection":[{"href":"https:\/\/www.bfv.cloud\/ajedrezeuropa\/wp-json\/wp\/v2\/posts"}],"about":[{"href":"https:\/\/www.bfv.cloud\/ajedrezeuropa\/wp-json\/wp\/v2\/types\/post"}],"author":[{"embeddable":true,"href":"https:\/\/www.bfv.cloud\/ajedrezeuropa\/wp-json\/wp\/v2\/users\/1"}],"replies":[{"embeddable":true,"href":"https:\/\/www.bfv.cloud\/ajedrezeuropa\/wp-json\/wp\/v2\/comments?post=1743"}],"version-history":[{"count":1,"href":"https:\/\/www.bfv.cloud\/ajedrezeuropa\/wp-json\/wp\/v2\/posts\/1743\/revisions"}],"predecessor-version":[{"id":1745,"href":"https:\/\/www.bfv.cloud\/ajedrezeuropa\/wp-json\/wp\/v2\/posts\/1743\/revisions\/1745"}],"wp:featuredmedia":[{"embeddable":true,"href":"https:\/\/www.bfv.cloud\/ajedrezeuropa\/wp-json\/wp\/v2\/media\/1744"}],"wp:attachment":[{"href":"https:\/\/www.bfv.cloud\/ajedrezeuropa\/wp-json\/wp\/v2\/media?parent=1743"}],"wp:term":[{"taxonomy":"category","embeddable":true,"href":"https:\/\/www.bfv.cloud\/ajedrezeuropa\/wp-json\/wp\/v2\/categories?post=1743"},{"taxonomy":"post_tag","embeddable":true,"href":"https:\/\/www.bfv.cloud\/ajedrezeuropa\/wp-json\/wp\/v2\/tags?post=1743"}],"curies":[{"name":"wp","href":"https:\/\/api.w.org\/{rel}","templated":true}]}}