{"id":1746,"date":"2017-07-16T18:48:00","date_gmt":"2017-07-16T18:48:00","guid":{"rendered":"https:\/\/www.bfv.cloud\/ajedrezeuropa\/index.php\/2017\/07\/16\/alonso-lopez-finaliza-37o-en-su-primer-campeonato-de-espana-sub-12\/"},"modified":"2025-11-20T10:37:40","modified_gmt":"2025-11-20T10:37:40","slug":"alonso-lopez-finaliza-37o-en-su-primer-campeonato-de-espana-sub-12","status":"publish","type":"post","link":"https:\/\/www.bfv.cloud\/ajedrezeuropa\/alonso-lopez-finaliza-37o-en-su-primer-campeonato-de-espana-sub-12\/","title":{"rendered":"ALONSO L\u00d3PEZ FINALIZA 37\u00ba EN SU PRIMER CAMPEONATO DE ESPA\u00d1A SUB-12"},"content":{"rendered":"<table cellpadding=\"0\" cellspacing=\"0\" class=\"tr-caption-container\" style=\"float: left;margin-right: 1em;text-align: left\">\n<tbody>\n<tr>\n<td style=\"text-align: center\"><a href=\"https:\/\/www.bfv.cloud\/ajedrezeuropa\/wp-content\/uploads\/2017\/07\/IMG-20170714-WA000.jpg\" style=\"clear: left;margin-bottom: 1em;margin-left: auto;margin-right: auto\"><img fetchpriority=\"high\" decoding=\"async\" border=\"0\" data-original-height=\"931\" data-original-width=\"1156\" height=\"321\" src=\"https:\/\/blogger.googleusercontent.com\/img\/b\/R29vZ2xl\/AVvXsEjOn1V4GEUui0_u-7utxDQUETcU-4uedUFBM9K6cYhHE5dZedfOYiLhN1w1aQtELBTooiiT2JsrQS8BWZi4SulCpjFaXeLSGPWVxhlMfRW13tjrAIh2PQg0xu_YkQz8qV_oEdx1j7McRCY\/s400\/IMG-20170714-WA000.jpg\" width=\"400\" \/><\/a><\/td>\n<\/tr>\n<tr>\n<td class=\"tr-caption\" style=\"text-align: center\">Alonso al comienzo de la ronda 7<\/td>\n<\/tr>\n<\/tbody>\n<\/table>\n<p><span style=\"font-family: Arial, Helvetica, sans-serif;font-size: large\">Hoy ha finalizado en Salobre\u00f1a el Campeonato de Espa\u00f1a sub-12 que ha contado con la participaci\u00f3n de 165 j\u00f3venes ajedrecistas.<\/span><br \/>\n<span style=\"font-family: Arial, Helvetica, sans-serif;font-size: large\">Alonso L\u00f3pez N\u00fa\u00f1ez ha sumado 5,5 puntos en un total de 9 rondas, lo que le ha permitido ocupar la posici\u00f3n 37 en la clasificaci\u00f3n final. Esta ha sido la primera ocasi\u00f3n en la que disputaba el nacional sub-12, aunque cuente con 10 a\u00f1os todav\u00eda. En el ranking inicial part\u00eda del puesto 49, manteni\u00e9ndose por delante de ese tablero en todas las rondas disputadas. Alonso ha completado un gran torneo, mejorando en aquellas facetas del ajedrez que son m\u00e1s importantes para este proyecto. La evoluci\u00f3n positiva en juego y actitud es lo que pedimos a todos los j\u00f3venes ajedrecistas que se forman en las escuelas de Nuestro Ajedrez en Europa. Profundizar y mejorar en el an\u00e1lisis de las posiciones y en la comprensi\u00f3n estrat\u00e9gica del juego es un reto en la evoluci\u00f3n de nuestr@s alumn@s.&nbsp;<\/span><span style=\"font-family: Arial, Helvetica, sans-serif;font-size: large\">La intensidad con la que estos chicos y chicas viven un campeonato de Espa\u00f1a es enorme y los objetivos superan lo estrictamente competitivo.<\/span><\/p>\n<table align=\"center\" cellpadding=\"0\" cellspacing=\"0\" class=\"tr-caption-container\" style=\"margin-left: auto;margin-right: auto;text-align: center\">\n<tbody>\n<tr>\n<td style=\"text-align: center\"><a href=\"https:\/\/www.bfv.cloud\/ajedrezeuropa\/wp-content\/uploads\/2017\/07\/IMG-20170714-WA003.jpg\" style=\"margin-left: auto;margin-right: auto\"><img decoding=\"async\" border=\"0\" data-original-height=\"1200\" data-original-width=\"1600\" height=\"480\" src=\"https:\/\/blogger.googleusercontent.com\/img\/b\/R29vZ2xl\/AVvXsEggwDRzfuOdU3ocjR15nK9rNibcGQfWdY8z72SjBG6HPFqRoDlvynG0qjwqVXLdYXPbYKWfq0wqlx0mpCh2H_0TdqGH3vtXtbnippMVyv41_fzO5QBh53bSBgh2YruAX9th_cFz4fYPZPc\/s640\/IMG-20170714-WA003.jpg\" width=\"640\" \/><\/a><\/td>\n<\/tr>\n<tr>\n<td class=\"tr-caption\" style=\"text-align: center\">Santiago de Compostela organizar\u00e1 en 2018 los mundiales de las categor\u00edas sub-8 a sub-12<\/td>\n<\/tr>\n<\/tbody>\n<\/table>\n<p><span style=\"font-family: Arial, Helvetica, sans-serif;font-size: large\">A un a\u00f1o vista se plantea la posibilidad de alcanzar uno de esos objetivos so\u00f1ados para cualquier aficionad@ al deporte.&nbsp;<\/span><span style=\"font-family: Arial, Helvetica, sans-serif;font-size: large\">En noviembre de 2018, la capital de Galicia, Santiago de Compostela, ser\u00e1 la sede de los campeonatos del mundo por edades en las categor\u00edas sub-8, sub-10 y sub-12.&nbsp;<\/span><span style=\"font-family: Arial, Helvetica, sans-serif;font-size: large\">Seguro que para algunos de los chicos y chicas de las escuelas de ajedrez de Alc\u00e1zar y Villafranca de entre 7 y 11 a\u00f1os hablarles de jugar un Campeonato del Mundo es un sue\u00f1o que, en tan solo un a\u00f1o y 3 meses, puede hacerse realidad.&nbsp;<\/span><\/p>\n","protected":false},"excerpt":{"rendered":"<p>Alonso al comienzo de la ronda 7 Hoy ha finalizado en Salobre\u00f1a el Campeonato de Espa\u00f1a sub-12 que ha contado con la participaci\u00f3n de 165 j\u00f3venes ajedrecistas. Alonso L\u00f3pez N\u00fa\u00f1ez ha sumado 5,5 puntos en un total de 9 rondas, lo que le ha permitido ocupar la posici\u00f3n 37 en la clasificaci\u00f3n final. Esta ha [&hellip;]<\/p>\n","protected":false},"author":1,"featured_media":1747,"comment_status":"open","ping_status":"closed","sticky":false,"template":"","format":"standard","meta":{"footnotes":""},"categories":[1],"tags":[],"class_list":["post-1746","post","type-post","status-publish","format-standard","has-post-thumbnail","hentry","category-noticias"],"_links":{"self":[{"href":"https:\/\/www.bfv.cloud\/ajedrezeuropa\/wp-json\/wp\/v2\/posts\/1746","targetHints":{"allow":["GET"]}}],"collection":[{"href":"https:\/\/www.bfv.cloud\/ajedrezeuropa\/wp-json\/wp\/v2\/posts"}],"about":[{"href":"https:\/\/www.bfv.cloud\/ajedrezeuropa\/wp-json\/wp\/v2\/types\/post"}],"author":[{"embeddable":true,"href":"https:\/\/www.bfv.cloud\/ajedrezeuropa\/wp-json\/wp\/v2\/users\/1"}],"replies":[{"embeddable":true,"href":"https:\/\/www.bfv.cloud\/ajedrezeuropa\/wp-json\/wp\/v2\/comments?post=1746"}],"version-history":[{"count":1,"href":"https:\/\/www.bfv.cloud\/ajedrezeuropa\/wp-json\/wp\/v2\/posts\/1746\/revisions"}],"predecessor-version":[{"id":1749,"href":"https:\/\/www.bfv.cloud\/ajedrezeuropa\/wp-json\/wp\/v2\/posts\/1746\/revisions\/1749"}],"wp:featuredmedia":[{"embeddable":true,"href":"https:\/\/www.bfv.cloud\/ajedrezeuropa\/wp-json\/wp\/v2\/media\/1747"}],"wp:attachment":[{"href":"https:\/\/www.bfv.cloud\/ajedrezeuropa\/wp-json\/wp\/v2\/media?parent=1746"}],"wp:term":[{"taxonomy":"category","embeddable":true,"href":"https:\/\/www.bfv.cloud\/ajedrezeuropa\/wp-json\/wp\/v2\/categories?post=1746"},{"taxonomy":"post_tag","embeddable":true,"href":"https:\/\/www.bfv.cloud\/ajedrezeuropa\/wp-json\/wp\/v2\/tags?post=1746"}],"curies":[{"name":"wp","href":"https:\/\/api.w.org\/{rel}","templated":true}]}}