{"id":1752,"date":"2009-12-21T22:27:00","date_gmt":"2009-12-21T22:27:00","guid":{"rendered":"https:\/\/www.bfv.cloud\/ajedrezeuropa\/index.php\/2009\/12\/21\/1752\/"},"modified":"2025-11-20T10:37:42","modified_gmt":"2025-11-20T10:37:42","slug":"1752","status":"publish","type":"post","link":"https:\/\/www.bfv.cloud\/ajedrezeuropa\/1752\/","title":{"rendered":""},"content":{"rendered":"<p>Nuestro equipo de 1\u00aa Divisi\u00f3n se impuso claramente a los clubes de Toledo, Bargas y Sonseca, entre otros, distanciando al tercer clasificado en 2,5 puntos.<a href=\"https:\/\/blogger.googleusercontent.com\/img\/b\/R29vZ2xl\/AVvXsEicK4rEzX6dIXhCVsct5DI3FbdGODT-DHjS5OTvL-R19zyN3-3QRFjVzsPNuNqQkjv2yEytQd6nN0lJHPVCn2mhqr4L0YCgZ1sT31MzyWzKjzKNivrl2AB3787HZEwSj8JZO7J8Zfsf9IM\/s1600-h\/CAMP+CLUBES+TOLEDO+2010-2.jpg\"><img decoding=\"async\" id=\"BLOGGER_PHOTO_ID_5417821720935316386\" border=\"0\" alt=\"\" src=\"https:\/\/blogger.googleusercontent.com\/img\/b\/R29vZ2xl\/AVvXsEicK4rEzX6dIXhCVsct5DI3FbdGODT-DHjS5OTvL-R19zyN3-3QRFjVzsPNuNqQkjv2yEytQd6nN0lJHPVCn2mhqr4L0YCgZ1sT31MzyWzKjzKNivrl2AB3787HZEwSj8JZO7J8Zfsf9IM\/s400\/CAMP+CLUBES+TOLEDO+2010-2.jpg\" \/><\/a><\/p>\n<p><\/p>\n<div align=\"center\"><span style=\"font-family:georgia;font-size:130%;color:#000099\"><strong>Por otro lado, el pr\u00f3ximo s\u00e1bado, 26 de diciembre comenzar\u00e1 la II CONCENTRACI\u00d3N DE NAVIDAD, enmarcada dentro de las actividades realizadas por el proyecto \u00abNUESTRO AJEDREZ EN EUROPA\u00bb, celebr\u00e1ndose la sexta edici\u00f3n del trofeo \u00abAjedrez por la Igualdad\u00bb. Durante los dos d\u00edas siguientes, domingo 27 y lunes 28, los cerca de 50 chicos y chicas de las escuelas de ajedrez de Alc\u00e1zar y Villafranca asistir\u00e1n a las clases impartidas por los entrenadores: Herminio Herr\u00e1iz, gran maestro,<\/strong><\/span><\/div>\n<div align=\"center\"><strong><span style=\"font-size:130%;color:#000099\">Ana Isabel Gonz\u00e1lez, subcampeona de Espa\u00f1a,<\/span><\/strong><\/div>\n<div align=\"center\"><strong><span style=\"font-size:130%;color:#000099\">F\u00e9lix Toribio, \u00e1rbitro y monitor nacional,<\/span><\/strong><\/div>\n<div align=\"center\"><strong><span style=\"font-size:130%;color:#000099\">y nuestro joven capit\u00e1n del equipo subcamp\u00e9on de Toledo, Luis Miguel Monreal.<\/span><\/strong><\/div>\n<div align=\"center\"><strong><span style=\"font-size:130%;color:#000099\">\u00a1Animamos a todos los aficionados al ajedrez de nuestra comarca a su participaci\u00f3n en el torneo del s\u00e1bado!<\/span><\/strong><\/div>\n","protected":false},"excerpt":{"rendered":"<p>Nuestro equipo de 1\u00aa Divisi\u00f3n se impuso claramente a los clubes de Toledo, Bargas y Sonseca, entre otros, distanciando al tercer clasificado en 2,5 puntos. Por otro lado, el pr\u00f3ximo s\u00e1bado, 26 de diciembre comenzar\u00e1 la II CONCENTRACI\u00d3N DE NAVIDAD, enmarcada dentro de las actividades realizadas por el proyecto \u00abNUESTRO AJEDREZ EN EUROPA\u00bb, celebr\u00e1ndose la [&hellip;]<\/p>\n","protected":false},"author":1,"featured_media":0,"comment_status":"open","ping_status":"closed","sticky":false,"template":"","format":"standard","meta":{"footnotes":""},"categories":[16],"tags":[],"class_list":["post-1752","post","type-post","status-publish","format-standard","hentry","category-un-momento-de-la-novena-y-ultima-ronda"],"_links":{"self":[{"href":"https:\/\/www.bfv.cloud\/ajedrezeuropa\/wp-json\/wp\/v2\/posts\/1752","targetHints":{"allow":["GET"]}}],"collection":[{"href":"https:\/\/www.bfv.cloud\/ajedrezeuropa\/wp-json\/wp\/v2\/posts"}],"about":[{"href":"https:\/\/www.bfv.cloud\/ajedrezeuropa\/wp-json\/wp\/v2\/types\/post"}],"author":[{"embeddable":true,"href":"https:\/\/www.bfv.cloud\/ajedrezeuropa\/wp-json\/wp\/v2\/users\/1"}],"replies":[{"embeddable":true,"href":"https:\/\/www.bfv.cloud\/ajedrezeuropa\/wp-json\/wp\/v2\/comments?post=1752"}],"version-history":[{"count":1,"href":"https:\/\/www.bfv.cloud\/ajedrezeuropa\/wp-json\/wp\/v2\/posts\/1752\/revisions"}],"predecessor-version":[{"id":1753,"href":"https:\/\/www.bfv.cloud\/ajedrezeuropa\/wp-json\/wp\/v2\/posts\/1752\/revisions\/1753"}],"wp:attachment":[{"href":"https:\/\/www.bfv.cloud\/ajedrezeuropa\/wp-json\/wp\/v2\/media?parent=1752"}],"wp:term":[{"taxonomy":"category","embeddable":true,"href":"https:\/\/www.bfv.cloud\/ajedrezeuropa\/wp-json\/wp\/v2\/categories?post=1752"},{"taxonomy":"post_tag","embeddable":true,"href":"https:\/\/www.bfv.cloud\/ajedrezeuropa\/wp-json\/wp\/v2\/tags?post=1752"}],"curies":[{"name":"wp","href":"https:\/\/api.w.org\/{rel}","templated":true}]}}