{"id":1754,"date":"2013-07-13T18:34:00","date_gmt":"2013-07-13T18:34:00","guid":{"rendered":"https:\/\/www.bfv.cloud\/ajedrezeuropa\/index.php\/2013\/07\/13\/isabel-marcos-alberca-concluye-su-primer-campeonato-de-espana\/"},"modified":"2025-11-20T10:37:43","modified_gmt":"2025-11-20T10:37:43","slug":"isabel-marcos-alberca-concluye-su-primer-campeonato-de-espana","status":"publish","type":"post","link":"https:\/\/www.bfv.cloud\/ajedrezeuropa\/isabel-marcos-alberca-concluye-su-primer-campeonato-de-espana\/","title":{"rendered":"ISABEL MARCOS-ALBERCA CONCLUYE SU PRIMER CAMPEONATO DE ESPA\u00d1A"},"content":{"rendered":"<table cellpadding=\"0\" cellspacing=\"0\" class=\"tr-caption-container\" style=\"float: left;margin-right: 1em;text-align: left\">\n<tbody>\n<tr>\n<td style=\"text-align: center\"><a href=\"https:\/\/www.bfv.cloud\/ajedrezeuropa\/wp-content\/uploads\/2013\/07\/FOTOISABELENSALOBREC391A.jpg\" style=\"clear: left;margin-bottom: 1em;margin-left: auto;margin-right: auto\"><img fetchpriority=\"high\" decoding=\"async\" border=\"0\" height=\"400\" src=\"https:\/\/blogger.googleusercontent.com\/img\/b\/R29vZ2xl\/AVvXsEg5luuI22qgU15noXGlnbtVJgYr8BrYgMDV8nc_qRmIfUzoLWERKR-sw77aqK9nqo7VPqJroJ-BkYrfNvUiy38iHQGs5ss5afaGi1FBDMytS10evc_88rDIECi9U-LarjLORAr6dv4W4mo\/s400\/FOTO+ISABEL+EN+SALOBRE%C3%91A.jpg\" width=\"242\" \/><\/a><\/td>\n<\/tr>\n<tr>\n<td class=\"tr-caption\" style=\"text-align: center\">Isabel jugando una de sus partidas<br \/>en Salobre\u00f1a. (Imagen: FEDA)<\/td>\n<\/tr>\n<\/tbody>\n<\/table>\n<p><span style=\"font-family: Verdana, sans-serif\">Durante los \u00faltimos seis d\u00edas se ha celebrado en Salobre\u00f1a el Campeonato de Espa\u00f1a sub-12 con un total de 9 rondas disputadas. M\u00aa Isabel Marcos-Alberca Lizcano, en su primer a\u00f1o dentro de la categor\u00eda, ha sumado 2,5 puntos tras enfrentarse con 6 jugadores valorados con elo internacional y 3 partidas m\u00e1s con no rateados. Sus intervenciones en varios campeonatos oficiales en este 2013, le proporcionar\u00e1n la entrada en las listas de elo de la FIDE y de la FEDA a partir del pr\u00f3ximo 1 de agosto.Con ello, se convertir\u00e1 en la m\u00e1s joven de todos nuestros ajedrecistas incluidos en estas listas al tener tan solo 11 a\u00f1os de edad. Estamos convencidos que esta jovenc\u00edsima generaci\u00f3n de chicos y chicas de nuestras escuelas menores de 12 a\u00f1os, seguir\u00e1n form\u00e1ndose y mejorando en sus capacidades mentales y ajedrec\u00edsticas, y nada mejor que las competiciones nacionales para favorecerlo.<\/span><\/p>\n","protected":false},"excerpt":{"rendered":"<p>Isabel jugando una de sus partidasen Salobre\u00f1a. (Imagen: FEDA) Durante los \u00faltimos seis d\u00edas se ha celebrado en Salobre\u00f1a el Campeonato de Espa\u00f1a sub-12 con un total de 9 rondas disputadas. M\u00aa Isabel Marcos-Alberca Lizcano, en su primer a\u00f1o dentro de la categor\u00eda, ha sumado 2,5 puntos tras enfrentarse con 6 jugadores valorados con elo [&hellip;]<\/p>\n","protected":false},"author":1,"featured_media":1755,"comment_status":"open","ping_status":"closed","sticky":false,"template":"","format":"standard","meta":{"footnotes":""},"categories":[1],"tags":[],"class_list":["post-1754","post","type-post","status-publish","format-standard","has-post-thumbnail","hentry","category-noticias"],"_links":{"self":[{"href":"https:\/\/www.bfv.cloud\/ajedrezeuropa\/wp-json\/wp\/v2\/posts\/1754","targetHints":{"allow":["GET"]}}],"collection":[{"href":"https:\/\/www.bfv.cloud\/ajedrezeuropa\/wp-json\/wp\/v2\/posts"}],"about":[{"href":"https:\/\/www.bfv.cloud\/ajedrezeuropa\/wp-json\/wp\/v2\/types\/post"}],"author":[{"embeddable":true,"href":"https:\/\/www.bfv.cloud\/ajedrezeuropa\/wp-json\/wp\/v2\/users\/1"}],"replies":[{"embeddable":true,"href":"https:\/\/www.bfv.cloud\/ajedrezeuropa\/wp-json\/wp\/v2\/comments?post=1754"}],"version-history":[{"count":1,"href":"https:\/\/www.bfv.cloud\/ajedrezeuropa\/wp-json\/wp\/v2\/posts\/1754\/revisions"}],"predecessor-version":[{"id":1756,"href":"https:\/\/www.bfv.cloud\/ajedrezeuropa\/wp-json\/wp\/v2\/posts\/1754\/revisions\/1756"}],"wp:featuredmedia":[{"embeddable":true,"href":"https:\/\/www.bfv.cloud\/ajedrezeuropa\/wp-json\/wp\/v2\/media\/1755"}],"wp:attachment":[{"href":"https:\/\/www.bfv.cloud\/ajedrezeuropa\/wp-json\/wp\/v2\/media?parent=1754"}],"wp:term":[{"taxonomy":"category","embeddable":true,"href":"https:\/\/www.bfv.cloud\/ajedrezeuropa\/wp-json\/wp\/v2\/categories?post=1754"},{"taxonomy":"post_tag","embeddable":true,"href":"https:\/\/www.bfv.cloud\/ajedrezeuropa\/wp-json\/wp\/v2\/tags?post=1754"}],"curies":[{"name":"wp","href":"https:\/\/api.w.org\/{rel}","templated":true}]}}