{"id":1760,"date":"2011-08-15T10:42:00","date_gmt":"2011-08-15T10:42:00","guid":{"rendered":"https:\/\/www.bfv.cloud\/ajedrezeuropa\/index.php\/2011\/08\/15\/ix-torneo-feria-de-alcazar-iv-festival-nuestro-ajedrez-en-europa\/"},"modified":"2025-11-20T10:37:46","modified_gmt":"2025-11-20T10:37:46","slug":"ix-torneo-feria-de-alcazar-iv-festival-nuestro-ajedrez-en-europa","status":"publish","type":"post","link":"https:\/\/www.bfv.cloud\/ajedrezeuropa\/ix-torneo-feria-de-alcazar-iv-festival-nuestro-ajedrez-en-europa\/","title":{"rendered":"IX TORNEO FERIA DE ALC\u00c1ZAR &#8211; IV FESTIVAL NUESTRO AJEDREZ EN EUROPA"},"content":{"rendered":"<div class=\"separator\" style=\"clear: both;text-align: center\"><a href=\"https:\/\/www.bfv.cloud\/ajedrezeuropa\/wp-content\/uploads\/2011\/08\/carteldealc25C325A1zar.jpg\" style=\"clear: left;float: left;margin-bottom: 1em;margin-right: 1em\"><img fetchpriority=\"high\" decoding=\"async\" border=\"0\" height=\"640\" src=\"https:\/\/blogger.googleusercontent.com\/img\/b\/R29vZ2xl\/AVvXsEiO0_c4fbk5AHOG7ud2metuZXUws-7NDCP72fX_LYy_RsnyM9cfbD0d6Sz0hSR5Fud3_oSLzQOXt39dw4C2z5lCLOY1Xvgmpqat8jGXBgtguPddYX_fInzP6-9OY1CO0YK_ctg385WcAAk\/s640\/cartel+de+alc%25C3%25A1zar.JPG\" width=\"451\" \/><\/a><strong><span style=\", Arial, Helvetica, sans-serif\">Continuando con el desarrollo de actividades de nuestro proyecto, tenemos el placer de presentar, un a\u00f1o m\u00e1s, el \u00abIV FESTIVAL NUESTRO AJEDREZ EN EUROPA\u00bb, que a su vez supone la 9\u00aa edici\u00f3n del torneo de ferias de Alc\u00e1zar de San Juan. El formato de juego y premios ser\u00e1n id\u00e9nticos&nbsp;a los del a\u00f1o pasado, consolidando un m\u00f3delo \u00fanico en nuestro pa\u00eds que sirve de apoyo a los clubes&nbsp;que desean participar, con sus j\u00f3venes&nbsp;ajedrecistas, en la fase final del Campeonato de Espa\u00f1a por&nbsp;Equipos de Club Sub-16. Es muy importante destacar el esfuerzo econ\u00f3mico que se realiza&nbsp;en este torneo con el prop\u00f3sito de potenciar la experiencia deportiva de&nbsp;los chicos y chicas&nbsp;de hasta 16 a\u00f1os de edad,&nbsp;facilitando parte de la financiaci\u00f3n necesaria para&nbsp;su participaci\u00f3n&nbsp;en el campeonato que se jugar\u00e1 en el Hotel Bali de Benidorm del 4 al 8 de diciembre de 2011.<\/span><\/strong><\/div>\n<div class=\"separator\" style=\"clear: both;text-align: center\"><strong><span style=\", Arial, Helvetica, sans-serif\">Bases del torneo <a href=\"mailto:felixtoribio@terra.es\">aqu\u00ed<\/a><\/span><\/strong><\/div>\n<div class=\"separator\" style=\"clear: both;text-align: center\">\n<\/div>\n<div class=\"separator\" style=\"clear: both;text-align: center\">\n<\/div>\n","protected":false},"excerpt":{"rendered":"<p>Continuando con el desarrollo de actividades de nuestro proyecto, tenemos el placer de presentar, un a\u00f1o m\u00e1s, el \u00abIV FESTIVAL NUESTRO AJEDREZ EN EUROPA\u00bb, que a su vez supone la 9\u00aa edici\u00f3n del torneo de ferias de Alc\u00e1zar de San Juan. El formato de juego y premios ser\u00e1n id\u00e9nticos&nbsp;a los del a\u00f1o pasado, consolidando un [&hellip;]<\/p>\n","protected":false},"author":1,"featured_media":1761,"comment_status":"open","ping_status":"closed","sticky":false,"template":"","format":"standard","meta":{"footnotes":""},"categories":[1],"tags":[],"class_list":["post-1760","post","type-post","status-publish","format-standard","has-post-thumbnail","hentry","category-noticias"],"_links":{"self":[{"href":"https:\/\/www.bfv.cloud\/ajedrezeuropa\/wp-json\/wp\/v2\/posts\/1760","targetHints":{"allow":["GET"]}}],"collection":[{"href":"https:\/\/www.bfv.cloud\/ajedrezeuropa\/wp-json\/wp\/v2\/posts"}],"about":[{"href":"https:\/\/www.bfv.cloud\/ajedrezeuropa\/wp-json\/wp\/v2\/types\/post"}],"author":[{"embeddable":true,"href":"https:\/\/www.bfv.cloud\/ajedrezeuropa\/wp-json\/wp\/v2\/users\/1"}],"replies":[{"embeddable":true,"href":"https:\/\/www.bfv.cloud\/ajedrezeuropa\/wp-json\/wp\/v2\/comments?post=1760"}],"version-history":[{"count":1,"href":"https:\/\/www.bfv.cloud\/ajedrezeuropa\/wp-json\/wp\/v2\/posts\/1760\/revisions"}],"predecessor-version":[{"id":1762,"href":"https:\/\/www.bfv.cloud\/ajedrezeuropa\/wp-json\/wp\/v2\/posts\/1760\/revisions\/1762"}],"wp:featuredmedia":[{"embeddable":true,"href":"https:\/\/www.bfv.cloud\/ajedrezeuropa\/wp-json\/wp\/v2\/media\/1761"}],"wp:attachment":[{"href":"https:\/\/www.bfv.cloud\/ajedrezeuropa\/wp-json\/wp\/v2\/media?parent=1760"}],"wp:term":[{"taxonomy":"category","embeddable":true,"href":"https:\/\/www.bfv.cloud\/ajedrezeuropa\/wp-json\/wp\/v2\/categories?post=1760"},{"taxonomy":"post_tag","embeddable":true,"href":"https:\/\/www.bfv.cloud\/ajedrezeuropa\/wp-json\/wp\/v2\/tags?post=1760"}],"curies":[{"name":"wp","href":"https:\/\/api.w.org\/{rel}","templated":true}]}}