{"id":1763,"date":"2015-02-20T15:22:00","date_gmt":"2015-02-20T15:22:00","guid":{"rendered":"https:\/\/www.bfv.cloud\/ajedrezeuropa\/index.php\/2015\/02\/20\/seccion-en-jaque-radio-villacanas\/"},"modified":"2025-11-20T10:37:47","modified_gmt":"2025-11-20T10:37:47","slug":"seccion-en-jaque-radio-villacanas","status":"publish","type":"post","link":"https:\/\/www.bfv.cloud\/ajedrezeuropa\/seccion-en-jaque-radio-villacanas\/","title":{"rendered":"SECCI\u00d3N \u00bb EN JAQUE\u00bb RADIO VILLACA\u00d1AS"},"content":{"rendered":"<p>La secci\u00f3n \u00abEn jaque\u00bb, ya habitual dentro del programa \u00abDe buena ma\u00f1ana\u00bb de radio Villaca\u00f1as, estuvo dedicada ayer a explicar con m\u00e1s detalle el curso para docentes que comenzar\u00e1 el pr\u00f3ximo 3 de marzo. Conforme a lo hablado con Rosa Aranda, el pr\u00f3ximo jueves ser\u00e1n los alumnos de las escuelas los aut\u00e9nticos protagonistas, y ser\u00e1n ellos los que nos contar\u00e1n de primera mano sus experiencias dentro del mundo del ajedrez y como han vivido ellos el desarrollo de estos campeonatos provinciales . Os pedimos un poco de paciencia al reproducir el archivo de sonido porque al principio hay un peque\u00f1o problema, que luego se resuelve. Volvemos a citarnos el jueves 26 de febrero para &nbsp;hablar de ajedrez con los aut\u00e9nticos protagonistas, los peque\u00f1os pero grandes jugadores de nuestras escuelas.<iframe allowfullscreen=\"\" frameborder=\"0\" height=\"200\" src=\"http:\/\/www.ivoox.com\/player_ej_4110151_4_1.html?c1=ff6600\"><\/iframe><\/p>\n","protected":false},"excerpt":{"rendered":"<p>La secci\u00f3n \u00abEn jaque\u00bb, ya habitual dentro del programa \u00abDe buena ma\u00f1ana\u00bb de radio Villaca\u00f1as, estuvo dedicada ayer a explicar con m\u00e1s detalle el curso para docentes que comenzar\u00e1 el pr\u00f3ximo 3 de marzo. Conforme a lo hablado con Rosa Aranda, el pr\u00f3ximo jueves ser\u00e1n los alumnos de las escuelas los aut\u00e9nticos protagonistas, y ser\u00e1n [&hellip;]<\/p>\n","protected":false},"author":1,"featured_media":0,"comment_status":"open","ping_status":"closed","sticky":false,"template":"","format":"standard","meta":{"footnotes":""},"categories":[1],"tags":[],"class_list":["post-1763","post","type-post","status-publish","format-standard","hentry","category-noticias"],"_links":{"self":[{"href":"https:\/\/www.bfv.cloud\/ajedrezeuropa\/wp-json\/wp\/v2\/posts\/1763","targetHints":{"allow":["GET"]}}],"collection":[{"href":"https:\/\/www.bfv.cloud\/ajedrezeuropa\/wp-json\/wp\/v2\/posts"}],"about":[{"href":"https:\/\/www.bfv.cloud\/ajedrezeuropa\/wp-json\/wp\/v2\/types\/post"}],"author":[{"embeddable":true,"href":"https:\/\/www.bfv.cloud\/ajedrezeuropa\/wp-json\/wp\/v2\/users\/1"}],"replies":[{"embeddable":true,"href":"https:\/\/www.bfv.cloud\/ajedrezeuropa\/wp-json\/wp\/v2\/comments?post=1763"}],"version-history":[{"count":1,"href":"https:\/\/www.bfv.cloud\/ajedrezeuropa\/wp-json\/wp\/v2\/posts\/1763\/revisions"}],"predecessor-version":[{"id":1764,"href":"https:\/\/www.bfv.cloud\/ajedrezeuropa\/wp-json\/wp\/v2\/posts\/1763\/revisions\/1764"}],"wp:attachment":[{"href":"https:\/\/www.bfv.cloud\/ajedrezeuropa\/wp-json\/wp\/v2\/media?parent=1763"}],"wp:term":[{"taxonomy":"category","embeddable":true,"href":"https:\/\/www.bfv.cloud\/ajedrezeuropa\/wp-json\/wp\/v2\/categories?post=1763"},{"taxonomy":"post_tag","embeddable":true,"href":"https:\/\/www.bfv.cloud\/ajedrezeuropa\/wp-json\/wp\/v2\/tags?post=1763"}],"curies":[{"name":"wp","href":"https:\/\/api.w.org\/{rel}","templated":true}]}}