{"id":1765,"date":"2013-09-11T21:02:00","date_gmt":"2013-09-11T21:02:00","guid":{"rendered":"https:\/\/www.bfv.cloud\/ajedrezeuropa\/index.php\/2013\/09\/11\/4a-posicion-de-nuestro-ajedrez-en-europa-en-la-final-regional-de-equipos-sub-16\/"},"modified":"2025-11-20T10:37:51","modified_gmt":"2025-11-20T10:37:51","slug":"4a-posicion-de-nuestro-ajedrez-en-europa-en-la-final-regional-de-equipos-sub-16","status":"publish","type":"post","link":"https:\/\/www.bfv.cloud\/ajedrezeuropa\/4a-posicion-de-nuestro-ajedrez-en-europa-en-la-final-regional-de-equipos-sub-16\/","title":{"rendered":"4\u00aa POSICI\u00d3N DE NUESTRO AJEDREZ EN EUROPA EN LA FINAL REGIONAL DE EQUIPOS SUB-16"},"content":{"rendered":"<table cellpadding=\"0\" cellspacing=\"0\" class=\"tr-caption-container\" style=\"float: left;margin-right: 1em;text-align: left\">\n<tbody>\n<tr>\n<td style=\"text-align: center\"><a href=\"https:\/\/www.bfv.cloud\/ajedrezeuropa\/wp-content\/uploads\/2013\/09\/100920131916.jpg\" style=\"clear: left;margin-bottom: 1em;margin-left: auto;margin-right: auto\"><img fetchpriority=\"high\" decoding=\"async\" border=\"0\" src=\"https:\/\/www.bfv.cloud\/ajedrezeuropa\/wp-content\/uploads\/2013\/09\/100920131916.jpg\" height=\"300\" width=\"400\" \/><\/a><\/td>\n<\/tr>\n<tr>\n<td class=\"tr-caption\" style=\"text-align: center\">Todos los integrantes del equipo en la puerta de entrada al <br \/>Castillo de San Servando: Silvia Toribio, Irene Sim\u00f3n, Javier Valdepe\u00f1as,<br \/>Leo de Giorgi e Isaac Lozano, junto a su entrenador, Daniel P\u00edriz<\/p>\n<div class=\"separator\" style=\"clear: both;text-align: center\">\n<\/div>\n<\/td>\n<\/tr>\n<\/tbody>\n<\/table>\n<table cellpadding=\"0\" cellspacing=\"0\" class=\"tr-caption-container\" style=\"float: right;text-align: center\">\n<tbody>\n<tr>\n<td style=\"text-align: center\"><a href=\"https:\/\/www.bfv.cloud\/ajedrezeuropa\/wp-content\/uploads\/2013\/09\/100920131918.jpg\" style=\"margin-left: auto;margin-right: auto\"><img decoding=\"async\" border=\"0\" src=\"https:\/\/www.bfv.cloud\/ajedrezeuropa\/wp-content\/uploads\/2013\/09\/100920131918.jpg\" height=\"300\" width=\"400\" \/><\/a><\/td>\n<\/tr>\n<tr>\n<td class=\"tr-caption\" style=\"text-align: center\">Una magn\u00edfica vista nocturna de Toledo desde el Tajo<\/td>\n<\/tr>\n<\/tbody>\n<\/table>\n<p><span style=\"color: #274e13;font-family: Trebuchet MS, sans-serif\"><b>Con una formaci\u00f3n compuesta \u00edntegramente por jugadores de las escuelas de ajedrez de Alc\u00e1zar de San Juan y Villafranca de los Caballeros, el club Nuestro Ajedrez en Europa, ha logrado la 4\u00aa plaza en el Campeonato de Castilla-La Mancha por Equipos de la categor\u00eda sub-16 que este mi\u00e9rcoles finalizaba en Toledo. En esta final regional se han dado cita los 8 clubes clasificados en sus respectivos campeonatos provinciales, enfrent\u00e1ndose en cada encuentro 4 tableros por equipo, en un suizo a 6 rondas, disputadas desde el pasado domingo en el Castill<\/b><\/span><b style=\"color: #274e13;font-family: 'Trebuchet MS', sans-serif\">o de San Servando. En la clasificaci\u00f3n definitiva, los equipos de Bargas (que este a\u00f1o incorporaba los fichajes a tiempo parcial de 3 destacados jugadores de clubes de Guadalajara, Cuenca y Talavera de la Reina), Parque Sur de Albacete y Almansa, lograban las 3 primeras plazas. En los puestos del 5\u00ba al 8\u00ba quedaban: Tomelloso, Los Molinos de Valdepe\u00f1as, UNED de Guadalajara y Cuenca 2016, respectivamente.<\/b><\/p>\n<table cellpadding=\"0\" cellspacing=\"0\" class=\"tr-caption-container\" style=\"float: right;margin-left: 1em;text-align: right\">\n<tbody>\n<tr>\n<td style=\"text-align: center\"><a href=\"https:\/\/www.bfv.cloud\/ajedrezeuropa\/wp-content\/uploads\/2013\/09\/regionalsub16equipos2013003.jpg\" style=\"clear: right;margin-bottom: 1em;margin-left: auto;margin-right: auto\"><img decoding=\"async\" border=\"0\" src=\"https:\/\/www.bfv.cloud\/ajedrezeuropa\/wp-content\/uploads\/2013\/09\/regionalsub16equipos2013003.jpg\" height=\"300\" width=\"400\" \/><\/a><\/td>\n<\/tr>\n<tr>\n<td class=\"tr-caption\" style=\"text-align: center\">Vista de la sala de juego durante una de las rondas<\/td>\n<\/tr>\n<\/tbody>\n<\/table>\n<p><span style=\"color: #274e13;font-family: Trebuchet MS, sans-serif\"><b>Para los 5 componentes de Nuestro Ajedrez en Europa ha sido una experiencia muy positiva, entra\u00f1ando un alto grado de exigencia en lo personal y de esp\u00edritu de sacrificio en lo colectivo, a\u00f1adiendo la dificultad de representar al club cuya trayectoria deportiva en este campeonato sigue siendo la m\u00e1s destacada, con 2 t\u00edtulos de campeones regionales, un subcampeonato y, ahora, un 4\u00ba puesto. A la gran renovaci\u00f3n generacional del a\u00f1o pasado, que supuso el relevo por edad de la totalidad de los jugadores de este equipo sub-16, ha seguido la de esta temporada, con la salida de 2 chicos nacidos en el a\u00f1o 96 y la entrada de uno del 99. Adem\u00e1s, todo ello, con chicos y chicas formados gracias al trabajo realizado desde las propias escuelas deportivas y a las actividades de tecnificaci\u00f3n del proyecto Nuestro Ajedrez en Europa. Este proceso de formaci\u00f3n y preparaci\u00f3n continuar\u00e1 en lo que resta de temporada, centrando la inversi\u00f3n en las competiciones por equipos. De esta manera, la final nacional del CECLUB sub-16 que se celebrar\u00e1 a principios de diciembre en el Hotel Bali de Benidorm, contar\u00e1 con la presencia de los dos clubes vinculados con el proyecto, ratificando la apuesta por los alumnos y alumnas de Alc\u00e1zar y Villafranca.<\/b><\/span><\/p>\n","protected":false},"excerpt":{"rendered":"<p>Todos los integrantes del equipo en la puerta de entrada al Castillo de San Servando: Silvia Toribio, Irene Sim\u00f3n, Javier Valdepe\u00f1as,Leo de Giorgi e Isaac Lozano, junto a su entrenador, Daniel P\u00edriz Una magn\u00edfica vista nocturna de Toledo desde el Tajo Con una formaci\u00f3n compuesta \u00edntegramente por jugadores de las escuelas de ajedrez de Alc\u00e1zar [&hellip;]<\/p>\n","protected":false},"author":1,"featured_media":1766,"comment_status":"open","ping_status":"closed","sticky":false,"template":"","format":"standard","meta":{"footnotes":""},"categories":[1],"tags":[],"class_list":["post-1765","post","type-post","status-publish","format-standard","has-post-thumbnail","hentry","category-noticias"],"_links":{"self":[{"href":"https:\/\/www.bfv.cloud\/ajedrezeuropa\/wp-json\/wp\/v2\/posts\/1765","targetHints":{"allow":["GET"]}}],"collection":[{"href":"https:\/\/www.bfv.cloud\/ajedrezeuropa\/wp-json\/wp\/v2\/posts"}],"about":[{"href":"https:\/\/www.bfv.cloud\/ajedrezeuropa\/wp-json\/wp\/v2\/types\/post"}],"author":[{"embeddable":true,"href":"https:\/\/www.bfv.cloud\/ajedrezeuropa\/wp-json\/wp\/v2\/users\/1"}],"replies":[{"embeddable":true,"href":"https:\/\/www.bfv.cloud\/ajedrezeuropa\/wp-json\/wp\/v2\/comments?post=1765"}],"version-history":[{"count":1,"href":"https:\/\/www.bfv.cloud\/ajedrezeuropa\/wp-json\/wp\/v2\/posts\/1765\/revisions"}],"predecessor-version":[{"id":1769,"href":"https:\/\/www.bfv.cloud\/ajedrezeuropa\/wp-json\/wp\/v2\/posts\/1765\/revisions\/1769"}],"wp:featuredmedia":[{"embeddable":true,"href":"https:\/\/www.bfv.cloud\/ajedrezeuropa\/wp-json\/wp\/v2\/media\/1766"}],"wp:attachment":[{"href":"https:\/\/www.bfv.cloud\/ajedrezeuropa\/wp-json\/wp\/v2\/media?parent=1765"}],"wp:term":[{"taxonomy":"category","embeddable":true,"href":"https:\/\/www.bfv.cloud\/ajedrezeuropa\/wp-json\/wp\/v2\/categories?post=1765"},{"taxonomy":"post_tag","embeddable":true,"href":"https:\/\/www.bfv.cloud\/ajedrezeuropa\/wp-json\/wp\/v2\/tags?post=1765"}],"curies":[{"name":"wp","href":"https:\/\/api.w.org\/{rel}","templated":true}]}}