{"id":1772,"date":"2013-11-26T22:23:00","date_gmt":"2013-11-26T22:23:00","guid":{"rendered":"https:\/\/www.bfv.cloud\/ajedrezeuropa\/index.php\/2013\/11\/26\/los-2-clubes-de-nuestro-ajedrez-en-europa-disputaran-la-fase-final-del-vi-campeonato-de-espana-por-equipos-de-club-sub-16\/"},"modified":"2025-11-20T10:37:58","modified_gmt":"2025-11-20T10:37:58","slug":"los-2-clubes-de-nuestro-ajedrez-en-europa-disputaran-la-fase-final-del-vi-campeonato-de-espana-por-equipos-de-club-sub-16","status":"publish","type":"post","link":"https:\/\/www.bfv.cloud\/ajedrezeuropa\/los-2-clubes-de-nuestro-ajedrez-en-europa-disputaran-la-fase-final-del-vi-campeonato-de-espana-por-equipos-de-club-sub-16\/","title":{"rendered":"LOS 2 CLUBES DE NUESTRO AJEDREZ EN EUROPA DISPUTAR\u00c1N LA FASE FINAL DEL VI CAMPEONATO DE ESPA\u00d1A POR EQUIPOS DE CLUB SUB-16"},"content":{"rendered":"<div class=\"separator\" style=\"clear: both;text-align: center\">\n<a href=\"https:\/\/www.bfv.cloud\/ajedrezeuropa\/wp-content\/uploads\/2013\/11\/fotosprovincialequipos2014016.jpg\" style=\"clear: right;float: right;margin-bottom: 1em;margin-left: 1em\"><br \/><img fetchpriority=\"high\" decoding=\"async\" border=\"0\" src=\"https:\/\/www.bfv.cloud\/ajedrezeuropa\/wp-content\/uploads\/2013\/11\/fotosprovincialequipos2014016.jpg\" height=\"301\" width=\"400\" \/><\/a><\/div>\n<p><a href=\"https:\/\/www.bfv.cloud\/ajedrezeuropa\/wp-content\/uploads\/2013\/11\/FOTOSESCOLARREGIONALCASTILLA-LAMANCHA2013020.jpg\" style=\"clear: left;float: left;margin-bottom: 1em;margin-right: 1em\"><img decoding=\"async\" border=\"0\" src=\"https:\/\/www.bfv.cloud\/ajedrezeuropa\/wp-content\/uploads\/2013\/11\/FOTOSESCOLARREGIONALCASTILLA-LAMANCHA2013020.jpg\" height=\"300\" width=\"400\" \/><\/a><br \/>\n&nbsp;<span style=\"font-family: Verdana, sans-serif;text-align: justify;text-indent: 35.4pt\">El hotel Bali de<br \/>\nBenidorm acoger\u00e1 la sexta edici\u00f3n del Campeonato de Espa\u00f1a por Equipos de Club<br \/>\n(CECLUB) en la categor\u00eda sub-16, entre el 5 y el 8 de diciembre. La fase final<br \/>\nde esta competici\u00f3n nacional es la cita m\u00e1s importante para los equipos<br \/>\ndependientes del proyecto Nuestro Ajedrez en Europa cada temporada, desde hace<br \/>\n5 a\u00f1os que se produjo la primera participaci\u00f3n. De esta forma, el calendario<br \/>\ndeportivo de los j\u00f3venes jugadores de las escuelas de ajedrez de Alc\u00e1zar de San<br \/>\nJuan y Villafranca de los Caballeros, tiene su punto culminante en la primera<br \/>\nsemana del mes de diciembre, coincidiendo con las tradicionales fechas de<br \/>\ncelebraci\u00f3n del CECLUB sub-16.<\/span><br \/>\n<b style=\"font-family: Verdana, sans-serif\"><u>Apostando por los m\u00e1s j\u00f3venes y por los jugadores de las<br \/>\nescuelas de Alc\u00e1zar y Villafranca&nbsp;<\/u><\/b><br \/>\n<span style=\"font-family: Verdana, sans-serif;text-align: justify;text-indent: 35.4pt\">Un total de 12<br \/>\najedrecistas se desplazar\u00e1n hasta Benidorm en representaci\u00f3n de los 2 clubes<br \/>\nque integran el proyecto. Por Nuestro Ajedrez en Europa, estar\u00e1n:<\/span><\/p>\n<div align=\"center\" class=\"MsoNormal\" style=\"text-align: center\">\n<b><span style=\"color: blue\"><span style=\"font-family: Verdana, sans-serif\">1.- Isaac Lozano Osorio de 16<br \/>\na\u00f1os.<\/span><\/span><\/b><\/div>\n<div align=\"center\" class=\"MsoNormal\" style=\"text-align: center\">\n<b><span style=\"color: blue\"><span style=\"font-family: Verdana, sans-serif\">2.- Javier Valdepe\u00f1as Octavio de<br \/>\n14 a\u00f1os.<\/span><\/span><\/b><\/div>\n<div align=\"center\" class=\"MsoNormal\" style=\"text-align: center\">\n<b><span style=\"color: blue\"><span style=\"font-family: Verdana, sans-serif\">3.- Cosimo Leonardo de Giorgi<br \/>\nBenavent de 16 a\u00f1os.<\/span><\/span><\/b><\/div>\n<div align=\"center\" class=\"MsoNormal\" style=\"text-align: center\">\n<b><span style=\"color: blue\"><span style=\"font-family: Verdana, sans-serif\">4.- Irene Sim\u00f3n Escalona de 13<br \/>\na\u00f1os.<\/span><\/span><\/b><\/div>\n<div align=\"center\" class=\"MsoNormal\" style=\"text-align: center\">\n<span style=\"font-family: Verdana, sans-serif\"><b><span style=\"color: blue\">5.- Silvia Toribio Camu\u00f1as de 14<br \/>\na\u00f1os.<\/span><\/b><span style=\"font-size: 14pt\">&nbsp;&nbsp; <\/span><\/span><\/div>\n<div class=\"MsoNormal\" style=\"text-align: justify;text-indent: 35.4pt\">\n<span style=\"font-family: Verdana, sans-serif\">Mientras que Nuestro Ajedrez por la Igualdad<br \/>\nacudir\u00e1 con estos jugadores:<\/span><\/div>\n<div align=\"center\" class=\"MsoNormal\" style=\"text-align: center\">\n<a href=\"https:\/\/www.bfv.cloud\/ajedrezeuropa\/wp-content\/uploads\/2013\/11\/fotosprovincialequipos2014015.jpg\" style=\"clear: left;float: left;margin-bottom: 1em;margin-right: 1em\"><img decoding=\"async\" border=\"0\" src=\"https:\/\/www.bfv.cloud\/ajedrezeuropa\/wp-content\/uploads\/2013\/11\/fotosprovincialequipos2014015.jpg\" height=\"308\" width=\"400\" \/><\/a><b><span style=\"color: blue\"><span style=\"font-family: Verdana, sans-serif\">1.- Isabel Marcos-Alberca Lizcano<br \/>\nde 11 a\u00f1os.<\/span><\/span><\/b><\/div>\n<div align=\"center\" class=\"MsoNormal\" style=\"text-align: center\">\n<b><span style=\"color: blue\"><span style=\"font-family: Verdana, sans-serif\">2.- Julio M\u00e9rida Ortiz de 12<br \/>\na\u00f1os.<\/span><\/span><\/b><\/div>\n<div align=\"center\" class=\"MsoNormal\" style=\"text-align: center\">\n<b><span style=\"color: blue\"><span style=\"font-family: Verdana, sans-serif\">3.- Arturo Mate Mart\u00edn de 11<br \/>\na\u00f1os.<\/span><\/span><\/b><\/div>\n<div align=\"center\" class=\"MsoNormal\" style=\"text-align: center\">\n<b><span style=\"color: blue\"><span style=\"font-family: Verdana, sans-serif\">4.- Alba P\u00edriz Fern\u00e1ndez de 14<br \/>\na\u00f1os.<\/span><\/span><\/b><\/div>\n<div align=\"center\" class=\"MsoNormal\" style=\"text-align: center\">\n<b><span style=\"color: blue\"><span style=\"font-family: Verdana, sans-serif\">5.- Marta Espinosa Gil de 13<br \/>\na\u00f1os.<\/span><\/span><\/b><\/div>\n<div align=\"center\" class=\"MsoNormal\" style=\"text-align: center\">\n<b><span style=\"color: blue\"><span style=\"font-family: Verdana, sans-serif\">6.- Julia Meza Osorio de 11 a\u00f1os.<\/span><\/span><\/b><\/div>\n<div class=\"MsoNormal\" style=\"text-align: justify\">\n<span style=\"font-family: Verdana, sans-serif\"><b>&nbsp;&nbsp;&nbsp;&nbsp;&nbsp;&nbsp;&nbsp;&nbsp; <\/b>La participaci\u00f3n se completa con <b><span style=\"color: blue\">Mar\u00eda Oliver Ropero de 10 a\u00f1os, <\/span><\/b>que jugar\u00e1 el<br \/>\ntorneo Nuevas Generaciones, organizado por el hotel Bali en paralelo a la fase<br \/>\nfinal nacional por equipos, en la categor\u00eda individual sub-10.<\/span><\/div>\n<div class=\"MsoNormal\" style=\"text-align: justify\">\n<b><u><span style=\"font-family: Verdana, sans-serif\">Los frutos de fomentar el deporte femenino<\/span><\/u><\/b><\/div>\n<div class=\"MsoNormal\" style=\"text-align: justify\">\n<a href=\"https:\/\/www.bfv.cloud\/ajedrezeuropa\/wp-content\/uploads\/2013\/11\/Equipo.jpg\" style=\"clear: right;float: right;margin-bottom: 1em;margin-left: 1em\"><img loading=\"lazy\" decoding=\"async\" border=\"0\" src=\"https:\/\/www.bfv.cloud\/ajedrezeuropa\/wp-content\/uploads\/2013\/11\/Equipo.jpg\" height=\"267\" width=\"400\" \/><\/a><span style=\"font-family: Verdana, sans-serif\">A<br \/>\nla importante labor de promoci\u00f3n y formaci\u00f3n deportiva hay que a\u00f1adir una<br \/>\ncuidada planificaci\u00f3n por la integraci\u00f3n de las chicas en el ajedrez. Los<br \/>\nfrutos de este trabajo de a\u00f1os son muy destacables, haci\u00e9ndose m\u00e1s visibles a<br \/>\nla luz de los siguientes datos:<\/span><\/div>\n<div class=\"MsoNormal\" style=\"margin-left: 53.25pt;text-align: justify;text-indent: -18.0pt\">\n<!--[if !supportLists]--><span style=\"font-family: Verdana, sans-serif\"><span style=\"color: blue\">&#8211;<span style=\"font-size: 7pt\">&nbsp;&nbsp;&nbsp;&nbsp;&nbsp;&nbsp;&nbsp;&nbsp;&nbsp;<br \/>\n<\/span><\/span><!--[endif]--><b><span style=\"color: blue\">7 de los 12 ajedrecistas que llevan el nombre del proyecto son<br \/>\nchicas.<\/span><\/b><\/span><\/div>\n<div class=\"MsoNormal\" style=\"margin-left: 53.25pt;text-align: justify;text-indent: -18.0pt\">\n<!--[if !supportLists]--><span style=\"font-family: Verdana, sans-serif\"><span style=\"color: blue\">&#8211;<span style=\"font-size: 7pt\">&nbsp;&nbsp;&nbsp;&nbsp;&nbsp;&nbsp;&nbsp;&nbsp;&nbsp;<br \/>\n<\/span><\/span><!--[endif]--><b><span style=\"color: blue\">Los 2 equipos tienen una importante participaci\u00f3n femenina.<\/span><\/b><\/span><\/div>\n<div class=\"MsoNormal\" style=\"margin-left: 53.25pt;text-align: justify;text-indent: -18.0pt\">\n<!--[if !supportLists]--><span style=\"font-family: Verdana, sans-serif\"><span style=\"color: blue\">&#8211;<span style=\"font-size: 7pt\">&nbsp;&nbsp;&nbsp;&nbsp;&nbsp;&nbsp;&nbsp;&nbsp;&nbsp;<br \/>\n<\/span><\/span><!--[endif]--><b><span style=\"color: blue\">La media de edad de estas ajedrecistas es de poco m\u00e1s de 12 a\u00f1os.<\/span><\/b><\/span><\/div>\n<div class=\"MsoNormal\" style=\"margin-left: 53.25pt;text-align: justify;text-indent: -18.0pt\">\n<!--[if !supportLists]--><span style=\"font-family: Verdana, sans-serif\"><span style=\"color: blue\">&#8211;<span style=\"font-size: 7pt\">&nbsp;&nbsp;&nbsp;&nbsp;&nbsp;&nbsp;&nbsp;&nbsp;&nbsp;<br \/>\n<\/span><\/span><!--[endif]--><b><span style=\"color: blue\">Los cerca de 50 alumnos y alumnas de las escuelas de Alc\u00e1zar y<br \/>\nVillafranca optan en un plano de igualdad a ser jugadores de los equipos<br \/>\nnacionales sub-16 y es su dedicaci\u00f3n y preparaci\u00f3n lo que permite su selecci\u00f3n<br \/>\nbasada en criterios t\u00e9cnicos objetivos.<\/span><\/b><\/span><\/div>\n<div class=\"MsoNormal\" style=\"text-align: justify\">\n<b><u><span style=\"font-family: Verdana, sans-serif\">5 d\u00edas de esfuerzo con el apoyo del gran maestro<br \/>\nHerminio Herr\u00e1iz<\/span><\/u><\/b><\/div>\n<div class=\"MsoNormal\" style=\"text-align: justify\">\n<span style=\"font-family: Verdana, sans-serif\">Este<br \/>\nesfuerzo deportivo y organizativo se completa con la presencia de uno de los<br \/>\nmejores entrenadores nacionales en la actualidad: el gran maestro de ajedrez<br \/>\nHerminio Herr\u00e1iz Hidalgo, que a lo largo de la propia competici\u00f3n y de los<br \/>\nmeses previos a su comienzo, lleva el entrenamiento de todos los jugadores y<br \/>\njugadoras de este proyecto compartido entre Alc\u00e1zar de San Juan y Villafranca<br \/>\nde los Caballeros.<\/span><b style=\"font-family: Batang\"><span style=\"color: blue\"> <\/span><\/b><\/div>\n<p><!-- Blogger automated replacement: \"https:\/\/images-blogger-opensocial.googleusercontent.com\/gadgets\/proxy?url=http%3A%2F%2F2.bp.blogspot.com%2F-fpwv1Qtspkc%2FUpS1MjIhsqI%2FAAAAAAAAB2o%2Fx8m2b0bogFs%2Fs1600%2Ffotos%2Bprovincial%2Bequipos%2B2014%2B015.jpg&amp;container=blogger&amp;gadget=a&amp;rewriteMime=image%2F*\" with \"https:\/\/www.bfv.cloud\/ajedrezeuropa\/wp-content\/uploads\/2013\/11\/fotosprovincialequipos2014015.jpg\" --><\/p>\n","protected":false},"excerpt":{"rendered":"<p>&nbsp;El hotel Bali de Benidorm acoger\u00e1 la sexta edici\u00f3n del Campeonato de Espa\u00f1a por Equipos de Club (CECLUB) en la categor\u00eda sub-16, entre el 5 y el 8 de diciembre. La fase final de esta competici\u00f3n nacional es la cita m\u00e1s importante para los equipos dependientes del proyecto Nuestro Ajedrez en Europa cada temporada, desde [&hellip;]<\/p>\n","protected":false},"author":1,"featured_media":1773,"comment_status":"open","ping_status":"closed","sticky":false,"template":"","format":"standard","meta":{"footnotes":""},"categories":[1],"tags":[],"class_list":["post-1772","post","type-post","status-publish","format-standard","has-post-thumbnail","hentry","category-noticias"],"_links":{"self":[{"href":"https:\/\/www.bfv.cloud\/ajedrezeuropa\/wp-json\/wp\/v2\/posts\/1772","targetHints":{"allow":["GET"]}}],"collection":[{"href":"https:\/\/www.bfv.cloud\/ajedrezeuropa\/wp-json\/wp\/v2\/posts"}],"about":[{"href":"https:\/\/www.bfv.cloud\/ajedrezeuropa\/wp-json\/wp\/v2\/types\/post"}],"author":[{"embeddable":true,"href":"https:\/\/www.bfv.cloud\/ajedrezeuropa\/wp-json\/wp\/v2\/users\/1"}],"replies":[{"embeddable":true,"href":"https:\/\/www.bfv.cloud\/ajedrezeuropa\/wp-json\/wp\/v2\/comments?post=1772"}],"version-history":[{"count":1,"href":"https:\/\/www.bfv.cloud\/ajedrezeuropa\/wp-json\/wp\/v2\/posts\/1772\/revisions"}],"predecessor-version":[{"id":1777,"href":"https:\/\/www.bfv.cloud\/ajedrezeuropa\/wp-json\/wp\/v2\/posts\/1772\/revisions\/1777"}],"wp:featuredmedia":[{"embeddable":true,"href":"https:\/\/www.bfv.cloud\/ajedrezeuropa\/wp-json\/wp\/v2\/media\/1773"}],"wp:attachment":[{"href":"https:\/\/www.bfv.cloud\/ajedrezeuropa\/wp-json\/wp\/v2\/media?parent=1772"}],"wp:term":[{"taxonomy":"category","embeddable":true,"href":"https:\/\/www.bfv.cloud\/ajedrezeuropa\/wp-json\/wp\/v2\/categories?post=1772"},{"taxonomy":"post_tag","embeddable":true,"href":"https:\/\/www.bfv.cloud\/ajedrezeuropa\/wp-json\/wp\/v2\/tags?post=1772"}],"curies":[{"name":"wp","href":"https:\/\/api.w.org\/{rel}","templated":true}]}}