{"id":1778,"date":"2022-08-09T11:10:00","date_gmt":"2022-08-09T11:10:00","guid":{"rendered":"https:\/\/www.bfv.cloud\/ajedrezeuropa\/index.php\/2022\/08\/09\/xix-torneo-de-feria-de-alcazar-de-san-juan\/"},"modified":"2025-11-20T10:38:11","modified_gmt":"2025-11-20T10:38:11","slug":"xix-torneo-de-feria-de-alcazar-de-san-juan","status":"publish","type":"post","link":"https:\/\/www.bfv.cloud\/ajedrezeuropa\/xix-torneo-de-feria-de-alcazar-de-san-juan\/","title":{"rendered":"XIX TORNEO DE FERIA DE ALC\u00c1ZAR DE SAN JUAN"},"content":{"rendered":"<\/p>\n<div class=\"separator\" style=\"clear: both;text-align: center\"><a href=\"https:\/\/www.bfv.cloud\/ajedrezeuropa\/wp-content\/uploads\/2022\/08\/CARTEL20TORNEO20FERIA20ALCAZAR202022_001-scaled.jpg\" style=\"clear: left;float: left;margin-bottom: 1em;margin-right: 1em\"><img fetchpriority=\"high\" decoding=\"async\" border=\"0\" data-original-height=\"3508\" data-original-width=\"2479\" height=\"640\" src=\"https:\/\/blogger.googleusercontent.com\/img\/b\/R29vZ2xl\/AVvXsEiaQV_5nyx4POH1vpgC02thypdchG2EVq5sNZdWQ6mRAtuVAmrdfbpFlPclxWbCZ7ESDverTmM4eXu5PfxbApCVzoPLyUsFVz18gkT5dy5i7ASme-V95USNStNrmmJIU1Ktp5MfhnOnzL_8b4miQKOFKJ2kTsNa9HoEb7Pn9TUrEQwPuuJ1T3p_BGns\/w452-h640\/CARTEL%20TORNEO%20FERIA%20ALCAZAR%202022_001.jpg\" width=\"452\" \/><\/a><\/div>\n<p><span style=\"font-size: large\">El s\u00e1bado 27 de agosto a partir de las 9:30 de la ma\u00f1ana se disputar\u00e1 la XIX edici\u00f3n del Torneo de Feria de Alc\u00e1zar de San Juan. La competici\u00f3n estar\u00e1 organizada en 2 categor\u00edas diferenciadas: absoluta y sub18, entreg\u00e1ndose trofeos por equipos a los 3 primeros clasificados en cada categor\u00eda. El periodo de inscripci\u00f3n ser\u00e1 del 18 al 25 de agosto, v\u00eda WhastApp al tel\u00e9fono indicado en el cartel y las base o mediante solicitud al correo electr\u00f3nico: felixtoribio@nuestroajedrezeneuropa.com&nbsp;&nbsp;<\/span><\/p>\n<p><span style=\"font-size: large\">A continuaci\u00f3n publicamos las bases de ambos torneos:<\/span><\/p>\n<\/p>\n<div class=\"separator\" style=\"clear: both;text-align: center\"><a href=\"https:\/\/www.bfv.cloud\/ajedrezeuropa\/wp-content\/uploads\/2022\/08\/BASES20DEL20XIX20TORNEO20FERIA20202220VI20TORNEO20ABSOLUTO_001-scaled.jpg\" style=\"margin-left: 1em;margin-right: 1em\"><img decoding=\"async\" border=\"0\" data-original-height=\"3508\" data-original-width=\"2479\" height=\"640\" src=\"https:\/\/blogger.googleusercontent.com\/img\/b\/R29vZ2xl\/AVvXsEh3uzdWZsXDxJxdxy1-Dbct60vi4Eed87LmoTdG3k6pu65SsN11LshDh6-LbuRbmmyZxI1DOO3FnZSa4uXna4eXkuIk0K3pRaaZZP2dveqBsV1XszfotgRLNUDajwAuM7UxT4iLRnv76x8C2I9orP0Q1E-FThdxvUqHUdKtVDPgY5b7RP_0wEICGPBQ\/w452-h640\/BASES%20DEL%20XIX%20TORNEO%20FERIA%202022%20(VI%20TORNEO%20ABSOLUTO)_001.jpg\" width=\"452\" \/><\/a><\/div>\n<p><\/p>\n<div class=\"separator\" style=\"clear: both;text-align: center\"><a href=\"https:\/\/www.bfv.cloud\/ajedrezeuropa\/wp-content\/uploads\/2022\/08\/BASES20DEL20XIX20TORNEO20FERIA20202220XIV20TORNEO20S-18_001-scaled.jpg\" style=\"margin-left: 1em;margin-right: 1em\"><img decoding=\"async\" border=\"0\" data-original-height=\"3508\" data-original-width=\"2479\" height=\"640\" src=\"https:\/\/blogger.googleusercontent.com\/img\/b\/R29vZ2xl\/AVvXsEhAWTKOjL7fB3aop_Epu50OXR6TRhh7RVtAWCsNpLbZT0Hr92pP301DsfbMyDbsZBfot8yotbAgH0taWg2pBqH-ChtxWK2esA1NBnTKi4eezyRiefMs6g-524HKkqLNJJ7oewuNY82ShaCQwkW0mh0EcXrgUshG6CVn3esFlCyAQTxyzqj_qnHyAUWj\/w452-h640\/BASES%20DEL%20XIX%20TORNEO%20FERIA%202022%20(XIV%20TORNEO%20S-18)_001.jpg\" width=\"452\" \/><\/a><\/div>\n<p><span style=\"font-size: large\"><br \/><\/span>&nbsp;<\/p>\n","protected":false},"excerpt":{"rendered":"<p>El s\u00e1bado 27 de agosto a partir de las 9:30 de la ma\u00f1ana se disputar\u00e1 la XIX edici\u00f3n del Torneo de Feria de Alc\u00e1zar de San Juan. La competici\u00f3n estar\u00e1 organizada en 2 categor\u00edas diferenciadas: absoluta y sub18, entreg\u00e1ndose trofeos por equipos a los 3 primeros clasificados en cada categor\u00eda. El periodo de inscripci\u00f3n ser\u00e1 [&hellip;]<\/p>\n","protected":false},"author":1,"featured_media":1779,"comment_status":"open","ping_status":"closed","sticky":false,"template":"","format":"standard","meta":{"footnotes":""},"categories":[1],"tags":[],"class_list":["post-1778","post","type-post","status-publish","format-standard","has-post-thumbnail","hentry","category-noticias"],"_links":{"self":[{"href":"https:\/\/www.bfv.cloud\/ajedrezeuropa\/wp-json\/wp\/v2\/posts\/1778","targetHints":{"allow":["GET"]}}],"collection":[{"href":"https:\/\/www.bfv.cloud\/ajedrezeuropa\/wp-json\/wp\/v2\/posts"}],"about":[{"href":"https:\/\/www.bfv.cloud\/ajedrezeuropa\/wp-json\/wp\/v2\/types\/post"}],"author":[{"embeddable":true,"href":"https:\/\/www.bfv.cloud\/ajedrezeuropa\/wp-json\/wp\/v2\/users\/1"}],"replies":[{"embeddable":true,"href":"https:\/\/www.bfv.cloud\/ajedrezeuropa\/wp-json\/wp\/v2\/comments?post=1778"}],"version-history":[{"count":1,"href":"https:\/\/www.bfv.cloud\/ajedrezeuropa\/wp-json\/wp\/v2\/posts\/1778\/revisions"}],"predecessor-version":[{"id":1782,"href":"https:\/\/www.bfv.cloud\/ajedrezeuropa\/wp-json\/wp\/v2\/posts\/1778\/revisions\/1782"}],"wp:featuredmedia":[{"embeddable":true,"href":"https:\/\/www.bfv.cloud\/ajedrezeuropa\/wp-json\/wp\/v2\/media\/1779"}],"wp:attachment":[{"href":"https:\/\/www.bfv.cloud\/ajedrezeuropa\/wp-json\/wp\/v2\/media?parent=1778"}],"wp:term":[{"taxonomy":"category","embeddable":true,"href":"https:\/\/www.bfv.cloud\/ajedrezeuropa\/wp-json\/wp\/v2\/categories?post=1778"},{"taxonomy":"post_tag","embeddable":true,"href":"https:\/\/www.bfv.cloud\/ajedrezeuropa\/wp-json\/wp\/v2\/tags?post=1778"}],"curies":[{"name":"wp","href":"https:\/\/api.w.org\/{rel}","templated":true}]}}