{"id":1783,"date":"2015-12-30T12:01:00","date_gmt":"2015-12-30T12:01:00","guid":{"rendered":"https:\/\/www.bfv.cloud\/ajedrezeuropa\/index.php\/2015\/12\/30\/la-concentracion-de-navidad-finaliza-con-el-aplauso-de-los-padres-y-el-apoyo-de-las-instituciones\/"},"modified":"2025-11-20T10:38:15","modified_gmt":"2025-11-20T10:38:15","slug":"la-concentracion-de-navidad-finaliza-con-el-aplauso-de-los-padres-y-el-apoyo-de-las-instituciones","status":"publish","type":"post","link":"https:\/\/www.bfv.cloud\/ajedrezeuropa\/la-concentracion-de-navidad-finaliza-con-el-aplauso-de-los-padres-y-el-apoyo-de-las-instituciones\/","title":{"rendered":"\u00a1\u00a1LA CONCENTRACI\u00d3N DE NAVIDAD FINALIZA CON EL APLAUSO DE LOS PADRES Y EL APOYO DE LAS INSTITUCIONES!!"},"content":{"rendered":"<table align=\"center\" cellpadding=\"0\" cellspacing=\"0\" class=\"tr-caption-container\" style=\"margin-left: auto;margin-right: auto;text-align: center\">\n<tbody>\n<tr>\n<td style=\"text-align: center\"><a href=\"https:\/\/www.bfv.cloud\/ajedrezeuropa\/wp-content\/uploads\/2015\/12\/SAM_2404.jpg\" style=\"margin-left: auto;margin-right: auto\"><img fetchpriority=\"high\" decoding=\"async\" border=\"0\" height=\"164\" src=\"https:\/\/blogger.googleusercontent.com\/img\/b\/R29vZ2xl\/AVvXsEgxD9bW-an4Mi2thFHo0YTY_O2fr_8pHqY5OyOw6qSvH23asYg6ytqnfwVoxuhrShcuC2DNtHnrvbw6cIGztlFM5ZEoJiPxWOB30g7XHIcv9Bhr8fG-WGLdziISu6g_Uy-82B8skCMXKrc\/s640\/SAM_2404.JPG\" width=\"640\" \/><\/a><\/td>\n<\/tr>\n<tr>\n<td class=\"tr-caption\" style=\"text-align: center\">Imagen panor\u00e1mica de la rueda de prensa en el ayuntamiento de Alc\u00e1zar de San Juan<\/td>\n<\/tr>\n<\/tbody>\n<\/table>\n<table cellpadding=\"0\" cellspacing=\"0\" class=\"tr-caption-container\" style=\"clear: right;float: right;margin-bottom: 1em;text-align: right\">\n<tbody>\n<tr>\n<td style=\"text-align: center\"><a href=\"https:\/\/www.bfv.cloud\/ajedrezeuropa\/wp-content\/uploads\/2015\/12\/fotoruedaprensaAlc25C325A1zar2015.jpg\" style=\"clear: right;margin-bottom: 1em;margin-left: auto;margin-right: auto\"><img decoding=\"async\" border=\"0\" height=\"300\" src=\"https:\/\/blogger.googleusercontent.com\/img\/b\/R29vZ2xl\/AVvXsEigkn4HWkKmAIfHRb40phL27yDLgSuaAvsq3ruvF4B8U9uuZGJCuQzRuxXkjCgLgoL-UaRn7RtegXkOSI9kucZy-jgyiY7saZlqlsc3jw_jeKwoip5TXc3yF6nzp8ta65tc00j_PXsnE_o\/s400\/foto+rueda+prensa+Alc%25C3%25A1zar+2015.jpg\" width=\"400\" \/><\/a><\/td>\n<\/tr>\n<tr>\n<td class=\"tr-caption\" style=\"text-align: center\">La alcaldesa de Alc\u00e1zar, Rosa Melchor, y el alcalde de Villafranca,<br \/>\nJuli\u00e1n Bola\u00f1os, junto a los responsables del proyecto: Herminio Herr\u00e1iz<br \/>\ny &nbsp;F\u00e9lix Toribio. <br \/>\nFoto: Gabinete de Prensa Ayto Alc\u00e1zar<\/td>\n<\/tr>\n<\/tbody>\n<\/table>\n<p>&nbsp;<span style=\"color: blue;font-family: Helvetica Neue, Arial, Helvetica, sans-serif\"><b>El lunes 28 de diciembre, a las 7 y media de la tarde, finalizaba la 8\u00aa edici\u00f3n de la Concentraci\u00f3n de Navidad en la que se han reunido 34 alumnos de las escuelas de Alc\u00e1zar y Villafranca.<\/b><\/span><br \/>\n<span style=\"color: blue;font-family: Helvetica Neue, Arial, Helvetica, sans-serif\"><b>Anteriormente tuvo lugar una rueda de prensa conjunta de los responsables del proyecto y la alcaldesa de Alc\u00e1zar, Rosa Melchor, junto al de Villafranca, Juli\u00e1n Bola\u00f1os. Como es costumbre en este \u00faltimo encuentro del a\u00f1o con los medios de comunicaci\u00f3n se inform\u00f3 del desarrollo de la Concentraci\u00f3n y de todos los aspectos m\u00e1s importantes que han ido definiendo el trabajo del proyecto NUESTRO AJEDREZ EN EUROPA a lo largo de la temporada.&nbsp;<\/b><\/span><\/p>\n<table align=\"center\" cellpadding=\"0\" cellspacing=\"0\" class=\"tr-caption-container\" style=\"margin-left: auto;margin-right: auto;text-align: center\">\n<tbody>\n<tr>\n<td style=\"text-align: center\"><a href=\"https:\/\/www.bfv.cloud\/ajedrezeuropa\/wp-content\/uploads\/2015\/12\/SAM_2419.jpg\" style=\"margin-left: auto;margin-right: auto\"><img decoding=\"async\" border=\"0\" height=\"177\" src=\"https:\/\/blogger.googleusercontent.com\/img\/b\/R29vZ2xl\/AVvXsEhxoJu58S6UJQLKmZMVomb6wq7wuYI6D73Cvn7MENoeWwYaTY7aXnfKEUPaRolM4tg5OEUB-feZ3GHp_9yvzddpQrppXtgp76yaSR759X3KOoYFYj4Cm9P3lx7J2rEeKaeHkgwovNun3Lc\/s640\/SAM_2419.JPG\" width=\"640\" \/><\/a><\/td>\n<\/tr>\n<tr>\n<td class=\"tr-caption\" style=\"text-align: center\">Fotograf\u00eda del grupo de alumnos y entrenadores de la 8\u00aa Concentraci\u00f3n de Navidad<br \/>NUESTRO AJEDREZ EN EUROPA<\/td>\n<\/tr>\n<\/tbody>\n<\/table>\n<p><b><span style=\"color: blue;font-family: Helvetica Neue, Arial, Helvetica, sans-serif\">Si algo se pone de manifiesto en cada encuentro entre los dirigentes de las instituciones que sostienen &nbsp;\u00abNuestro Ajedrez en Europa\u00bb y los responsables de \u00e9ste es su total sinton\u00eda para seguir colaborando en el desarrollo y crecimiento de las escuelas y del conjunto del proyecto. Unidos tambi\u00e9n en los medios y los fines, y siempre manteniendo nuestras propias se\u00f1as de identidad, seguimos trabajando en la elaboraci\u00f3n y puesta en marcha de programas que beneficien a toda la sociedad castellano-manchega.<\/span><\/b><br \/>\n<span style=\"font-family: Georgia, Times New Roman, serif\"><b><br \/><\/b><\/span><\/p>\n<div class=\"separator\" style=\"clear: both;text-align: center\">\n<table cellpadding=\"0\" cellspacing=\"0\" class=\"tr-caption-container\" style=\"margin-left: auto;margin-right: auto;text-align: center\">\n<tbody>\n<tr>\n<td style=\"text-align: center\"><a href=\"https:\/\/www.bfv.cloud\/ajedrezeuropa\/wp-content\/uploads\/2015\/12\/SAM_2395.jpg\" style=\"clear: left;margin-bottom: 1em;margin-left: auto;margin-right: auto\"><img loading=\"lazy\" decoding=\"async\" border=\"0\" height=\"480\" src=\"https:\/\/blogger.googleusercontent.com\/img\/b\/R29vZ2xl\/AVvXsEg9SDSGNUOe4mBaLAr3GXfT-mhOKZSGZQmY4bcCjvSLeUEK8LYLdElR0aSHqg6JHor4iUMdfjWjmDSyE0MnKLjnIbgid9etAkQ03hq0_OECWaf77JMP06ZZBOnRiIC8yO4wSrWzLKwgOvQ\/s640\/SAM_2395.JPG\" width=\"640\" \/><\/a><\/td>\n<\/tr>\n<tr>\n<td class=\"tr-caption\" style=\"text-align: center\">Las instituciones y el proyecto siempre juntos en la promoci\u00f3n<br \/>de las actividades y el crecimiento en todos los \u00e1mbitos de actuaci\u00f3n<\/td>\n<\/tr>\n<\/tbody>\n<\/table>\n<\/div>\n","protected":false},"excerpt":{"rendered":"<p>Imagen panor\u00e1mica de la rueda de prensa en el ayuntamiento de Alc\u00e1zar de San Juan La alcaldesa de Alc\u00e1zar, Rosa Melchor, y el alcalde de Villafranca, Juli\u00e1n Bola\u00f1os, junto a los responsables del proyecto: Herminio Herr\u00e1iz y &nbsp;F\u00e9lix Toribio. Foto: Gabinete de Prensa Ayto Alc\u00e1zar &nbsp;El lunes 28 de diciembre, a las 7 y media [&hellip;]<\/p>\n","protected":false},"author":1,"featured_media":1784,"comment_status":"open","ping_status":"closed","sticky":false,"template":"","format":"standard","meta":{"footnotes":""},"categories":[1],"tags":[],"class_list":["post-1783","post","type-post","status-publish","format-standard","has-post-thumbnail","hentry","category-noticias"],"_links":{"self":[{"href":"https:\/\/www.bfv.cloud\/ajedrezeuropa\/wp-json\/wp\/v2\/posts\/1783","targetHints":{"allow":["GET"]}}],"collection":[{"href":"https:\/\/www.bfv.cloud\/ajedrezeuropa\/wp-json\/wp\/v2\/posts"}],"about":[{"href":"https:\/\/www.bfv.cloud\/ajedrezeuropa\/wp-json\/wp\/v2\/types\/post"}],"author":[{"embeddable":true,"href":"https:\/\/www.bfv.cloud\/ajedrezeuropa\/wp-json\/wp\/v2\/users\/1"}],"replies":[{"embeddable":true,"href":"https:\/\/www.bfv.cloud\/ajedrezeuropa\/wp-json\/wp\/v2\/comments?post=1783"}],"version-history":[{"count":1,"href":"https:\/\/www.bfv.cloud\/ajedrezeuropa\/wp-json\/wp\/v2\/posts\/1783\/revisions"}],"predecessor-version":[{"id":1788,"href":"https:\/\/www.bfv.cloud\/ajedrezeuropa\/wp-json\/wp\/v2\/posts\/1783\/revisions\/1788"}],"wp:featuredmedia":[{"embeddable":true,"href":"https:\/\/www.bfv.cloud\/ajedrezeuropa\/wp-json\/wp\/v2\/media\/1784"}],"wp:attachment":[{"href":"https:\/\/www.bfv.cloud\/ajedrezeuropa\/wp-json\/wp\/v2\/media?parent=1783"}],"wp:term":[{"taxonomy":"category","embeddable":true,"href":"https:\/\/www.bfv.cloud\/ajedrezeuropa\/wp-json\/wp\/v2\/categories?post=1783"},{"taxonomy":"post_tag","embeddable":true,"href":"https:\/\/www.bfv.cloud\/ajedrezeuropa\/wp-json\/wp\/v2\/tags?post=1783"}],"curies":[{"name":"wp","href":"https:\/\/api.w.org\/{rel}","templated":true}]}}