{"id":1789,"date":"2019-04-09T11:25:00","date_gmt":"2019-04-09T11:25:00","guid":{"rendered":"https:\/\/www.bfv.cloud\/ajedrezeuropa\/index.php\/2019\/04\/09\/la-participacion-de-alcazar-y-villafranca-en-el-regional-por-edades-sera-de-19-ajedrecistas\/"},"modified":"2025-11-20T10:38:18","modified_gmt":"2025-11-20T10:38:18","slug":"la-participacion-de-alcazar-y-villafranca-en-el-regional-por-edades-sera-de-19-ajedrecistas","status":"publish","type":"post","link":"https:\/\/www.bfv.cloud\/ajedrezeuropa\/la-participacion-de-alcazar-y-villafranca-en-el-regional-por-edades-sera-de-19-ajedrecistas\/","title":{"rendered":"LA PARTICIPACI\u00d3N DE ALC\u00c1ZAR Y VILLAFRANCA EN EL REGIONAL POR EDADES SER\u00c1 DE 19 AJEDRECISTAS"},"content":{"rendered":"<div class=\"separator\" style=\"clear: both;text-align: center\">\n<a href=\"https:\/\/www.bfv.cloud\/ajedrezeuropa\/wp-content\/uploads\/2019\/04\/CARTEL.jpeg\" style=\"clear: left;float: left;margin-bottom: 1em;margin-right: 1em\"><img fetchpriority=\"high\" decoding=\"async\" border=\"0\" data-original-height=\"1600\" data-original-width=\"1089\" height=\"640\" src=\"https:\/\/blogger.googleusercontent.com\/img\/b\/R29vZ2xl\/AVvXsEgUdVHFE5LJQPVtvVg828phl_FBXMXP-Ni5LJqdXgP4ZusLRQzxPPevaJhGUV9StdetBgz84kQwY0hvFFSHPmXUfLmrm6Rxv9Tl1dWi5UnZUBExUcEx6x855fVRMOFAx_5n982v8L4F9Yc\/s640\/CARTEL.jpeg\" width=\"427\" \/><\/a><\/div>\n<p><span style=\"font-size: large\"><b>La localidad toledana de Torrijos acoger\u00e1 el Campeonato de Castilla-La Mancha por Edades desde este viernes 12 de abril al pr\u00f3ximo lunes 15. Las escuelas de ajedrez de Alc\u00e1zar y Villafranca asistir\u00e1n representadas por 19 ajedrecistas distribuidos por todas las categor\u00edas desde sub-18 a sub-8. La participaci\u00f3n por los distintos grupos de edad es la siguiente:<\/b><\/span><br \/>\n<span style=\"font-size: large\"><b>&#8211; En el sub-18 (juvenil), 3 chicos y una chica. Dentro de los participantes masculinos est\u00e1n el campe\u00f3n y subcampe\u00f3n provincial de Toledo (Roberto L\u00f3pez y Adri\u00e1n Alonso), la subcampeona de Ciudad Real (Isabel Marcos-Alberca) y Pablo Vela.<\/b><\/span><br \/>\n<span style=\"font-size: large\"><b>-En el sub-16 jugar\u00e1n los chicos: Alfredo Amador (campe\u00f3n de Toledo), Roberto Yeghiazaryan y Arsenio L\u00f3pez. Mientras que Clara Vela (subcampeona de Ciudad Real), ser\u00e1 nuestra representante femenina.<\/b><\/span><br \/>\n<span style=\"font-size: large\"><b>&#8211; La participaci\u00f3n m\u00e1s numerosa se encuentra en la categor\u00eda sub-14. 4 chicos y 2 chicas competir\u00e1n con otros 47 jugadores por lograr los puestos de honor. Alonso L\u00f3pez (campe\u00f3n de Toledo) estar\u00e1 acompa\u00f1ado por Carlos P\u00e9rez, Adri\u00e1n Alhambra, Gabriel Amador, Marta Vela (3\u00aa de Ciudad Real) y Aurora Corrales.<\/b><\/span><br \/>\n<span style=\"font-size: large\"><b>&#8211; El sub-12 contar\u00e1 con la presencia del subcampe\u00f3n de<br \/>Ciudad Real, \u00c1ngel Collado, y de \u00c1ngel Javier Pozos.<\/b><\/span><br \/>\n<span style=\"font-size: large\"><b>Las dos categor\u00edas de peque\u00f1os, sub-10 y sub-8, tendr\u00e1n 3 jugadores noveles de la escuela de Alc\u00e1zar en sus tableros. Luis Arias (sub-10), y Jos\u00e9 Miguel Romero junto a Jaime Vila en el sub-8, ser\u00e1n los encargados de abrir el camino de los nuevos valores de Nuestro Ajedrez en los campeonatos regionales por edades.<\/b><\/span><br \/>\n<span style=\"font-size: large\"><b>A continuaci\u00f3n dejamos el cuadro de participantes de nuestras escuelas y clubes por cada una de las categor\u00edas:<\/b><\/span><br \/>\n<span style=\"font-size: large\"><b><\/b><\/span><\/p>\n<div class=\"separator\" style=\"clear: both;text-align: center\">\n<span style=\"font-size: large\"><b><a href=\"https:\/\/www.bfv.cloud\/ajedrezeuropa\/wp-content\/uploads\/2019\/04\/LISTADOPARTICIPANTESCAMPEONATOCASTILLA-LAMANCHA2019_001.jpg\" style=\"margin-left: 1em;margin-right: 1em\"><img decoding=\"async\" border=\"0\" data-original-height=\"993\" data-original-width=\"1600\" height=\"392\" src=\"https:\/\/blogger.googleusercontent.com\/img\/b\/R29vZ2xl\/AVvXsEjlE3wCsRYd4W1gn4xVlAsOKLbBgN8Bgu51AJbLvmu6I-p4uky5_Wis2cdDLaefLXI-nw7mKV-dT_xDvWcA8m6Mal5_F6KzkjutMFylpvYxiaS1Zframh8H5c-XCtA_Xj9JMmW-QhiKpbg\/s640\/LISTADO+PARTICIPANTES+CAMPEONATO+CASTILLA-LA+MANCHA+2019_001.jpg\" width=\"640\" \/><\/a><\/b><\/span><\/div>\n<p>\n<b><span style=\"font-size: large\">Los j\u00f3venes preparadores que acompa\u00f1ar\u00e1n a los 19 jugadores de Nuestro Ajedrez en Europa y Nuestro Ajedrez por la Igualdad en esta ocasi\u00f3n son: Isaac Lozano Osorio, Irene Sim\u00f3n Escalona y Silvia Toribio Camu\u00f1as<\/span><\/b><br \/>\n<b><span style=\"font-size: large\">Alrededor de 230 chicos y chicas de toda Castilla-La Mancha se han inscrito para disputar el campeonato que re\u00fane a los ni\u00f1os y j\u00f3venes aficionados al deporte del ajedrez.<\/span><\/b><br \/>\n<span style=\"font-size: large\"><b>Est\u00e1n previstas la retransmisi\u00f3n en directo, a trav\u00e9s de la plataforma Chess24, de varias partidas por ronda en cada uno de los grupos. Asimismo, se podr\u00e1n seguir los resultados y clasificaciones por la web info64.<\/b><\/span><br \/>\n<span style=\"font-size: large\"><b>\u00a1Buen campeonato a todos!<\/b><\/span><\/p>\n","protected":false},"excerpt":{"rendered":"<p>La localidad toledana de Torrijos acoger\u00e1 el Campeonato de Castilla-La Mancha por Edades desde este viernes 12 de abril al pr\u00f3ximo lunes 15. Las escuelas de ajedrez de Alc\u00e1zar y Villafranca asistir\u00e1n representadas por 19 ajedrecistas distribuidos por todas las categor\u00edas desde sub-18 a sub-8. La participaci\u00f3n por los distintos grupos de edad es la [&hellip;]<\/p>\n","protected":false},"author":1,"featured_media":1790,"comment_status":"open","ping_status":"closed","sticky":false,"template":"","format":"standard","meta":{"footnotes":""},"categories":[1],"tags":[],"class_list":["post-1789","post","type-post","status-publish","format-standard","has-post-thumbnail","hentry","category-noticias"],"_links":{"self":[{"href":"https:\/\/www.bfv.cloud\/ajedrezeuropa\/wp-json\/wp\/v2\/posts\/1789","targetHints":{"allow":["GET"]}}],"collection":[{"href":"https:\/\/www.bfv.cloud\/ajedrezeuropa\/wp-json\/wp\/v2\/posts"}],"about":[{"href":"https:\/\/www.bfv.cloud\/ajedrezeuropa\/wp-json\/wp\/v2\/types\/post"}],"author":[{"embeddable":true,"href":"https:\/\/www.bfv.cloud\/ajedrezeuropa\/wp-json\/wp\/v2\/users\/1"}],"replies":[{"embeddable":true,"href":"https:\/\/www.bfv.cloud\/ajedrezeuropa\/wp-json\/wp\/v2\/comments?post=1789"}],"version-history":[{"count":1,"href":"https:\/\/www.bfv.cloud\/ajedrezeuropa\/wp-json\/wp\/v2\/posts\/1789\/revisions"}],"predecessor-version":[{"id":1792,"href":"https:\/\/www.bfv.cloud\/ajedrezeuropa\/wp-json\/wp\/v2\/posts\/1789\/revisions\/1792"}],"wp:featuredmedia":[{"embeddable":true,"href":"https:\/\/www.bfv.cloud\/ajedrezeuropa\/wp-json\/wp\/v2\/media\/1790"}],"wp:attachment":[{"href":"https:\/\/www.bfv.cloud\/ajedrezeuropa\/wp-json\/wp\/v2\/media?parent=1789"}],"wp:term":[{"taxonomy":"category","embeddable":true,"href":"https:\/\/www.bfv.cloud\/ajedrezeuropa\/wp-json\/wp\/v2\/categories?post=1789"},{"taxonomy":"post_tag","embeddable":true,"href":"https:\/\/www.bfv.cloud\/ajedrezeuropa\/wp-json\/wp\/v2\/tags?post=1789"}],"curies":[{"name":"wp","href":"https:\/\/api.w.org\/{rel}","templated":true}]}}