{"id":1793,"date":"2018-10-08T10:29:00","date_gmt":"2018-10-08T10:29:00","guid":{"rendered":"https:\/\/www.bfv.cloud\/ajedrezeuropa\/index.php\/2018\/10\/08\/calendario-de-competiciones-y-actividades-2018-2019\/"},"modified":"2025-11-20T10:38:21","modified_gmt":"2025-11-20T10:38:21","slug":"calendario-de-competiciones-y-actividades-2018-2019","status":"publish","type":"post","link":"https:\/\/www.bfv.cloud\/ajedrezeuropa\/calendario-de-competiciones-y-actividades-2018-2019\/","title":{"rendered":"CALENDARIO DE COMPETICIONES Y ACTIVIDADES 2018\/2019"},"content":{"rendered":"<div class=\"separator\" style=\"clear: both;text-align: center\">\n<a href=\"https:\/\/www.bfv.cloud\/ajedrezeuropa\/wp-content\/uploads\/2018\/10\/CALENDARIOOCTDIC2018.jpg\" style=\"margin-left: 1em;margin-right: 1em\"><img fetchpriority=\"high\" decoding=\"async\" border=\"0\" data-original-height=\"1046\" data-original-width=\"1425\" height=\"468\" src=\"https:\/\/blogger.googleusercontent.com\/img\/b\/R29vZ2xl\/AVvXsEgTBUyN1hdcM3dkTzMUYhsKdhZQiu41ArcbGyO1KvYbQIM_9PiL7MYpPKHJ_z0PQrBbZmolV50O8LWanIvlwCMPU00CjRuxyO78eLhyphenhyphen6BO8OsgPXkTIULZcfPsGV51PPuHuKTGD3gsY5hY\/s640\/CALENDARIO+OCT+DIC+2018.jpg\" width=\"640\" \/><\/a><\/div>\n<div class=\"separator\" style=\"clear: both;text-align: center\">\n<a href=\"https:\/\/www.bfv.cloud\/ajedrezeuropa\/wp-content\/uploads\/2018\/10\/CALENDARIOENEROFEBRERO2019.jpg\" style=\"margin-left: 1em;margin-right: 1em\"><img decoding=\"async\" border=\"0\" data-original-height=\"796\" data-original-width=\"1543\" height=\"328\" src=\"https:\/\/blogger.googleusercontent.com\/img\/b\/R29vZ2xl\/AVvXsEhIh-C0YRdjeUt80iHLnAKFGAhyphenhyphenV_ScN8O1VOzrMai57fg6w_dQXb29Yy7DdJO-b178t2qH9dXbA6shZTsTsAohRS0_Mlql0P2gH7nlVGRxjNhuU37UJI7O3VI8bH2SP6roD9sUZ0QGi9w\/s640\/CALENDARIO+ENERO+FEBRERO+2019.jpg\" width=\"640\" \/><\/a><\/div>\n<p><span style=\"font-family: Verdana, sans-serif;font-size: large\">Aqu\u00ed os dejamos el calendario de competiciones y actividades previsto para el \u00faltimo trimestre de 2018 y los dos primeros meses de 2019.&nbsp;<\/span><br \/>\n<span style=\"font-family: Verdana, sans-serif;font-size: large\">Los calendarios mensuales est\u00e1n ajustados a los campeonatos oficiales que se organizan desde la Direcci\u00f3n Gral de Deportes o desde la FACLM, mientras que las actividades incluyen las organizadas desde nuestro proyecto, donde pueden participar l@s alumn@s de las escuelas de ajedrez de Alc\u00e1zar, Villafranca y Herencia, as\u00ed como los jugadores y jugadoras de los clubes Nuestro Ajedrez en Europa y Nuestro Ajedrez por la Igualdad.<\/span><\/p>\n<div style=\"text-align: center\">\n<b style=\"font-family: Verdana, sans-serif;font-size: x-large\"><u>Campeonatos y actividades de octubre a diciembre de 2018<\/u><\/b><\/div>\n<div style=\"text-align: center\">\n<span style=\"font-size: large\"><span style=\"font-family: Verdana, sans-serif\"><u style=\"font-style: italic\"><b>Campeonato provincial por equipos de Toledo de&nbsp;<\/b><\/u><\/span><b style=\"font-family: Verdana, sans-serif\"><u style=\"font-style: italic\">1\u00aa y 2\u00aa divisi\u00f3n:<\/u>&nbsp;<\/b><\/span><\/div>\n<div style=\"text-align: left\">\n<span style=\"font-family: Verdana, sans-serif;font-size: large\">Los domingos, 21 de octubre, 11 de noviembre y 25 de noviembre, se celebrar\u00e1 en el Centro Social del pol\u00edgono de Toledo este campeonato. En 1\u00aa divisi\u00f3n se juega ma\u00f1ana y tarde, mientras que en 2\u00aa solo por la ma\u00f1ana.&nbsp;<\/span><\/div>\n<p><span style=\"font-family: Verdana, sans-serif;font-size: large\">Las nuevas condiciones impuestas por la delegaci\u00f3n de ajedrez de Toledo obligan a que cada jugador pueda participar en una sola categor\u00eda y que tengan licencia en vigor. Adem\u00e1s, y a pesar de los pocos clubes que existen en la provincia, quieren restringir la 1\u00aa divisi\u00f3n a 8 equipos, por lo que las bases contemplan el descenso del resto a 2\u00aa para el campeonato del a\u00f1o que viene.<\/span><\/p>\n<div style=\"text-align: center\">\n<span style=\"font-family: Verdana, sans-serif;font-size: large\"><b><u><i>Copa de Espa\u00f1a por Equipos S-18 y S-12<\/i><\/u><\/b><\/span><\/div>\n<p><span style=\"font-family: Verdana, sans-serif;font-size: large\">Del 6 al 9 de diciembre se jugar\u00e1 en Benidorm la XI Copa de Espa\u00f1a por Equipos en las categor\u00edas sub-18 y sub-12. All\u00ed acudiremos con nuestros equipos como todos estos a\u00f1os. Los chicos y las chicas integrantes de estos equipos se dar\u00e1n a conocer durante el mes de noviembre.<\/span><\/p>\n<div style=\"text-align: center\">\n<span style=\"font-family: Verdana, sans-serif;font-size: large\"><b><u><i>XI Concentraci\u00f3n de Navidad<\/i><\/u><\/b><\/span><\/div>\n<div style=\"text-align: left\">\n<span style=\"font-family: Verdana, sans-serif;font-size: large\">Durante los d\u00edas: 26, 27 y 28 de diciembre se celebrar\u00e1 la 11\u00aa edici\u00f3n de la Concentraci\u00f3n de Navidad en las aulas de la casa de la cultura de Villafranca de los Caballeros.&nbsp;<\/span><\/div>\n<div style=\"text-align: left\">\n<span style=\"font-family: Verdana, sans-serif;font-size: large\">Esperamos que la participaci\u00f3n vuelva a ser tan buena como siempre.<\/span><\/div>\n","protected":false},"excerpt":{"rendered":"<p>Aqu\u00ed os dejamos el calendario de competiciones y actividades previsto para el \u00faltimo trimestre de 2018 y los dos primeros meses de 2019.&nbsp; Los calendarios mensuales est\u00e1n ajustados a los campeonatos oficiales que se organizan desde la Direcci\u00f3n Gral de Deportes o desde la FACLM, mientras que las actividades incluyen las organizadas desde nuestro proyecto, [&hellip;]<\/p>\n","protected":false},"author":1,"featured_media":1794,"comment_status":"open","ping_status":"closed","sticky":false,"template":"","format":"standard","meta":{"footnotes":""},"categories":[1],"tags":[],"class_list":["post-1793","post","type-post","status-publish","format-standard","has-post-thumbnail","hentry","category-noticias"],"_links":{"self":[{"href":"https:\/\/www.bfv.cloud\/ajedrezeuropa\/wp-json\/wp\/v2\/posts\/1793","targetHints":{"allow":["GET"]}}],"collection":[{"href":"https:\/\/www.bfv.cloud\/ajedrezeuropa\/wp-json\/wp\/v2\/posts"}],"about":[{"href":"https:\/\/www.bfv.cloud\/ajedrezeuropa\/wp-json\/wp\/v2\/types\/post"}],"author":[{"embeddable":true,"href":"https:\/\/www.bfv.cloud\/ajedrezeuropa\/wp-json\/wp\/v2\/users\/1"}],"replies":[{"embeddable":true,"href":"https:\/\/www.bfv.cloud\/ajedrezeuropa\/wp-json\/wp\/v2\/comments?post=1793"}],"version-history":[{"count":1,"href":"https:\/\/www.bfv.cloud\/ajedrezeuropa\/wp-json\/wp\/v2\/posts\/1793\/revisions"}],"predecessor-version":[{"id":1796,"href":"https:\/\/www.bfv.cloud\/ajedrezeuropa\/wp-json\/wp\/v2\/posts\/1793\/revisions\/1796"}],"wp:featuredmedia":[{"embeddable":true,"href":"https:\/\/www.bfv.cloud\/ajedrezeuropa\/wp-json\/wp\/v2\/media\/1794"}],"wp:attachment":[{"href":"https:\/\/www.bfv.cloud\/ajedrezeuropa\/wp-json\/wp\/v2\/media?parent=1793"}],"wp:term":[{"taxonomy":"category","embeddable":true,"href":"https:\/\/www.bfv.cloud\/ajedrezeuropa\/wp-json\/wp\/v2\/categories?post=1793"},{"taxonomy":"post_tag","embeddable":true,"href":"https:\/\/www.bfv.cloud\/ajedrezeuropa\/wp-json\/wp\/v2\/tags?post=1793"}],"curies":[{"name":"wp","href":"https:\/\/api.w.org\/{rel}","templated":true}]}}