{"id":1797,"date":"2012-08-15T17:55:00","date_gmt":"2012-08-15T17:55:00","guid":{"rendered":"https:\/\/www.bfv.cloud\/ajedrezeuropa\/index.php\/2012\/08\/15\/el-x-torneo-de-feria-de-alcazar-se-celebrara-el-8-de-septiembre\/"},"modified":"2025-11-20T10:38:22","modified_gmt":"2025-11-20T10:38:22","slug":"el-x-torneo-de-feria-de-alcazar-se-celebrara-el-8-de-septiembre","status":"publish","type":"post","link":"https:\/\/www.bfv.cloud\/ajedrezeuropa\/el-x-torneo-de-feria-de-alcazar-se-celebrara-el-8-de-septiembre\/","title":{"rendered":"EL X TORNEO DE FERIA DE ALC\u00c1ZAR SE CELEBRAR\u00c1 EL 8 DE SEPTIEMBRE"},"content":{"rendered":"<div class=\"separator\" style=\"clear: both;text-align: center\"><a href=\"https:\/\/www.bfv.cloud\/ajedrezeuropa\/wp-content\/uploads\/2012\/08\/carteldeltorneodealcC3A1zarenjpg-1.jpg\" style=\"margin-left: 1em;margin-right: 1em\"><img fetchpriority=\"high\" decoding=\"async\" border=\"0\" height=\"640\" src=\"https:\/\/blogger.googleusercontent.com\/img\/b\/R29vZ2xl\/AVvXsEjxGV7Rh_I1-BAYWWvy-mQ_VnlBMr1ayV15xGdgOAZZol_SCjHZCieNNlA22WQ9D4pfQgL06HWCWTi7bEcrsJ2GOoT4agwUK_5IQ35gcZ7USIYzL019YcVcV6CLjUb2jnU-teXcFFMZgLo\/s640\/cartel+del+torneo+de+alc%C3%A1zar+en+jpg.JPG\" width=\"451\" \/><\/a><\/div>\n<p><strong><span style=\"color: purple;, sans-serif\">La 5\u00aa edici\u00f3n del FESTIVAL INFANTIL Y JUVENIL NUESTRO AJEDREZ EN EUROPA se celebrar\u00e1 el s\u00e1bado 8 de septiembre en el Centro C\u00edvico de la plaza de Espa\u00f1a. Este tradicional torneo de feria de Alc\u00e1zar de San Juan cumple una d\u00e9cada,&nbsp;habi\u00e9ndose adaptado a distintos&nbsp;formatos en estos a\u00f1os. El torneo de 2012 incorpora, por primera vez, un TORNEO SUB-18 individual con premios por equipos (clubes)&nbsp;para jugadores y jugadoras nacidos en 1994 y 1995, adem\u00e1s del V TORNEO SUB-16 en la misma modalidad de juego en la que tradicionalmente se ha celebrado.<\/span><\/strong><br \/>\n<strong><span style=\"color: purple;font-family: Trebuchet MS\">En el cartel constan algunas de las condiciones especificadas al completo en las respectivas bases de los torneos sub-18 y sub-16. <\/span><\/strong><br \/>\n<strong><span style=\"color: purple;font-family: Trebuchet MS\">Es importante destacar la permanencia de los premios econ\u00f3micos para los clubes, esta vez repartidos para las 2 categor\u00edas en juego, aunque se haya tenido que reducir su cuant\u00eda y modificar su distribuci\u00f3n. Tambi\u00e9n se mantiene la cuota de inscripci\u00f3n de 10 \u20ac con derecho al catering de mediod\u00eda para todos los chicos y chicas participantes.<\/span><\/strong><br \/>\n<strong><span style=\"color: purple;font-family: Trebuchet MS\">En pocos d\u00edas se enviar\u00e1n las bases a los clubes que nos han venido acompa\u00f1ando en las pasadas ediciones para que puedan comprobar otras variaciones organizativas importantes que se deber\u00e1n tener en cuenta a la hora de formalizar la inscripci\u00f3n.<\/span><\/strong><br \/>\n<strong><span style=\"color: purple;font-family: Trebuchet MS\">Desde esta p\u00e1gina queremos animaros a todos a participar.<\/span><\/strong><\/p>\n<div align=\"center\"><strong><span style=\"color: purple;font-family: Trebuchet MS\">\u00a1\u00a1OS ESPERAMOS!!<\/span><\/strong>\ufeff<\/div>\n","protected":false},"excerpt":{"rendered":"<p>La 5\u00aa edici\u00f3n del FESTIVAL INFANTIL Y JUVENIL NUESTRO AJEDREZ EN EUROPA se celebrar\u00e1 el s\u00e1bado 8 de septiembre en el Centro C\u00edvico de la plaza de Espa\u00f1a. Este tradicional torneo de feria de Alc\u00e1zar de San Juan cumple una d\u00e9cada,&nbsp;habi\u00e9ndose adaptado a distintos&nbsp;formatos en estos a\u00f1os. El torneo de 2012 incorpora, por primera vez, [&hellip;]<\/p>\n","protected":false},"author":1,"featured_media":1798,"comment_status":"open","ping_status":"closed","sticky":false,"template":"","format":"standard","meta":{"footnotes":""},"categories":[1],"tags":[],"class_list":["post-1797","post","type-post","status-publish","format-standard","has-post-thumbnail","hentry","category-noticias"],"_links":{"self":[{"href":"https:\/\/www.bfv.cloud\/ajedrezeuropa\/wp-json\/wp\/v2\/posts\/1797","targetHints":{"allow":["GET"]}}],"collection":[{"href":"https:\/\/www.bfv.cloud\/ajedrezeuropa\/wp-json\/wp\/v2\/posts"}],"about":[{"href":"https:\/\/www.bfv.cloud\/ajedrezeuropa\/wp-json\/wp\/v2\/types\/post"}],"author":[{"embeddable":true,"href":"https:\/\/www.bfv.cloud\/ajedrezeuropa\/wp-json\/wp\/v2\/users\/1"}],"replies":[{"embeddable":true,"href":"https:\/\/www.bfv.cloud\/ajedrezeuropa\/wp-json\/wp\/v2\/comments?post=1797"}],"version-history":[{"count":1,"href":"https:\/\/www.bfv.cloud\/ajedrezeuropa\/wp-json\/wp\/v2\/posts\/1797\/revisions"}],"predecessor-version":[{"id":1799,"href":"https:\/\/www.bfv.cloud\/ajedrezeuropa\/wp-json\/wp\/v2\/posts\/1797\/revisions\/1799"}],"wp:featuredmedia":[{"embeddable":true,"href":"https:\/\/www.bfv.cloud\/ajedrezeuropa\/wp-json\/wp\/v2\/media\/1798"}],"wp:attachment":[{"href":"https:\/\/www.bfv.cloud\/ajedrezeuropa\/wp-json\/wp\/v2\/media?parent=1797"}],"wp:term":[{"taxonomy":"category","embeddable":true,"href":"https:\/\/www.bfv.cloud\/ajedrezeuropa\/wp-json\/wp\/v2\/categories?post=1797"},{"taxonomy":"post_tag","embeddable":true,"href":"https:\/\/www.bfv.cloud\/ajedrezeuropa\/wp-json\/wp\/v2\/tags?post=1797"}],"curies":[{"name":"wp","href":"https:\/\/api.w.org\/{rel}","templated":true}]}}