{"id":180,"date":"2015-07-26T18:08:00","date_gmt":"2015-07-26T18:08:00","guid":{"rendered":"https:\/\/www.bfv.cloud\/ajedrezeuropa\/index.php\/2015\/07\/26\/a-punto-de-comenzar-la-8a-edicion-del-campus-de-verano\/"},"modified":"2025-11-20T10:14:18","modified_gmt":"2025-11-20T10:14:18","slug":"a-punto-de-comenzar-la-8a-edicion-del-campus-de-verano","status":"publish","type":"post","link":"https:\/\/www.bfv.cloud\/ajedrezeuropa\/a-punto-de-comenzar-la-8a-edicion-del-campus-de-verano\/","title":{"rendered":"\u00a1\u00a1A PUNTO DE COMENZAR LA 8\u00aa EDICI\u00d3N DEL CAMPUS DE VERANO!!"},"content":{"rendered":"<div class=\"separator\" style=\"clear: both;text-align: center\">\n<a href=\"https:\/\/www.bfv.cloud\/ajedrezeuropa\/wp-content\/uploads\/2015\/07\/cartelVIIIcampusdefinitivo.jpg\" style=\"clear: right;float: right;margin-bottom: 1em;margin-left: 1em\"><img fetchpriority=\"high\" decoding=\"async\" border=\"0\" height=\"400\" src=\"https:\/\/blogger.googleusercontent.com\/img\/b\/R29vZ2xl\/AVvXsEg-_LhF1MvitpQ7CP1nQb29U5mBX1BEvrYK7FMtJAR7GuADqFeLikoycX4S34Jm7FsaxtucjpY8vOJIsEXtDnwm1QRTzcJs1FjvDoHNJGKTJFWOcI8455-Tvej_MBo229B-zfXoif8I-jQ\/s400\/cartel+VIIIcampus+definitivo.jpg\" width=\"282\" \/><\/a><\/div>\n<p><span style=\"color: #660000;font-family: Verdana, sans-serif\"><b>Os recordamos a todos que ma\u00f1ana lunes a las 10 horas, en el edificio de La Covadonga de Alc\u00e1zar comenzar\u00e1 el 8\u00ba Campus de Perfeccionamiento, que tendr\u00e1 su inauguraci\u00f3n oficial a partir de las 19,30 horas en el sal\u00f3n de actos con la presencia de los responsables pol\u00edticos de los ayuntamientos que apoyan nuestro proyecto; por Alc\u00e1zar de San Juan su alcaldesa, Rosa Melchor, y por Villafranca de los Caballeros su primer edil, Juli\u00e1n Bola\u00f1os.<\/b><\/span><br \/>\n<span style=\"color: #660000;font-family: Verdana, sans-serif\"><b>Animamos a nuestros amigos, alumnos y familiares, a asistir a este acto inaugural, donde tambi\u00e9n estar\u00e1n los entrenadores y preparadores del campus, con los grandes maestros Elizbar Ubilava y Herminio Herr\u00e1iz a la cabeza.<\/b><\/span><br \/>\n<span style=\"color: #660000;font-family: Verdana, sans-serif\"><b>Durante toda la semana iremos informando de algunos otros actos y actividades que se celebrar\u00e1n en paralelo al propio campus.<\/b><\/span><\/p>\n","protected":false},"excerpt":{"rendered":"<p>Os recordamos a todos que ma\u00f1ana lunes a las 10 horas, en el edificio de La Covadonga de Alc\u00e1zar comenzar\u00e1 el 8\u00ba Campus de Perfeccionamiento, que tendr\u00e1 su inauguraci\u00f3n oficial a partir de las 19,30 horas en el sal\u00f3n de actos con la presencia de los responsables pol\u00edticos de los ayuntamientos que apoyan nuestro proyecto; [&hellip;]<\/p>\n","protected":false},"author":1,"featured_media":181,"comment_status":"open","ping_status":"closed","sticky":false,"template":"","format":"standard","meta":{"footnotes":""},"categories":[1],"tags":[],"class_list":["post-180","post","type-post","status-publish","format-standard","has-post-thumbnail","hentry","category-noticias"],"_links":{"self":[{"href":"https:\/\/www.bfv.cloud\/ajedrezeuropa\/wp-json\/wp\/v2\/posts\/180","targetHints":{"allow":["GET"]}}],"collection":[{"href":"https:\/\/www.bfv.cloud\/ajedrezeuropa\/wp-json\/wp\/v2\/posts"}],"about":[{"href":"https:\/\/www.bfv.cloud\/ajedrezeuropa\/wp-json\/wp\/v2\/types\/post"}],"author":[{"embeddable":true,"href":"https:\/\/www.bfv.cloud\/ajedrezeuropa\/wp-json\/wp\/v2\/users\/1"}],"replies":[{"embeddable":true,"href":"https:\/\/www.bfv.cloud\/ajedrezeuropa\/wp-json\/wp\/v2\/comments?post=180"}],"version-history":[{"count":1,"href":"https:\/\/www.bfv.cloud\/ajedrezeuropa\/wp-json\/wp\/v2\/posts\/180\/revisions"}],"predecessor-version":[{"id":182,"href":"https:\/\/www.bfv.cloud\/ajedrezeuropa\/wp-json\/wp\/v2\/posts\/180\/revisions\/182"}],"wp:featuredmedia":[{"embeddable":true,"href":"https:\/\/www.bfv.cloud\/ajedrezeuropa\/wp-json\/wp\/v2\/media\/181"}],"wp:attachment":[{"href":"https:\/\/www.bfv.cloud\/ajedrezeuropa\/wp-json\/wp\/v2\/media?parent=180"}],"wp:term":[{"taxonomy":"category","embeddable":true,"href":"https:\/\/www.bfv.cloud\/ajedrezeuropa\/wp-json\/wp\/v2\/categories?post=180"},{"taxonomy":"post_tag","embeddable":true,"href":"https:\/\/www.bfv.cloud\/ajedrezeuropa\/wp-json\/wp\/v2\/tags?post=180"}],"curies":[{"name":"wp","href":"https:\/\/api.w.org\/{rel}","templated":true}]}}