{"id":1800,"date":"2012-12-27T00:06:00","date_gmt":"2012-12-27T00:06:00","guid":{"rendered":"https:\/\/www.bfv.cloud\/ajedrezeuropa\/index.php\/2012\/12\/27\/se-modifica-la-fecha-de-la-rueda-de-prensa-de-la-v-concentracion-de-navidad\/"},"modified":"2025-11-20T10:38:23","modified_gmt":"2025-11-20T10:38:23","slug":"se-modifica-la-fecha-de-la-rueda-de-prensa-de-la-v-concentracion-de-navidad","status":"publish","type":"post","link":"https:\/\/www.bfv.cloud\/ajedrezeuropa\/se-modifica-la-fecha-de-la-rueda-de-prensa-de-la-v-concentracion-de-navidad\/","title":{"rendered":"SE MODIFICA LA FECHA DE LA RUEDA DE PRENSA DE LA V CONCENTRACI\u00d3N DE NAVIDAD"},"content":{"rendered":"<div class=\"separator\" style=\"clear: both;text-align: center\">\n<a href=\"https:\/\/www.bfv.cloud\/ajedrezeuropa\/wp-content\/uploads\/2012\/12\/carteldelaVconcentraci25C325B3ndenavidad.jpg\" style=\"clear: left;float: left;margin-bottom: 1em;margin-right: 1em\"><img fetchpriority=\"high\" decoding=\"async\" border=\"0\" height=\"320\" src=\"https:\/\/blogger.googleusercontent.com\/img\/b\/R29vZ2xl\/AVvXsEjzbe0c9Bcs6SDoNgjv8eISBiGI6RcLheNCvC2-9NPG7Hs6zSgsRY3AUteNPa-3k-Q_8XBfr5KqqFRf5JNBdgoAHm8I3rtB1tZOD6yixzsy0xU2THanWMwxBmWLRbR02IR1iy4NyJY1uac\/s320\/cartel+de+la++V+concentraci%25C3%25B3n+de+navidad.JPG\" width=\"226\" \/><\/a><\/div>\n<p><strong><span style=\"color: #38761d;, sans-serif\">La rueda de prensa explicativa de la V CONCENTRACI\u00d3N DE NAVIDAD y de los pr\u00f3ximos proyectos a desarrollar se celebrar\u00e1, finalmente,&nbsp;en el ayuntamiento de Alc\u00e1zar de San&nbsp;Juan el viernes 28 de diciembre a las 12,30 de la ma\u00f1ana. <\/span><\/strong><\/p>\n<h3 align=\"center\">\n<u>VI GALA DEL DEPORTE DE VILLAFRANCA\ufeff<\/u><\/h3>\n<div align=\"center\">\n<strong><span style=\", Arial, Helvetica, sans-serif\">El 29 de diciembre, s\u00e1bado, a partir de las 5,30 de la tarde tendr\u00e1 lugar en el auditorio municipal de Villafranca&nbsp; la&nbsp; 6\u00aa Gala del Deporte Local. El ajedrez premiar\u00e1 a 2 jovenc\u00edsimas promesas de nuestra cantera, Mar\u00eda Oliver y \u00d3scar Roncero, junto a 4 destacados&nbsp;jugadores de nuestros equipos absolutos: Luismi Monreal, Antonio Albo, Carlos Romo y Jos\u00e9 M\u00aa Pastrana. <\/span><\/strong><\/div>\n<div align=\"center\">\n<strong><span style=\", Arial, Helvetica, sans-serif\">\u00a1\u00a1Enhorabuena a todos!!<\/span><\/strong><\/div>\n","protected":false},"excerpt":{"rendered":"<p>La rueda de prensa explicativa de la V CONCENTRACI\u00d3N DE NAVIDAD y de los pr\u00f3ximos proyectos a desarrollar se celebrar\u00e1, finalmente,&nbsp;en el ayuntamiento de Alc\u00e1zar de San&nbsp;Juan el viernes 28 de diciembre a las 12,30 de la ma\u00f1ana. VI GALA DEL DEPORTE DE VILLAFRANCA\ufeff El 29 de diciembre, s\u00e1bado, a partir de las 5,30 de [&hellip;]<\/p>\n","protected":false},"author":1,"featured_media":1801,"comment_status":"open","ping_status":"closed","sticky":false,"template":"","format":"standard","meta":{"footnotes":""},"categories":[1],"tags":[],"class_list":["post-1800","post","type-post","status-publish","format-standard","has-post-thumbnail","hentry","category-noticias"],"_links":{"self":[{"href":"https:\/\/www.bfv.cloud\/ajedrezeuropa\/wp-json\/wp\/v2\/posts\/1800","targetHints":{"allow":["GET"]}}],"collection":[{"href":"https:\/\/www.bfv.cloud\/ajedrezeuropa\/wp-json\/wp\/v2\/posts"}],"about":[{"href":"https:\/\/www.bfv.cloud\/ajedrezeuropa\/wp-json\/wp\/v2\/types\/post"}],"author":[{"embeddable":true,"href":"https:\/\/www.bfv.cloud\/ajedrezeuropa\/wp-json\/wp\/v2\/users\/1"}],"replies":[{"embeddable":true,"href":"https:\/\/www.bfv.cloud\/ajedrezeuropa\/wp-json\/wp\/v2\/comments?post=1800"}],"version-history":[{"count":1,"href":"https:\/\/www.bfv.cloud\/ajedrezeuropa\/wp-json\/wp\/v2\/posts\/1800\/revisions"}],"predecessor-version":[{"id":1802,"href":"https:\/\/www.bfv.cloud\/ajedrezeuropa\/wp-json\/wp\/v2\/posts\/1800\/revisions\/1802"}],"wp:featuredmedia":[{"embeddable":true,"href":"https:\/\/www.bfv.cloud\/ajedrezeuropa\/wp-json\/wp\/v2\/media\/1801"}],"wp:attachment":[{"href":"https:\/\/www.bfv.cloud\/ajedrezeuropa\/wp-json\/wp\/v2\/media?parent=1800"}],"wp:term":[{"taxonomy":"category","embeddable":true,"href":"https:\/\/www.bfv.cloud\/ajedrezeuropa\/wp-json\/wp\/v2\/categories?post=1800"},{"taxonomy":"post_tag","embeddable":true,"href":"https:\/\/www.bfv.cloud\/ajedrezeuropa\/wp-json\/wp\/v2\/tags?post=1800"}],"curies":[{"name":"wp","href":"https:\/\/api.w.org\/{rel}","templated":true}]}}