{"id":1803,"date":"2015-09-01T22:52:00","date_gmt":"2015-09-01T22:52:00","guid":{"rendered":"https:\/\/www.bfv.cloud\/ajedrezeuropa\/index.php\/2015\/09\/01\/la-13a-edicion-del-torneo-de-feria-de-alcazar-reune-a-medio-centenar-de-jovenes-ajedrecistas\/"},"modified":"2025-11-20T10:38:34","modified_gmt":"2025-11-20T10:38:34","slug":"la-13a-edicion-del-torneo-de-feria-de-alcazar-reune-a-medio-centenar-de-jovenes-ajedrecistas","status":"publish","type":"post","link":"https:\/\/www.bfv.cloud\/ajedrezeuropa\/la-13a-edicion-del-torneo-de-feria-de-alcazar-reune-a-medio-centenar-de-jovenes-ajedrecistas\/","title":{"rendered":"LA 13\u00aa EDICI\u00d3N DEL TORNEO DE FERIA DE ALC\u00c1ZAR RE\u00daNE A MEDIO CENTENAR DE J\u00d3VENES AJEDRECISTAS"},"content":{"rendered":"<div align=\"left\" class=\"MsoBodyText\">\n<table cellpadding=\"0\" cellspacing=\"0\" class=\"tr-caption-container\" style=\"float: right;margin-left: 1em;text-align: right\">\n<tbody>\n<tr>\n<td style=\"text-align: center\"><a href=\"https:\/\/www.bfv.cloud\/ajedrezeuropa\/wp-content\/uploads\/2015\/09\/SAM_2099.jpg\" style=\"clear: right;margin-bottom: 1em;margin-left: auto;margin-right: auto\"><img fetchpriority=\"high\" decoding=\"async\" border=\"0\" height=\"251\" src=\"https:\/\/blogger.googleusercontent.com\/img\/b\/R29vZ2xl\/AVvXsEiDmt08IIscJlax9x3E5bmVdtF_XQcl4sjJnuLC56gJKnlFnAPVHSBvrZvgW9pijQBcgUzbrQZU3pjBJjL3jF_u0umhatSO0996tkFs3uemO3k7jt3QTlQPiaB2I0Fkh2IUX0qIfu9qIF0\/s400\/SAM_2099.JPG\" width=\"400\" \/><\/a><\/td>\n<\/tr>\n<tr>\n<td class=\"tr-caption\" style=\"text-align: center\">Un invitado de honor: el trofeo en la sala de juego del Torneo de Alc\u00e1zar<\/td>\n<\/tr>\n<\/tbody>\n<\/table>\n<div align=\"left\" class=\"MsoBodyText\">\n<span style=\"font-family: Georgia, Times New Roman, serif\"><b>La gran respuesta<br \/>\nobtenida de los&nbsp; j\u00f3venes jugadores de los<br \/>\nclubes que forman el proyecto NUESTRO AJEDREZ EN EUROPA, ha servido para rozar<br \/>\nde nuevo la cifra de 50 participantes en el Torneo de Feria de Alc\u00e1zar. En<br \/>\ncuanto a la distribuci\u00f3n por clubes, han sido 6&nbsp;<br \/>\nlos equipos que se han presentado dentro de los dos torneos de este<br \/>\noctavo Festival, 3 por cada categor\u00eda de edad.&nbsp;<\/b><\/span><\/div>\n<p><\/p>\n<table align=\"center\" cellpadding=\"0\" cellspacing=\"0\" class=\"tr-caption-container\" style=\"margin-left: auto;margin-right: auto;text-align: center\">\n<tbody>\n<tr>\n<td style=\"text-align: center\"><a href=\"https:\/\/www.bfv.cloud\/ajedrezeuropa\/wp-content\/uploads\/2015\/09\/SAM_2088.jpg\" style=\"margin-left: auto;margin-right: auto\"><img decoding=\"async\" border=\"0\" height=\"190\" src=\"https:\/\/blogger.googleusercontent.com\/img\/b\/R29vZ2xl\/AVvXsEhZIzTZ-jUlppgOQ8DV3Dn3Hl5WqBFMNo96qTC1Mj2saBHTLvO_Ppb_hbj9mTO8digQQIETKJxcLbfXNDuPA-DPhZhOpqKjGh2LT9nXYIvKfAwfNfCth5x_EA7ul-mLI3o28MC-PdaWwtY\/s400\/SAM_2088.JPG\" width=\"400\" \/><\/a><\/td>\n<\/tr>\n<tr>\n<td class=\"tr-caption\" style=\"text-align: center\">Una visi\u00f3n general de la sala de juego<\/td>\n<\/tr>\n<\/tbody>\n<\/table>\n<table cellpadding=\"0\" cellspacing=\"0\" class=\"tr-caption-container\" style=\"float: right;margin-left: 1em;text-align: right\">\n<tbody>\n<tr>\n<td style=\"text-align: center\"><a href=\"https:\/\/www.bfv.cloud\/ajedrezeuropa\/wp-content\/uploads\/2015\/09\/SAM_2107.jpg\" style=\"clear: right;margin-bottom: 1em;margin-left: auto;margin-right: auto\"><img decoding=\"async\" border=\"0\" height=\"185\" src=\"https:\/\/blogger.googleusercontent.com\/img\/b\/R29vZ2xl\/AVvXsEi7Izhe5_eqbw61Hw4YGA3tLqLXdEdy9gMBgDBkZAkYSwcqsUG1yTJf2487imRWnmgjv2c_eQapYAL-e7MZK-zwHemD7d6ZH_04fL9IBTDCOZCmqY22vfEAjxpXrfO7rxBpLGa_R-k1aH8\/s400\/SAM_2107.JPG\" width=\"400\" \/><\/a><\/td>\n<\/tr>\n<tr>\n<td class=\"tr-caption\" style=\"text-align: center\">Una imagen de algunos de los jugadores que disputaron el sub-20<\/td>\n<\/tr>\n<\/tbody>\n<\/table>\n<div align=\"left\" class=\"MsoBodyText\">\n<span style=\"font-family: Georgia, Times New Roman, serif\"><b>Los 13 j\u00f3venes que<br \/>\ndisputaron la 2\u00aa edici\u00f3n del torneo sub-20 siguen siendo un importante<br \/>\nreferente para el resto de alumnos y alumnas de sus respectivas escuelas. Esta<br \/>\ncategor\u00eda reuni\u00f3 a buena parte de nuestros jugadores de los equipos absolutos y<br \/>\ntuvo un claro vencedor en el club NUESTRO AJEDREZ EN EUROPA con 11,5 puntos,<br \/>\nseguido de TOMELLOSO con 9,5 puntos y de NUESTRO AJEDREZ POR LA IGUALDAD con<br \/>\n7,5. La victoria individual la obtuvo ISAAC LOZANO igualado a 4 puntos con su<br \/>\ncompa\u00f1ero de equipo en la formaci\u00f3n de \u201cEUROPA\u201d, SANTIAGO TALAVERA.&nbsp;<\/b><\/span><\/div>\n<div class=\"separator\" style=\"clear: both;text-align: center\">\n<a href=\"https:\/\/www.bfv.cloud\/ajedrezeuropa\/wp-content\/uploads\/2015\/09\/CLASIFFINALS-20.jpg\" style=\"margin-left: 1em;margin-right: 1em\"><img loading=\"lazy\" decoding=\"async\" border=\"0\" height=\"244\" src=\"https:\/\/blogger.googleusercontent.com\/img\/b\/R29vZ2xl\/AVvXsEjmFL6SHiiGVSaUc6By2J0AYzvgHOkSa2uJBMVyxbWOBF-s21i5Lk61dGfjlcu9KPzz4-kLiV0sidtAlM7BmTWMyUC43vBRfOqgYFmJbEBHorjtcJnAExrWUfZiK9KTkKdGTtVtT_F-ub8\/s640\/CLASIF+FINAL+S-20.jpg\" width=\"640\" \/><\/a><\/div>\n<p><b style=\"font-family: Georgia, 'Times New Roman', serif\">Por su parte, el octavo<br \/>\ntorneo sub-16 sum\u00f3 34 participantes, con varias bajas de \u00faltima hora que<br \/>\nafectaron a todos los clubes, lo que supuso una mayor igualdad tras la suma de<br \/>\nlos 8 mejores tableros de cada equipo. En la clasificaci\u00f3n final se produjo un<br \/>\nempate a 34 puntos entre NUESTRO AJEDREZ EN EUROPA y TOMELLOSO, que fue<br \/>\nresuelto por una diferencia de 17 puntos del primer desempate a favor de<br \/>\n\u201cEUROPA\u201d. En 3\u00aa posici\u00f3n quedaba NUESTRO AJEDREZ POR LA IGUALDAD con 31 puntos,<br \/>\na tan solo 3 de los dos primeros clasificados. Este equipo, que ha servido de<br \/>\niniciaci\u00f3n a la competici\u00f3n para muchos de los alumnos y alumnas de las<br \/>\nescuelas de ajedrez de Alc\u00e1zar y Villafranca, va creciendo en juego y<br \/>\nresultados temporada tras temporada, aunque el objetivo principal que se<br \/>\npersigue sea el de dar mayor n\u00famero de oportunidades de aprendizaje y<br \/>\nexperiencia a las generaciones de peque\u00f1os ajedrecistas que van aficion\u00e1ndose<br \/>\nal \u201cdeporte de la mente\u201d.&nbsp;<\/b><\/p>\n<div class=\"separator\" style=\"clear: both;text-align: center\">\n<a href=\"https:\/\/www.bfv.cloud\/ajedrezeuropa\/wp-content\/uploads\/2015\/09\/CLASIFFINALS-16.jpg\" style=\"margin-left: 1em;margin-right: 1em\"><img loading=\"lazy\" decoding=\"async\" border=\"0\" height=\"468\" src=\"https:\/\/blogger.googleusercontent.com\/img\/b\/R29vZ2xl\/AVvXsEiVRNyuBYHWRgOFOdQW7J-iUKTlbZUbcyP4dF8_pvhpz13idzz5gHS_McX-YWqnd4KJKVnzwCMePFn2QiXVNfVAlCXPOHJ2ygQ1wxdOX2ZUu9m8rzAvgTTRLZM1Lp4liDFFgGvjo2xafQk\/s640\/CLASIF+FINAL+S-16.jpg\" width=\"640\" \/><\/a><\/div>\n<p><b style=\"font-family: Georgia, 'Times New Roman', serif\">La entrega de trofeos<br \/>\npara los equipos ganadores y para todos los participantes fue realizada por los<br \/>\nconcejales del ayuntamiento alcazare\u00f1o: Juan Garrido y Paco Garc\u00eda-Navas. Aqu\u00ed<br \/>\nos dejamos con varias im\u00e1genes del desarrollo del torneo y de la clausura.<\/b><\/p>\n<table align=\"center\" cellpadding=\"0\" cellspacing=\"0\" class=\"tr-caption-container\" style=\"margin-left: auto;margin-right: auto;text-align: center\">\n<tbody>\n<tr>\n<td style=\"text-align: center\"><a href=\"https:\/\/www.bfv.cloud\/ajedrezeuropa\/wp-content\/uploads\/2015\/09\/SAM_2127.jpg\" style=\"margin-left: auto;margin-right: auto\"><img loading=\"lazy\" decoding=\"async\" border=\"0\" height=\"190\" src=\"https:\/\/blogger.googleusercontent.com\/img\/b\/R29vZ2xl\/AVvXsEga8aoyk8P-hmWsr-inNm6KAbNE71Y-q98_M7hZiHid4I3zoVgYssFKIswb-6h5K_DAPr0Rk6e_C8d_1PDWqyxMRCwKUF4nic4eY6fKGnt0qQBdeQpWagXhvNXNVztUTLbshuLgvZB8QFo\/s640\/SAM_2127.JPG\" width=\"640\" \/><\/a><\/td>\n<\/tr>\n<tr>\n<td class=\"tr-caption\" style=\"text-align: center\">NUESTRO AJEDREZ EN EUROPA, campe\u00f3n del Torneo Sub-16<\/td>\n<\/tr>\n<\/tbody>\n<\/table>\n<div align=\"left\" class=\"MsoBodyText\">\n<\/div>\n<table cellpadding=\"0\" cellspacing=\"0\" class=\"tr-caption-container\" style=\"float: left;margin-right: 1em;text-align: left\">\n<tbody>\n<tr>\n<td style=\"text-align: center\"><a href=\"https:\/\/www.bfv.cloud\/ajedrezeuropa\/wp-content\/uploads\/2015\/09\/SAM_2126.jpg\" style=\"clear: left;margin-bottom: 1em;margin-left: auto;margin-right: auto\"><img loading=\"lazy\" decoding=\"async\" border=\"0\" height=\"147\" src=\"https:\/\/blogger.googleusercontent.com\/img\/b\/R29vZ2xl\/AVvXsEj5aU38MB74LL65Miw4TlE-2vEy8O4GwXce3bdRmV_iJzRm5FE-yKOjoh29Z6vAito1d7iR6TTD8t09X-SouDyVOnZzvhSKVarfCjjuiKL64Ea-YA8vjvD4CSPPl9LY-cQfR-LO8xlWSmQ\/s400\/SAM_2126.JPG\" width=\"400\" \/><\/a><\/td>\n<\/tr>\n<tr>\n<td class=\"tr-caption\" style=\"text-align: center\">TOMELLOSO, subcampe\u00f3n Torneo Sub-16<\/td>\n<\/tr>\n<\/tbody>\n<\/table>\n<p><\/p>\n<div align=\"left\" class=\"MsoBodyText\">\n<span style=\"font-family: Georgia, Times New Roman, serif\"><b><br \/><\/b><\/span><\/div>\n<div align=\"left\" class=\"MsoBodyText\">\n<span style=\"font-family: Georgia, Times New Roman, serif\"><b><br \/><\/b><\/span><\/div>\n<table align=\"center\" cellpadding=\"0\" cellspacing=\"0\" class=\"tr-caption-container\" style=\"float: right;margin-left: 1em;text-align: right\">\n<tbody>\n<tr>\n<td style=\"text-align: center\"><a href=\"https:\/\/www.bfv.cloud\/ajedrezeuropa\/wp-content\/uploads\/2015\/09\/SAM_2124.jpg\" style=\"margin-left: auto;margin-right: auto\"><img loading=\"lazy\" decoding=\"async\" border=\"0\" height=\"157\" src=\"https:\/\/blogger.googleusercontent.com\/img\/b\/R29vZ2xl\/AVvXsEiURmAl_E0fQwRJ2Efjuujsclr73r3OzCiHPsZfJWlrx08h1Tex8u3vHSBtN7lE8kSFLQ0Ea579FMxSIJFhZfQOPXygKZlPIEV3Oy3K6dUGUto7LbYoZsJDNWSX0ervEhnGd0FJ0ryi17w\/s400\/SAM_2124.JPG\" width=\"400\" \/><\/a><\/td>\n<\/tr>\n<tr>\n<td class=\"tr-caption\" style=\"text-align: center\">NUESTRO AJEDREZ POR LA IGUALDAD, 3\u00ba clasificado en el<br \/>\nTorneo Sub-16<\/td>\n<\/tr>\n<\/tbody>\n<\/table>\n<div align=\"left\" class=\"MsoBodyText\">\n<span style=\"font-family: Georgia, Times New Roman, serif\"><b><br \/><\/b><\/span><\/div>\n<p><span style=\"font-family: Arial, Helvetica, sans-serif\"><b><u><br \/><\/u><\/b><\/span><\/div>\n<div align=\"left\" class=\"MsoBodyText\">\n<span style=\"font-family: Arial, Helvetica, sans-serif\"><b><u><br \/><\/u><\/b><\/span><\/div>\n<div align=\"left\" class=\"MsoBodyText\">\n<span style=\"font-family: Arial, Helvetica, sans-serif\"><b><u><br \/><\/u><\/b><\/span><\/div>\n<div align=\"left\" class=\"MsoBodyText\">\n<span style=\"font-family: Arial, Helvetica, sans-serif\"><b><u><br \/><\/u><\/b><\/span><\/div>\n<div align=\"left\" class=\"MsoBodyText\">\n<span style=\"font-family: Arial, Helvetica, sans-serif\"><b><u><br \/><\/u><\/b><\/span><\/div>\n<div align=\"left\" class=\"MsoBodyText\">\n<span style=\"font-family: Arial, Helvetica, sans-serif\"><b><u><br \/><\/u><\/b><\/span><\/div>\n<div align=\"left\" class=\"MsoBodyText\">\n<span style=\"font-family: Arial, Helvetica, sans-serif\"><b><u><br \/><\/u><\/b><\/span><\/div>\n<div align=\"left\" class=\"MsoBodyText\">\n<span style=\"font-family: Arial, Helvetica, sans-serif\"><b><u><br \/><\/u><\/b><\/span><\/div>\n<div align=\"left\" class=\"MsoBodyText\">\n<span style=\"font-family: Arial, Helvetica, sans-serif\"><b><u><br \/><\/u><\/b><\/span><\/div>\n<div align=\"left\" class=\"MsoBodyText\">\n<span style=\"font-family: Arial, Helvetica, sans-serif\"><b><u><br \/><\/u><\/b><\/span><\/div>\n<div align=\"left\" class=\"MsoBodyText\">\n<span style=\"font-family: Arial, Helvetica, sans-serif\"><b><u><br \/><\/u><\/b><\/span><\/div>\n<div align=\"left\" class=\"MsoBodyText\">\n<span style=\"font-family: Arial, Helvetica, sans-serif\"><b><u><br \/><\/u><\/b><\/span><\/div>\n<div align=\"left\" class=\"MsoBodyText\">\n<span style=\"font-family: Arial, Helvetica, sans-serif\"><b><u><br \/><\/u><\/b><\/span><\/div>\n<div align=\"left\" class=\"MsoBodyText\">\n<span style=\"font-family: Arial, Helvetica, sans-serif\"><b><u>El reportaje de la Cadena SER<\/u><\/b><\/span><\/div>\n<table cellpadding=\"0\" cellspacing=\"0\" class=\"tr-caption-container\" style=\"float: right;text-align: center\">\n<tbody>\n<tr>\n<td style=\"text-align: center\"><a href=\"https:\/\/www.bfv.cloud\/ajedrezeuropa\/wp-content\/uploads\/2015\/09\/FOTOENTREVISTACADENASERALC25C32581ZARAGOSTO2015.jpg\" style=\"margin-left: auto;margin-right: auto\"><img loading=\"lazy\" decoding=\"async\" border=\"0\" height=\"283\" src=\"https:\/\/blogger.googleusercontent.com\/img\/b\/R29vZ2xl\/AVvXsEjIg4F0lHHgUddsfKdJaqUk7n6jNudQF69ctzMCnZ6hp48TBZwvMFmgABJYxEvJy2GKoi5tmUP8zIoypEgcVjBHlqlgheU1cqH8V6sQIjxsRsVVrNkVORe2KEIt9Rv46yBwUpJeWu3ULzA\/s400\/FOTO+ENTREVISTA+CADENA+SER+ALC%25C3%2581ZAR+AGOSTO+2015.jpg\" width=\"400\" \/><\/a><\/td>\n<\/tr>\n<tr>\n<td class=\"tr-caption\" style=\"text-align: center\">Entrevista en la CADENA SER de Alc\u00e1zar<\/td>\n<\/tr>\n<\/tbody>\n<\/table>\n<div align=\"left\" class=\"MsoBodyText\">\n<span style=\"font-family: Arial, Helvetica, sans-serif\">Con motivo de la celebraci\u00f3n del torneo de feria en Alc\u00e1zar de San Juan la Cadena SER realiz\u00f3 un reportaje con varios alumnos de la escuela de Alc\u00e1zar. El pasado lunes por la ma\u00f1ana, Marta Espinosa, Arturo Mate y Enrique Velasco, respondieron a las preguntas de Alicia Anaya sobre su afici\u00f3n por el ajedrez.<\/span><\/div>\n","protected":false},"excerpt":{"rendered":"<p>Un invitado de honor: el trofeo en la sala de juego del Torneo de Alc\u00e1zar La gran respuesta obtenida de los&nbsp; j\u00f3venes jugadores de los clubes que forman el proyecto NUESTRO AJEDREZ EN EUROPA, ha servido para rozar de nuevo la cifra de 50 participantes en el Torneo de Feria de Alc\u00e1zar. En cuanto a [&hellip;]<\/p>\n","protected":false},"author":1,"featured_media":1804,"comment_status":"open","ping_status":"closed","sticky":false,"template":"","format":"standard","meta":{"footnotes":""},"categories":[1],"tags":[],"class_list":["post-1803","post","type-post","status-publish","format-standard","has-post-thumbnail","hentry","category-noticias"],"_links":{"self":[{"href":"https:\/\/www.bfv.cloud\/ajedrezeuropa\/wp-json\/wp\/v2\/posts\/1803","targetHints":{"allow":["GET"]}}],"collection":[{"href":"https:\/\/www.bfv.cloud\/ajedrezeuropa\/wp-json\/wp\/v2\/posts"}],"about":[{"href":"https:\/\/www.bfv.cloud\/ajedrezeuropa\/wp-json\/wp\/v2\/types\/post"}],"author":[{"embeddable":true,"href":"https:\/\/www.bfv.cloud\/ajedrezeuropa\/wp-json\/wp\/v2\/users\/1"}],"replies":[{"embeddable":true,"href":"https:\/\/www.bfv.cloud\/ajedrezeuropa\/wp-json\/wp\/v2\/comments?post=1803"}],"version-history":[{"count":1,"href":"https:\/\/www.bfv.cloud\/ajedrezeuropa\/wp-json\/wp\/v2\/posts\/1803\/revisions"}],"predecessor-version":[{"id":1813,"href":"https:\/\/www.bfv.cloud\/ajedrezeuropa\/wp-json\/wp\/v2\/posts\/1803\/revisions\/1813"}],"wp:featuredmedia":[{"embeddable":true,"href":"https:\/\/www.bfv.cloud\/ajedrezeuropa\/wp-json\/wp\/v2\/media\/1804"}],"wp:attachment":[{"href":"https:\/\/www.bfv.cloud\/ajedrezeuropa\/wp-json\/wp\/v2\/media?parent=1803"}],"wp:term":[{"taxonomy":"category","embeddable":true,"href":"https:\/\/www.bfv.cloud\/ajedrezeuropa\/wp-json\/wp\/v2\/categories?post=1803"},{"taxonomy":"post_tag","embeddable":true,"href":"https:\/\/www.bfv.cloud\/ajedrezeuropa\/wp-json\/wp\/v2\/tags?post=1803"}],"curies":[{"name":"wp","href":"https:\/\/api.w.org\/{rel}","templated":true}]}}